{"id":651548,"date":"2026-01-09T11:26:12","date_gmt":"2026-01-09T11:26:12","guid":{"rendered":"https:\/\/www.europesays.com\/fr\/651548\/"},"modified":"2026-01-09T11:26:12","modified_gmt":"2026-01-09T11:26:12","slug":"voici-les-prenoms-les-plus-donnes-aux-bebes-nes-en-2025","status":"publish","type":"post","link":"https:\/\/www.europesays.com\/fr\/651548\/","title":{"rendered":"voici les pr\u00e9noms les plus donn\u00e9s aux b\u00e9b\u00e9s n\u00e9s en 2025"},"content":{"rendered":"<p>                    Par<br \/>\n        <strong><br \/>\n            <a href=\"https:\/\/actu.fr\/auteur\/pierre-emile-bouchy-actu-fr\" title=\"Consulter tous les articles de Paul-Emile Bouchy\" target=\"_blank\" rel=\"noopener\">Paul-Emile Bouchy<\/a><br \/>\n                    <\/strong><\/p>\n<p>        Publi\u00e9 le<\/p>\n<p>            9 janv. 2026 \u00e0 10h27        <\/p>\n<p>Durant l\u2019ann\u00e9e 2025, <strong>4\u2009278 b\u00e9b\u00e9s<\/strong> ont vu le jour \u00e0 <a href=\"https:\/\/actu.fr\/grand-est\/nancy_54395\" target=\"_blank\" rel=\"noopener\">Nancy<\/a> (Meurthe-et-Moselle). Un chiffre l\u00e9g\u00e8rement en baisse par rapport aux deux ann\u00e9es pr\u00e9c\u00e9dentes\u2009: 4\u2009544 naissances en 2024 et 4 523 naissances en 2023.<\/p>\n<p class=\" wall-content\">Mais quels sont <strong>les pr\u00e9noms qui ont \u00e9t\u00e9 les plus donn\u00e9s dans la cit\u00e9 ducale l\u2019an dernier<\/strong>\u2009? On vous d\u00e9voile le classement.<\/p>\n<p>Sans surprise\u2026 Jade et Gabriel arrivent en t\u00eate<\/p>\n<p class=\" wall-content\">Chez les filles, les pr\u00e9noms les plus donn\u00e9s sont\u2009:<\/p>\n<ul class=\" wall-content\">\n<li><strong>Jade<\/strong> (26\u00a0fois)<\/li>\n<li><strong>Jeanne<\/strong> (16\u00a0fois)<\/li>\n<li><strong>Ad\u00e8le et Alice<\/strong> (15\u00a0fois)<\/li>\n<\/ul>\n<p class=\" wall-content\">Chez les gar\u00e7ons, voici le top\u00a03\u2009:<\/p>\n<ul class=\" wall-content\">\n<li><strong>Gabriel<\/strong> (25\u00a0fois)<\/li>\n<li><strong>L\u00e9on<\/strong> (22\u00a0fois)<\/li>\n<li><strong>L\u00e9o<\/strong> (21\u00a0fois)<\/li>\n<\/ul>\n<p class=\" wall-content\">Il n\u2019y a pas de r\u00e9elle surprise \u00e0 voir Jade et Gabriel occuper les premi\u00e8res places\u2009: ces deux pr\u00e9noms \u00e9taient d\u00e9j\u00e0 <a href=\"https:\/\/actu.fr\/societe\/prenoms-les-plus-donnes-en-2024-voici-ceux-qui-arrivent-en-tete-en-lorraine_62893476.html\" target=\"_blank\" rel=\"noopener\">les plus donn\u00e9s en 2024 en Lorraine<\/a>.<\/p>\n<p class=\" wall-content\">Personnalisez votre actualit\u00e9 en ajoutant vos villes et m\u00e9dias en favori avec <a href=\"https:\/\/moncompte.actu.fr\" title=\"D\u00e9couvez Mon Actu\" rel=\"nofollow noopener\" data-trk=\"{&quot;cta&quot;:{&quot;action&quot;:&quot;https:\\\/\\\/moncompte.actu.fr&quot;,&quot;category&quot;:&quot;mon compte&quot;,&quot;from&quot;:&quot;article footer&quot;,&quot;name&quot;:&quot;Mon actu&quot;,&quot;type&quot;:&quot;cta&quot;}}\" target=\"_blank\">Mon Actu<\/a>.<\/p>\n","protected":false},"excerpt":{"rendered":"Par Paul-Emile Bouchy Publi\u00e9 le 9 janv. 2026 \u00e0 10h27 Durant l\u2019ann\u00e9e 2025, 4\u2009278 b\u00e9b\u00e9s ont vu le&hellip;\n","protected":false},"author":2,"featured_media":651549,"comment_status":"","ping_status":"","sticky":false,"template":"","format":"standard","meta":{"footnotes":""},"categories":[9635],"tags":[1111,11,1777,674,1011,27,775,1702,12,25,104],"class_list":{"0":"post-651548","1":"post","2":"type-post","3":"status-publish","4":"format-standard","5":"has-post-thumbnail","7":"category-nancy","8":"tag-actu","9":"tag-actualites","10":"tag-eu","11":"tag-europe","12":"tag-fr","13":"tag-france","14":"tag-grand-est","15":"tag-nancy","16":"tag-news","17":"tag-republique-francaise","18":"tag-societe"},"share_on_mastodon":{"url":"https:\/\/pubeurope.com\/@fr\/115864901051980579","error":""},"_links":{"self":[{"href":"https:\/\/www.europesays.com\/fr\/wp-json\/wp\/v2\/posts\/651548","targetHints":{"allow":["GET"]}}],"collection":[{"href":"https:\/\/www.europesays.com\/fr\/wp-json\/wp\/v2\/posts"}],"about":[{"href":"https:\/\/www.europesays.com\/fr\/wp-json\/wp\/v2\/types\/post"}],"author":[{"embeddable":true,"href":"https:\/\/www.europesays.com\/fr\/wp-json\/wp\/v2\/users\/2"}],"replies":[{"embeddable":true,"href":"https:\/\/www.europesays.com\/fr\/wp-json\/wp\/v2\/comments?post=651548"}],"version-history":[{"count":0,"href":"https:\/\/www.europesays.com\/fr\/wp-json\/wp\/v2\/posts\/651548\/revisions"}],"wp:featuredmedia":[{"embeddable":true,"href":"https:\/\/www.europesays.com\/fr\/wp-json\/wp\/v2\/media\/651549"}],"wp:attachment":[{"href":"https:\/\/www.europesays.com\/fr\/wp-json\/wp\/v2\/media?parent=651548"}],"wp:term":[{"taxonomy":"category","embeddable":true,"href":"https:\/\/www.europesays.com\/fr\/wp-json\/wp\/v2\/categories?post=651548"},{"taxonomy":"post_tag","embeddable":true,"href":"https:\/\/www.europesays.com\/fr\/wp-json\/wp\/v2\/tags?post=651548"}],"curies":[{"name":"wp","href":"https:\/\/api.w.org\/{rel}","templated":true}]}}