{"id":651550,"date":"2026-01-09T11:27:10","date_gmt":"2026-01-09T11:27:10","guid":{"rendered":"https:\/\/www.europesays.com\/fr\/651550\/"},"modified":"2026-01-09T11:27:10","modified_gmt":"2026-01-09T11:27:10","slug":"le-president-et-proprietaire-du-rct-bernard-lemaitre-annonce-quil-veut-quitter-mayol","status":"publish","type":"post","link":"https:\/\/www.europesays.com\/fr\/651550\/","title":{"rendered":"le pr\u00e9sident et propri\u00e9taire du RCT Bernard Lema\u00eetre annonce qu&rsquo;il veut quitter Mayol"},"content":{"rendered":"<p>\u00c0 87 ans, <a href=\"https:\/\/www.laprovence.com\/article\/economie\/1628577864734114\/trophees-de-leconomie-bernard-lemaitre-l-homme-qui-fait-de-stedim-a-aubagne-un-geant-de-la-biotech\" target=\"_blank\" rel=\"noopener\">Bernard Lema\u00eetre<\/a> a accept\u00e9 de vieillir, mais ne supporte plus les rides de son stade. Le pr\u00e9sident et propri\u00e9taire du RC Toulonnais a accord\u00e9 une <a href=\"https:\/\/www.lequipe.fr\/Rugby\/Article\/Pour-l-avenir-de-toulon-bernard-lemaitre-mise-sur-un-nouveau-mayol-il-faut-se-diriger-vers-la-construction-d-un-stade-c-est-ineluctable\/1632057\" target=\"_blank\" rel=\"noopener\">interview au journal L&rsquo;\u00c9quipe<\/a> dans laquelle il a insist\u00e9 sur l&rsquo;importance d&rsquo;\u00e9crire une nouvelle page dans l&rsquo;histoire du club varois, in\u00e9vitablement loin de Mayol.<\/p>\n<p>\u00ab\u00a0Il y a des handicaps qui nous limitent dans la cr\u00e9ation de nos revenus. En particulier tous les revenus qui peuvent se cr\u00e9er autour de l&rsquo;exploitation d&rsquo;un stade. Mayol a son \u00e2ge (il a \u00e9t\u00e9 inaugur\u00e9 en 1920). Il est compl\u00e8tement inadapt\u00e9 \u00e0 une exploitation moderne, affirme l&rsquo;entrepreneur. Elle est limit\u00e9e \u00e0 un match tous les quinze jours puisque l&rsquo;on n&rsquo;a pas le droit d&rsquo;y faire autre chose que du rugby. Cela nous prive de cinq \u00e0 dix millions d&rsquo;euros en mati\u00e8re d&rsquo;hospitalit\u00e9s. Soit exactement le chiffre qui nous manque <a href=\"https:\/\/www.laprovence.com\/article\/sports\/82663962943552\/rugby-pour-bernard-lemaitre-le-rct-est-en-reconstruction\" target=\"_blank\" rel=\"noopener\">pour \u00e9quilibrer nos comptes<\/a>.\u00a0\u00bb<\/p>\n<p>Bernard Lema\u00eetre dit avoir \u00ab\u00a0pr\u00e9par\u00e9 des dossiers\u00a0\u00bb avec plusieurs candidats aux prochaines \u00e9lections municipales avec la volont\u00e9 de repartir de la base, sur un stade neuf, plut\u00f4t que de r\u00e9nover la mythique enceinte du RCT, limit\u00e9 par des contraintes g\u00e9ographiques et toutes les infrastructures urbaines autour du stade du centre-ville toulonnais. Le pr\u00e9sident vise un projet sur cinq ans et esp\u00e8re atteindre les 20 000 places (Mayol compte environ 16500 places). \u00ab\u00a0Une possibilit\u00e9 existe pour loger le Mayol 2, assez proche du Mayol actuel. Elle est superbe. Mais je ne veux pas vous en dire plus aujourd&rsquo;hui\u00a0\u00bb, laisse-t-il planer.<\/p>\n<p>\u00ab\u00a0Trois offres s\u00e9rieuses\u00a0\u00bb de repreneurs pour le club<\/p>\n<p>La question de l&rsquo;\u00e2ge du doyen des dirigeants de Top 14 a in\u00e9vitablement \u00e9t\u00e9 abord\u00e9e sans concession par l&rsquo;int\u00e9ress\u00e9 \u00ab\u00a0dans les quatre ans qui suivent mon d\u00e9c\u00e8s ou mon indisponibilit\u00e9 quelle qu&rsquo;elle soit, le directeur g\u00e9n\u00e9ral de la holding familiale Fr\u00e9d\u00e9ric Bir (ancien DG du club) se charge de trouver un repreneur et de faire une op\u00e9ration quasiment sans condition. C&rsquo;\u00e9tait important de tout pr\u00e9voir\u00a0\u00bb, assure-t-il en martelant son attachement au RCT.<\/p>\n<p>Lema\u00eetre a d\u00e9j\u00e0 song\u00e9 \u00e0 sa succession mais le patriarche refuse de c\u00e9der son pr\u00e9cieux sous la pr\u00e9cipitation. Il confirme avoir d\u00e9j\u00e0 re\u00e7u plusieurs approches de repreneurs, \u00ab\u00a0mais ils ne remplissaient pas toutes les cases. Et pas seulement financi\u00e8res, poursuit-il. Je pr\u00e9f\u00e9rerais un Fran\u00e7ais \u00e0 un \u00e9tranger car le pr\u00e9sident du RCT est un homme public m\u00eame s&rsquo;il est discret comme moi. On a eu trois offres s\u00e9rieuses. On y a pass\u00e9 beaucoup de temps mais au bout d&rsquo;un moment je les ai d\u00e9courag\u00e9s car ils n&rsquo;allaient pas faire la maille.\u00a0\u00bb<\/p>\n","protected":false},"excerpt":{"rendered":"\u00c0 87 ans, Bernard Lema\u00eetre a accept\u00e9 de vieillir, mais ne supporte plus les rides de son stade.&hellip;\n","protected":false},"author":2,"featured_media":651551,"comment_status":"","ping_status":"","sticky":false,"template":"","format":"standard","meta":{"footnotes":""},"categories":[9619],"tags":[5734,1111,11,2562,11475,1777,674,1011,27,8240,12,4919,8297,882,3461,25,479,60,2310],"class_list":{"0":"post-651550","1":"post","2":"type-post","3":"status-publish","4":"format-standard","5":"has-post-thumbnail","7":"category-toulon","8":"tag-5734","9":"tag-actu","10":"tag-actualites","11":"tag-annonce","12":"tag-bernard","13":"tag-eu","14":"tag-europe","15":"tag-fr","16":"tag-france","17":"tag-lemaitre","18":"tag-news","19":"tag-president","20":"tag-proprietaire","21":"tag-provence-alpes-cote-dazur","22":"tag-rct","23":"tag-republique-francaise","24":"tag-rugby","25":"tag-sports","26":"tag-toulon"},"share_on_mastodon":{"url":"https:\/\/pubeurope.com\/@fr\/115864904956380067","error":""},"_links":{"self":[{"href":"https:\/\/www.europesays.com\/fr\/wp-json\/wp\/v2\/posts\/651550","targetHints":{"allow":["GET"]}}],"collection":[{"href":"https:\/\/www.europesays.com\/fr\/wp-json\/wp\/v2\/posts"}],"about":[{"href":"https:\/\/www.europesays.com\/fr\/wp-json\/wp\/v2\/types\/post"}],"author":[{"embeddable":true,"href":"https:\/\/www.europesays.com\/fr\/wp-json\/wp\/v2\/users\/2"}],"replies":[{"embeddable":true,"href":"https:\/\/www.europesays.com\/fr\/wp-json\/wp\/v2\/comments?post=651550"}],"version-history":[{"count":0,"href":"https:\/\/www.europesays.com\/fr\/wp-json\/wp\/v2\/posts\/651550\/revisions"}],"wp:featuredmedia":[{"embeddable":true,"href":"https:\/\/www.europesays.com\/fr\/wp-json\/wp\/v2\/media\/651551"}],"wp:attachment":[{"href":"https:\/\/www.europesays.com\/fr\/wp-json\/wp\/v2\/media?parent=651550"}],"wp:term":[{"taxonomy":"category","embeddable":true,"href":"https:\/\/www.europesays.com\/fr\/wp-json\/wp\/v2\/categories?post=651550"},{"taxonomy":"post_tag","embeddable":true,"href":"https:\/\/www.europesays.com\/fr\/wp-json\/wp\/v2\/tags?post=651550"}],"curies":[{"name":"wp","href":"https:\/\/api.w.org\/{rel}","templated":true}]}}