{"id":651557,"date":"2026-01-09T11:32:18","date_gmt":"2026-01-09T11:32:18","guid":{"rendered":"https:\/\/www.europesays.com\/fr\/651557\/"},"modified":"2026-01-09T11:32:18","modified_gmt":"2026-01-09T11:32:18","slug":"gros-degats-a-etretat-foyers-prives-delectricite-on-fait-le-point","status":"publish","type":"post","link":"https:\/\/www.europesays.com\/fr\/651557\/","title":{"rendered":"gros d\u00e9g\u00e2ts \u00e0 Etretat, foyers priv\u00e9s d&rsquo;\u00e9lectricit\u00e9&#8230; On fait le point"},"content":{"rendered":"<p>                    Par<br \/>\n        <strong><br \/>\n            <a href=\"https:\/\/actu.fr\/auteur\/vanessa-leroy\" title=\"Consulter tous les articles de Vanessa Leroy\" target=\"_blank\" rel=\"noopener\">Vanessa Leroy<\/a><br \/>\n                    <\/strong><\/p>\n<p>        Publi\u00e9 le<\/p>\n<p>            9 janv. 2026 \u00e0 6h45<br \/>\n        ; mis \u00e0 jour le 9 janv. 2026 \u00e0 12h22    <\/p>\n<p>L&rsquo;essentiel<\/p>\n<ul>\n<li>63 300 foyers toujours priv\u00e9s d&rsquo;\u00e9lectricit\u00e9 en Seine-Maritime<\/li>\n<li>Des rafales de vent enregistr\u00e9es \u00e0 156 km\/h au Cap de La H\u00e8ve, 154 km\/h \u00e0 F\u00e9camp<\/li>\n<li>De gros d\u00e9g\u00e2ts \u00e0 Etretat et \u00e0 F\u00e9camp<\/li>\n<\/ul>\n<p>La <strong>vigilance orange \u00ab\u00a0tr\u00e8s fonc\u00e9\u00a0\u00bb vents violents<\/strong> est toujours en cours dans le d\u00e9partement de la <a href=\"https:\/\/actu.fr\/76actu\/\" target=\"_blank\" rel=\"noopener\">Seine-Maritime<\/a> ce vendredi matin suite au passage de la <a href=\"https:\/\/actu.fr\/meteo\/tempete-goretti-la-seine-maritime-en-vigilance-orange-suivez-la-situation-en-direct_63668124.html\" target=\"_blank\" rel=\"noopener\">temp\u00eate Goretti<\/a> sur les c\u00f4tes normandes. Elle est pass\u00e9e en<strong> jaune \u00e0 partir de 8 heures<\/strong>.<\/p>\n<p class=\" wall-content\">Pour rappel, tous <a href=\"https:\/\/actu.fr\/meteo\/tempete-goretti-en-seine-maritime-les-ecoles-colleges-et-lycees-seront-fermes-ce-vendredi_63670038.html\" target=\"_blank\" rel=\"noopener\">les \u00e9tablissements scolaires<\/a> sont ferm\u00e9s aujourd\u2019hui.\u00a0<strong>Les trains ne circulent pas<\/strong> actuellement, le trafic doit reprendre progressivement en fin d\u2019apr\u00e8s-midi.<\/p>\n<p>Suivez notre direct sur la temp\u00eate Goretti en Seine-Maritime :<\/p>\n<p class=\" wall-content\"><strong>12h15 : le point sur les perturbations \u00e0 Yvetot<\/strong><\/p>\n<p class=\" wall-content\">\u00ab\u00a0Les services municipaux sont pleinement mobilis\u00e9s depuis la nuit derni\u00e8re afin de s\u00e9curiser l\u2019espace public et de traiter l\u2019ensemble des situations recens\u00e9es sur le territoire communal\u00a0\u00bb, indique le service communication d\u2019Yvetot dans un communiqu\u00e9.<br \/><strong>Principales interventions en cours ou r\u00e9alis\u00e9es :<\/strong><br \/>\u2022 Manoir du Fay : deux arbres sont tomb\u00e9s sur les talus, obstruant l\u2019acc\u00e8s \u00e0 une propri\u00e9t\u00e9. Un c\u00e2ble Enedis est \u00e9galement pr\u00e9sent au niveau du portail.<br \/>\u2022 Rue de la R\u00e9publique \/ Rue du Petit Fay : un arbre provenant du 22 rue de la R\u00e9publique est tomb\u00e9 rue du Petit Fay, entra\u00eenant la chute d\u2019un c\u00e2ble. La rue est barr\u00e9e entre la rue H\u00e9delin et la rue du Clos des Parts jusqu\u2019\u00e0 l\u2019intervention d\u2019Enedis.<br \/>\u2022 \u00c9cole Cahan Lhermitte : la toiture a \u00e9t\u00e9 l\u00e9g\u00e8rement endommag\u00e9e.<br \/>\u2022 \u00c9cole L\u00e9opoldine Hugo : des bouleaux sont tomb\u00e9s sur la parcelle de l\u2019ancienne annexe. Quelques branches reposent sur la toiture de l\u2019\u00e9cole L\u00e9opoldine Hugo. Une intervention est programm\u00e9e pour leur retrait.<br \/>\u2022 Rue R\u00e9timare (face au coll\u00e8ge) : un arbre est tomb\u00e9 sur un m\u00e2t d\u2019\u00e9clairage public. Les services municipaux proc\u00e8dent \u00e0 son d\u00e9placement dans l\u2019attente de l\u2019intervention d\u2019un prestataire mandat\u00e9 par Log\u00e9al.<br \/>\u2022 Cimeti\u00e8re du Fay : un m\u00e2t d\u2019\u00e9clairage public est tomb\u00e9. La zone a \u00e9t\u00e9 imm\u00e9diatement s\u00e9curis\u00e9e.<\/p>\n<p class=\" wall-content\">\u00ab\u00a0<strong>La situation est globalement ma\u00eetris\u00e9e<\/strong>, bien que certaines interventions restent d\u00e9pendantes de prestataires ext\u00e9rieurs, notamment Enedis. Les services municipaux poursuivent leurs actions et appellent les usagers \u00e0 la plus grande prudence lors de leurs d\u00e9placements\u00a0\u00bb, pr\u00e9cise la municipalit\u00e9.<\/p>\n<p class=\" wall-content\"><strong>11h50 : la Seine-Maritime en vigilance jaune vents violents jusqu\u2019\u00e0 18 heures<\/strong><\/p>\n<p class=\" wall-content\">Le d\u00e9partement de la Seine-Maritime reste plac\u00e9 par M\u00e9t\u00e9o France en vigilance jaune vents violents <strong>jusqu\u2019\u00e0 18 heures<\/strong>. La vigilance jaune pluie-inondation prend fin \u00e0 12 heures.<\/p>\n<p>Vid\u00e9os : en ce moment sur Actu<\/p>\n<p class=\" wall-content\"><strong>10h40 : la casino d\u2019Etretat fortement endommag\u00e9<\/strong><\/p>\n<p>    <img   decoding=\"async\" loading=\"lazy\" src=\"https:\/\/www.europesays.com\/fr\/wp-content\/uploads\/2026\/01\/etretat-casino-tempete-goretti-2-960x640.jpg\" alt=\"Projection de galets, inondations, vents violents, les communes d'Etretat et F\u00e9camp ont \u00e9t\u00e9 particuli\u00e8rement touch\u00e9es par la temp\u00eate Goretti.\" width=\"960\" height=\"640\"\/><br \/>\n    Projection de galets, inondations, vents violents, les communes d\u2019Etretat et F\u00e9camp ont \u00e9t\u00e9 particuli\u00e8rement touch\u00e9es par la temp\u00eate Goretti. (\u00a9EA\/76actu)<\/p>\n<p class=\" wall-content\">La conf\u00e9rence de la sous-pr\u00e9f\u00e8te du Havre Elsa P\u00e9pin et du directeur d\u00e9partemental du Sdis76 Eric Jouanne vient de se terminer \u00e0 Etretat. L\u2019occasion pour les autorit\u00e9s de faire point sur les interventions <strong>cette nuit dans l\u2019ensemble de la Seine-Maritime<\/strong>, suite au passage de la temp\u00eate Goretti :<\/p>\n<p>Votre r\u00e9gion, votre actu !<\/p>\n<p>Recevez chaque jour les infos qui comptent pour vous.<\/p>\n<p>\t<a href=\"https:\/\/actu.fr\/newsletter\" class=\"ac-btn ac-btn--corner ac-btn--medium ac-btn--blue800\" target=\"_blank\" rel=\"noopener\">S&rsquo;incrire<\/a><\/p>\n<ul class=\" wall-content\">\n<li>160 interventions des sapeurs-pompiers depuis jeudi soir<\/li>\n<li>50 routes coup\u00e9es, leur r\u00e9ouverture se fait petit \u00e0 petit<\/li>\n<li>les fronts de mer et falaises sont interdits d\u2019acc\u00e8s jusqu\u2019\u00e0 nouvel ordre<\/li>\n<\/ul>\n<p class=\" wall-content\">Les <strong>plus gros d\u00e9g\u00e2ts se trouvent \u00e0 Etretat et \u00e0 F\u00e9camp<\/strong>.<\/p>\n<p>    <a href=\"https:\/\/www.facebook.com\/plugins\/video.php?height=476&amp;href=https%3A%2F%2Fwww.facebook.com%2Freel%2F1400950831517125%2F&amp;show_text=false&amp;width=350&amp;t=0\" title=\"Ouvrie le lien\" target=\"_blank\" rel=\"noopener\">Cliquez ici pour visualiser le contenu<\/a><\/p>\n<p class=\" wall-content\">Ainsi <strong>\u00e0 Etretat, le casino Joa a \u00e9t\u00e9 fortement endommag\u00e9<\/strong>. Tr\u00e8s choqu\u00e9s, les propri\u00e9taires, qui \u00e9taient \u00e0 l\u2019int\u00e9rieur de l\u2019\u00e9tablissement au moment de la temp\u00eate, ne souhaitent pas prendre la parole pour le moment. \u00ab\u00a0Ils ont eu la peur de leur vie\u00a0\u00bb, indique le directeur du Sdis 76.<\/p>\n<p class=\" wall-content\">Un habitant va \u00e9galement devoir \u00eatre relog\u00e9 car un arbre est tomb\u00e9 sur sa maison.<\/p>\n<p class=\" wall-content\"><strong>A F\u00e9camp<\/strong>, le front de mer a \u00e9galement fortement souffert cette nuit, notamment les restaurants qui se trouvent en front de mer. Un parking souterrain a \u00e9t\u00e9 compl\u00e8tement inond\u00e9.<\/p>\n<p class=\" wall-content\"><strong>10h00 : gros d\u00e9g\u00e2ts \u00e0 Etretat et F\u00e9camp<\/strong><\/p>\n<p class=\" wall-content\">Les communes baln\u00e9aires d\u2019<strong>Etretat et F\u00e9camp<\/strong>, o\u00f9 des <strong>rafales \u00e0 154 km\/h<\/strong> ont \u00e9t\u00e9 enregistr\u00e9es cette nuit, ont particuli\u00e8rement \u00e9t\u00e9 touch\u00e9es par la temp\u00eate Goretti, notamment en front de mer.<\/p>\n<p class=\" wall-content\"><strong>Inondations<\/strong> dues \u00e0 la submersion marine, projections de galets, vents violents\u2026, de nombreux restaurants et habitations ont subi des d\u00e9g\u00e2ts importants.<\/p>\n<p>    <a href=\"https:\/\/www.facebook.com\/plugins\/post.php?href=https%3A%2F%2Fwww.facebook.com%2Faloha.etretat%2Fposts%2Fpfbid0vxEoRXMGZ9Y5n2wWn6aggf39XVBVwJbqRWARxeJ3chDHovuGdo5T3Ran69ZzBfC4l&amp;show_text=true&amp;width=350\" title=\"Ouvrie le lien\" target=\"_blank\" rel=\"noopener\">Cliquez ici pour visualiser le contenu<\/a><\/p>\n<p class=\" wall-content\">Une conf\u00e9rence de presse de la sous-pr\u00e9f\u00e8te de l\u2019arrondissement du Havre et du directeur du Service d\u00e9partemental d\u2019incendie et de secours de la Seine-Maritime, est en cours \u00e0 Etretat ce vendredi matin.<\/p>\n<p class=\" wall-content\"><strong>09h30 : importants d\u00e9g\u00e2ts sur le r\u00e9seau SNCF, reprise tr\u00e8s progressive en fin d\u2019apr\u00e8s-midi<\/strong><\/p>\n<p class=\" wall-content\">Interrompu depuis jeudi soir, le trafic SNCF ne reprendra que tr\u00e8s progressivement \u00ab\u00a0<strong>en fin d\u2019apr\u00e8s-midi sur les lignes Paris-Caen et Paris-Rouen<\/strong>\u00a0\u00bb dans les deux sens. \u00ab\u00a0La temp\u00eate Goretti a violemment touch\u00e9 la Normandie dans la nuit de jeudi \u00e0 vendredi, provoquant de nombreux d\u00e9g\u00e2ts sur le r\u00e9seau ferroviaire normand\u00a0\u00bb, indique la SNCF sur son compte X.<\/p>\n<p class=\" wall-content\">\n<p class=\" wall-content\">\u00ab\u00a0Le gestionnaire d\u2019infrastructure n\u2019est pas en mesure de r\u00e9tablir l\u2019acc\u00e8s \u00e0 la majorit\u00e9 du r\u00e9seau avant samedi. L\u2019ensemble des lignes normandes pourrait \u00eatre remis en service qu\u2019\u00e0 partir de samedi.\u00a0\u00bb<\/p>\n<p class=\" wall-content\"><strong>09h00 : nombreuses chutes d\u2019arbres dans la r\u00e9gion de Rouen<\/strong><\/p>\n<p>    <img   decoding=\"async\" loading=\"lazy\" src=\"https:\/\/www.europesays.com\/fr\/wp-content\/uploads\/2026\/01\/arbre-rouen-960x640.jpg\" alt=\"A Rouen aussi, de nombreuses chutes d'arbres sont observ\u00e9es.\" width=\"960\" height=\"640\"\/><br \/>\n    A Rouen aussi, de nombreuses chutes d\u2019arbres sont observ\u00e9es. (\u00a9Photo transmise)<\/p>\n<p class=\" wall-content\">A Rouen et dans la m\u00e9tropole, de nombreuses chutes d\u2019arbres sont observ\u00e9es \u00e9galement. Comme avenue des Martyrs de la R\u00e9sistance \u00e0 Rouen, indique \u00e0 76actu St\u00e9phanie.<\/p>\n<p class=\" wall-content\"><strong>08h40 : les ponts de Tancarville et Brotonne rouvrent<\/strong><\/p>\n<p class=\" wall-content\"><strong>Le pont de Tancarville est d\u00e9sormais ouvert<\/strong> \u00e0 la circulation des v\u00e9hicules l\u00e9gers (inf\u00e9rieurs \u00e0 3,5 tonnes) uniquement, sans attelage de remorques, caravanes ou campings cars. Il reste ferm\u00e9 aux pi\u00e9tons et aux deux-roues immatricul\u00e9s ou non.<\/p>\n<p class=\" wall-content\"><strong>Le pont de Brotonne est ouvert<\/strong> \u00e0 la circulation pour tous les types de v\u00e9hicules.<\/p>\n<p class=\" wall-content\"><strong>Le pont de Normandie reste ferm\u00e9<\/strong> jusqu\u2019\u00e0 nouvel ordre.<\/p>\n<p class=\" wall-content\">\n<p class=\" wall-content\"><strong>08h30 : des restrictions maintenues<\/strong><\/p>\n<p class=\" wall-content\"><strong>Des mesures de s\u00e9curit\u00e9<\/strong> ont \u00e9t\u00e9 prises jeudi, elles sont maintenues ce vendredi :<br \/>\u2022 Tous les \u00e9tablissements scolaires (\u00e9coles, coll\u00e8ges, lyc\u00e9es, universit\u00e9s, ainsi que les accueils p\u00e9riscolaires) resteront ferm\u00e9s<br \/>\u2022 La circulation des v\u00e9hicules lourds de plus de 7,5 tonnes (y compris les transports en commun, les campings cars et les v\u00e9hicules l\u00e9gers avec remorque) est r\u00e9glement\u00e9e depuis jeudi 8 janvier \u00e0 22 heures, avec une interdiction de d\u00e9passement et un abaissement de la vitesse maximale autoris\u00e9e de 20 km\/h, sur l\u2019ensemble du d\u00e9partement, jusqu\u2019\u00e0 nouvel ordre<br \/>\u2022 L\u2019interdiction d\u2019acc\u00e8s \u00e0 l\u2019ensemble des routes foresti\u00e8res, des sentiers de randonn\u00e9e et des<br \/>massifs forestiers est toujours en vigueur<br \/>\u2022 Une interdiction de circulation des navires de p\u00eache en baie de Seine a \u00e9t\u00e9 mise en place par la pr\u00e9fecture maritime de la Manche jusqu\u2019\u00e0 12 heures ce vendredi<\/p>\n<p class=\" wall-content\"><strong>08h00 : un Fr-Alert retentit, signant la fin de l\u2019alerte m\u00e9t\u00e9o pour vents violents<\/strong><\/p>\n<p>    <img   decoding=\"async\" loading=\"lazy\" src=\"https:\/\/www.europesays.com\/fr\/wp-content\/uploads\/2026\/01\/fr-alert-960x640.jpg\" alt=\"Le dispositif Fr-Alert a retenti ce jeudi matin \u00e0 8 heures pour signaler la fin de l'alerte m\u00e9t\u00e9o en Seine-Maritime.\" width=\"960\" height=\"640\"\/><br \/>\n    Le dispositif Fr-Alert a retenti ce jeudi matin \u00e0 8 heures pour signaler la fin de l\u2019alerte m\u00e9t\u00e9o en Seine-Maritime. (\u00a9VL\/76actu)<\/p>\n<p class=\" wall-content\">Il avait \u00e9t\u00e9 d\u00e9clench\u00e9 jeudi \u00e0 17 heures pour pr\u00e9venir les habitants du danger li\u00e9 aux conditions m\u00e9t\u00e9orologiques. Un Fr-Alert a de nouveau retenti ce jeudi \u00e0 8 heures sur les t\u00e9l\u00e9phones portables pour signaler la fin de l\u2019alerte m\u00e9t\u00e9o aux vents violents. Pr\u00e8s de<strong> 1,9 million de personnes<\/strong> ont ainsi \u00e9t\u00e9 inform\u00e9es de la vigilance m\u00e9t\u00e9orologique.<\/p>\n<p class=\" wall-content\"><strong>07h45 : inondations \u00e0 Etretat et \u00e0 F\u00e9camp, port ferm\u00e9 \u00e0 Dieppe<\/strong><\/p>\n<p class=\" wall-content\">L\u2019effet vagues-submersion s\u2019est confirm\u00e9 cette nuit, avec pour cons\u00e9quences notamment la <strong>fermeture du port de Dieppe<\/strong> jusqu\u2019\u00e0 nouvel ordre en raison d\u2019un chenal impraticable du fait des conditions de mer.<\/p>\n<p>    <a href=\"https:\/\/www.facebook.com\/plugins\/video.php?height=476&amp;href=https%3A%2F%2Fwww.facebook.com%2Freel%2F1230748319029857%2F&amp;show_text=false&amp;width=350&amp;t=0\" title=\"Ouvrie le lien\" target=\"_blank\" rel=\"noopener\">Cliquez ici pour visualiser le contenu<\/a><\/p>\n<p class=\" wall-content\">Des <strong>inondations importantes ont \u00e9t\u00e9 constat\u00e9es \u00e0 \u00c9tretat<\/strong>, entra\u00eenant notamment l\u2019<strong>arrachement de la vitrine du casino<\/strong>, <strong>et \u00e0 F\u00e9camp<\/strong>, o\u00f9 des habitations ont \u00e9t\u00e9 touch\u00e9es. Ces inondations ont conduit \u00e0 plusieurs relogements, sans faire de victimes.<\/p>\n<p class=\" wall-content\">\n<p class=\" wall-content\"><strong>07h30 : des habitants relog\u00e9s, une maison en feu au Havre<\/strong><\/p>\n<p>    <img   decoding=\"async\" loading=\"lazy\" src=\"https:\/\/www.europesays.com\/fr\/wp-content\/uploads\/2026\/01\/havre-tempete-goretti-960x640.jpg\" alt=\"Des rafales de vent jusqu'\u00e0 156 km\/h ont \u00e9t\u00e9 enregistr\u00e9es en Seine-Maritime dans la nuit de jeudi \u00e0 vendredi. Plusieurs arbres ont \u00e9t\u00e9 d\u00e9racin\u00e9s, comme ici avenue Foch, au Havre.\" width=\"960\" height=\"640\"\/><br \/>\n    Des rafales de vent jusqu\u2019\u00e0 156 km\/h ont \u00e9t\u00e9 enregistr\u00e9es en Seine-Maritime dans la nuit de jeudi \u00e0 vendredi. Plusieurs arbres ont \u00e9t\u00e9 d\u00e9racin\u00e9s, comme ici avenue Foch, au Havre. (\u00a9EA\/76actu)<\/p>\n<p class=\" wall-content\">\u00ab\u00a0\u00c0 ce stade, <strong>aucune victime n\u2019est \u00e0 d\u00e9plorer<\/strong>. A 6 heures, 17 personnes ont d\u00fb \u00eatre relog\u00e9es dans la nuit du 8 au 9 janvier\u00a0\u00bb, indique la pr\u00e9fecture de la Seine-Maritime dans un communiqu\u00e9 de presse.<\/p>\n<p class=\" wall-content\">\u00ab\u00a0115 interventions par les sapeurs-pompiers, principalement pour <strong>des chutes d\u2019arbre<\/strong>, <strong>des d\u00e9gradations d\u2019habitations<\/strong> ou des op\u00e9rations d\u2019ass\u00e8chement de b\u00e2timents en raison du ph\u00e9nom\u00e8ne de submersion marine. <strong>Un incendie d\u2019habitation est \u00e9galement signal\u00e9 au Havre<\/strong> pour lequel l\u2019intervention des secours a \u00e9t\u00e9 compliqu\u00e9e du fait des cons\u00e9quences de la temp\u00eate (c\u00e2bles \u00e9lectrique au sol\u2026)\u00a0\u00bb, ajoute les services de l\u2019Etat. Le pavillon se trouve rue Ernest-Lavisse dans le quartier de Dollemard.<\/p>\n<p class=\" wall-content\">Plusieurs chutes d\u2019arbres ont \u00e9t\u00e9 enregistr\u00e9es \u00ab\u00a0principalement sur des routes d\u00e9partementales\u00a0\u00bb. \u00ab\u00a0A 6 heures, \u00e9taient encore concern\u00e9es la RD6015 au niveau de Barentin et la RD489 \u00e0 hauteur d\u2019Epouville. \u00c0 noter, la <strong>chute d\u2019un arbre de grande taille<\/strong> (45 m\u00e8tres) a touch\u00e9 cinq logements \u00e0 Roncherolles-sur-le-Vivier, n\u00e9cessitant le relogement des occupants\u00a0\u00bb, pr\u00e9cise la pr\u00e9fecture.<\/p>\n<p class=\" wall-content\">\n<p class=\" wall-content\"><strong>07h15 : 63 300 foyers priv\u00e9s d\u2019\u00e9lectricit\u00e9 en Seine-Maritime<\/strong><\/p>\n<p class=\" wall-content\">Suite au passage de la temp\u00eate Goretti, Enedis fait \u00e9tat de 380 000 foyers priv\u00e9s d\u2019\u00e9lectricit\u00e9 en France le vendredi 9 janvier \u00e0 6 heures dont 266 200 en Normandie. <strong>En Seine-Maritime, 63 300 foyers n\u2019ont pas de courant<\/strong>. Tout le d\u00e9partement est concern\u00e9. Les techniciens<br \/>d\u2019Enedis sont pleinement mobilis\u00e9s pour r\u00e9tablir la situation au plus vite.<\/p>\n<p class=\" wall-content\">Enedis donne quelques consignes de s\u00e9curit\u00e9, notamment de ne jamais toucher un fil \u00e9lectrique \u00e0 terre et de le signaler imm\u00e9diatement, et en cas d\u2019utilisation d\u2019un groupe \u00e9lectrog\u00e8ne individuel, le placer \u00e0 l\u2019ext\u00e9rieur de l\u2019habitation et penser \u00e0 couper le disjoncteur.<\/p>\n<p class=\" wall-content\"><strong>07h00 : le point sur les bus et tramway LiA au Havre<\/strong><\/p>\n<p class=\" wall-content\">Au Havre, <strong>le r\u00e9seau LiA est tr\u00e8s perturb\u00e9<\/strong> ce jeudi.<\/p>\n<p class=\" wall-content\">Lignes de bus FlexiLiA : 15, 18, et 25 ; les services de transport \u00e0 la demande : MobiFiL, FiLBus et LiA de Nuit ; les agences LiA et LiAv\u00e9los fonctionnent normalement.<br \/>Les lignes fonctionnant en horaires du samedi : tramway A\/B<br \/>Bus C1, C2, C3, C4, C5, C6, C7, C8, 9, 10,\u00a011*, 11E*, 12, 13, 14, 16, 17, 19, 20 et 21<br \/>*Les horaires des lignes 11 et 11Express seront assur\u00e9s aux horaires habituels.<\/p>\n<p class=\" wall-content\">Le funiculaire et les lignes compl\u00e9mentaires 60, 70, 71, 91, MFR et SEGPA ne circulent pas.<\/p>\n<p class=\" wall-content\"><strong>06h45 : de nombreux arbres couch\u00e9s sur les routes<\/strong><\/p>\n<p class=\" wall-content\">De nombreux arbres sont couch\u00e9s sur les routes seinomarines, comme \u00e0 Montivilliers, Harfleur ou encore Oudalle, compliquant la circulation automobile.<\/p>\n<p>    <a href=\"https:\/\/www.facebook.com\/plugins\/video.php?height=476&amp;href=https%3A%2F%2Fwww.facebook.com%2Freel%2F1444284447261407%2F&amp;show_text=false&amp;width=350&amp;t=0\" title=\"Ouvrie le lien\" target=\"_blank\" rel=\"noopener\">Cliquez ici pour visualiser le contenu<\/a><\/p>\n<p class=\" wall-content\"><strong>06h30 : 604 appels et 66 interventions des pompiers depuis hier soir<\/strong><\/p>\n<p class=\" wall-content\">Entre le jeudi 8 janvier 2026, 21 heures, et le vendredi 9 janvier, 4 heures, le centre de traitement de l\u2019alerte du service d\u00e9partemental d\u2019incendie et de secours de Seine-Maritime a re\u00e7u <strong>604 appels<\/strong>.<\/p>\n<p class=\" wall-content\"><strong>Voici les chiffres communiqu\u00e9s par le Sdis 76 :<\/strong><\/p>\n<ul class=\" wall-content\">\n<li>66 interventions li\u00e9es \u00e0 l\u2019\u00e9v\u00e9nement<\/li>\n<li>288 sapeurs-pompiers au total engag\u00e9s sur ces interventions<\/li>\n<li>1 095 sapeurs-pompiers disponibles<\/li>\n<\/ul>\n<p class=\" wall-content\"><strong>06h15 : 156 km\/h relev\u00e9s au Cap de La H\u00e8ve<\/strong><\/p>\n<p class=\" wall-content\">De fortes rafales de vent ont \u00e9t\u00e9 enregistr\u00e9es dans la nuit de jeudi \u00e0 vendredi. Ainsi, \u00e0 2 heurs du matin,<strong> 156 km\/h ont \u00e9t\u00e9 relev\u00e9s au Cap de La H\u00e8ve<\/strong> \u00e0 Sainte-Adresse, pr\u00e8s du Havre, et <strong>154 km\/h \u00e0 F\u00e9camp<\/strong>.<\/p>\n<p>Suivez l\u2019actualit\u00e9 de Rouen <a href=\"https:\/\/www.whatsapp.com\/channel\/0029VaKfnf99hXF2ddApFB1D\" target=\"_blank\" rel=\"noopener\">sur notre cha\u00eene WhatsApp<\/a> et <a href=\"https:\/\/www.tiktok.com\/@76actu.fr?lang=fr\" target=\"_blank\" rel=\"noopener\">sur notre compte TikTok<\/a>Suivez l\u2019actualit\u00e9 du Havre <a href=\"https:\/\/www.whatsapp.com\/channel\/0029VaFqJYE8aKvLBwVrEe0o\" target=\"_blank\" rel=\"noopener\">sur notre cha\u00eene WhatsApp<\/a> et <a href=\"https:\/\/www.tiktok.com\/@76actu.fr?lang=fr\" target=\"_blank\" rel=\"noopener\">sur notre compte TikTok<\/a><\/p>\n<p class=\" wall-content\">Personnalisez votre actualit\u00e9 en ajoutant vos villes et m\u00e9dias en favori avec <a href=\"https:\/\/moncompte.actu.fr\" title=\"D\u00e9couvez Mon Actu\" rel=\"nofollow noopener\" data-trk=\"{&quot;cta&quot;:{&quot;action&quot;:&quot;https:\\\/\\\/moncompte.actu.fr&quot;,&quot;category&quot;:&quot;mon compte&quot;,&quot;from&quot;:&quot;article footer&quot;,&quot;name&quot;:&quot;Mon actu&quot;,&quot;type&quot;:&quot;cta&quot;}}\" target=\"_blank\">Mon Actu<\/a>.<\/p>\n<p>                    <script async src=\"\/\/www.tiktok.com\/embed.js\"><\/script><\/p>\n","protected":false},"excerpt":{"rendered":"Par Vanessa Leroy Publi\u00e9 le 9 janv. 2026 \u00e0 6h45 ; mis \u00e0 jour le 9 janv. 2026&hellip;\n","protected":false},"author":2,"featured_media":651558,"comment_status":"","ping_status":"","sticky":false,"template":"","format":"standard","meta":{"footnotes":""},"categories":[9587],"tags":[1111,11,1777,674,1011,27,3059,2487,2357,12,5161,25,9590,75296],"class_list":{"0":"post-651557","1":"post","2":"type-post","3":"status-publish","4":"format-standard","5":"has-post-thumbnail","7":"category-rouen","8":"tag-actu","9":"tag-actualites","10":"tag-eu","11":"tag-europe","12":"tag-fr","13":"tag-france","14":"tag-intemperies","15":"tag-meteo","16":"tag-meteo-france","17":"tag-news","18":"tag-normandie","19":"tag-republique-francaise","20":"tag-rouen","21":"tag-tempete-goretti"},"share_on_mastodon":{"url":"https:\/\/pubeurope.com\/@fr\/115864924644103516","error":""},"_links":{"self":[{"href":"https:\/\/www.europesays.com\/fr\/wp-json\/wp\/v2\/posts\/651557","targetHints":{"allow":["GET"]}}],"collection":[{"href":"https:\/\/www.europesays.com\/fr\/wp-json\/wp\/v2\/posts"}],"about":[{"href":"https:\/\/www.europesays.com\/fr\/wp-json\/wp\/v2\/types\/post"}],"author":[{"embeddable":true,"href":"https:\/\/www.europesays.com\/fr\/wp-json\/wp\/v2\/users\/2"}],"replies":[{"embeddable":true,"href":"https:\/\/www.europesays.com\/fr\/wp-json\/wp\/v2\/comments?post=651557"}],"version-history":[{"count":0,"href":"https:\/\/www.europesays.com\/fr\/wp-json\/wp\/v2\/posts\/651557\/revisions"}],"wp:featuredmedia":[{"embeddable":true,"href":"https:\/\/www.europesays.com\/fr\/wp-json\/wp\/v2\/media\/651558"}],"wp:attachment":[{"href":"https:\/\/www.europesays.com\/fr\/wp-json\/wp\/v2\/media?parent=651557"}],"wp:term":[{"taxonomy":"category","embeddable":true,"href":"https:\/\/www.europesays.com\/fr\/wp-json\/wp\/v2\/categories?post=651557"},{"taxonomy":"post_tag","embeddable":true,"href":"https:\/\/www.europesays.com\/fr\/wp-json\/wp\/v2\/tags?post=651557"}],"curies":[{"name":"wp","href":"https:\/\/api.w.org\/{rel}","templated":true}]}}