{"id":651559,"date":"2026-01-09T11:34:09","date_gmt":"2026-01-09T11:34:09","guid":{"rendered":"https:\/\/www.europesays.com\/fr\/651559\/"},"modified":"2026-01-09T11:34:09","modified_gmt":"2026-01-09T11:34:09","slug":"meteo-la-neige-est-deja-de-retour-a-grenoble-et-en-isere-a-quoi-sattendre","status":"publish","type":"post","link":"https:\/\/www.europesays.com\/fr\/651559\/","title":{"rendered":"M\u00e9t\u00e9o. La neige est d\u00e9j\u00e0 de retour \u00e0 Grenoble et en Is\u00e8re : \u00e0 quoi s&rsquo;attendre"},"content":{"rendered":"<p>                    Par<br \/>\n        <strong><br \/>\n            <a href=\"https:\/\/actu.fr\/auteur\/redaction-grenoble\" title=\"Consulter tous les articles de R\u00e9daction Grenoble\" target=\"_blank\" rel=\"noopener\">R\u00e9daction Grenoble<\/a><br \/>\n                    <\/strong><\/p>\n<p>        Publi\u00e9 le<\/p>\n<p>            9 janv. 2026 \u00e0 10h57        <\/p>\n<p>Jusqu\u2019\u00e0 9\u00b0C pr\u00e9vus \u00e0 <a href=\"https:\/\/actu.fr\/grenoble\/\" target=\"_blank\" rel=\"noopener\">Grenoble<\/a> vendredi 9 janvier : c\u2019est quasi 10 degr\u00e9s de plus par rapport aux temp\u00e9ratures moyennes du d\u00e9but de semaine. Une hausse du mercure qui ne devrait toutefois pas durer : le froid et la neige devraient faire leur retour d\u00e8s la fin de journ\u00e9e.<\/p>\n<p class=\" wall-content\">\u00ab\u00a0Ce redoux tr\u00e8s sensible n\u2019est que temporaire car les temp\u00e9ratures devraient progressivement baisser en cours de journ\u00e9e et surtout ce soir sous des averses qui deviendront muscl\u00e9es cet apr\u00e8s-midi\u00a0\u00bb, pr\u00e9vient <a href=\"https:\/\/www.facebook.com\/meteocentreisere\" target=\"_blank\" rel=\"noopener\">M\u00e9t\u00e9o Centre-Is\u00e8re<\/a>.<\/p>\n<p>Des flocons d\u00e8s 300 m cette nuit<\/p>\n<p class=\" wall-content\">Ces fameuses averses vont se transformer dans la soir\u00e9e en <a href=\"https:\/\/actu.fr\/auvergne-rhone-alpes\/grenoble_38185\/meteo-un-fort-episode-de-neige-se-confirme-a-grenoble-et-en-isere-voici-quand_63662574.html\" target=\"_blank\" rel=\"noopener\">chutes de neige<\/a> sur une large partie de <a href=\"https:\/\/actu.fr\/auvergne-rhone-alpes\/isere_38\" target=\"_blank\" rel=\"noopener\">l\u2019Is\u00e8re<\/a>, confirment les cartes de M\u00e9t\u00e9o-France. De la <strong>pluie m\u00eal\u00e9e \u00e0 des flocons<\/strong> est ainsi attendue \u00e0 Voiron ou Saint-Marcellin.<\/p>\n<p class=\" wall-content\">De la neige d\u00e8s 500 m est ainsi possible en soir\u00e9e, pr\u00e9cise M\u00e9t\u00e9o Centre-Is\u00e8re. \u00ab\u00a0La nuit prochaine, les averses se poursuivront et la limite pluie-neige s\u2019abaissera entre la plaine et 300 m d\u2019altitude d\u2019ici la fin de nuit.\u00a0\u00bb<\/p>\n<p>    <a href=\"https:\/\/www.facebook.com\/plugins\/post.php?href=https%3A%2F%2Fwww.facebook.com%2Fmeteocentreisere%2Fposts%2Fpfbid034pJJYeDwzhCJq8oUN4KvWhsc4vs8eLzSQ6D3bSw7kb8HkTkitTSfBCyD7mryXMw8l&amp;show_text=true&amp;width=350\" title=\"Ouvrie le lien\" target=\"_blank\" rel=\"noopener\">Cliquez ici pour visualiser le contenu<\/a><\/p>\n<p class=\" wall-content\">\u00c0 Grenoble, des flocons pourront tomber dans la nuit, mais c\u2019est surtout pour la journ\u00e9e de samedi 10 janvier que la neige pourrait recouvrir \u00e0 nouveau la capitale des Alpes, selon <a href=\"https:\/\/www.meteo-grenoble.com\/\" target=\"_blank\" rel=\"noopener\">M\u00e9t\u00e9o Grenoble<\/a>.\u00a0<\/p>\n<p class=\" wall-content\">Des flocons d\u00e8s 300 m sont aussi annonc\u00e9s ailleurs en Is\u00e8re pour la journ\u00e9e de samedi.<\/p>\n<p>Votre r\u00e9gion, votre actu !<\/p>\n<p>Recevez chaque jour les infos qui comptent pour vous.<\/p>\n<p>\t<a href=\"https:\/\/actu.fr\/newsletter\" class=\"ac-btn ac-btn--corner ac-btn--medium ac-btn--blue800\" target=\"_blank\" rel=\"noopener\">S&rsquo;incrire<\/a><br \/>\nDe la neige fra\u00eeche en station<\/p>\n<p class=\" wall-content\">En station, d\u2019importantes chutes de neige sont \u00e9galement attendues ce soir et ce week-end, avec jusqu\u2019\u00e0 <strong>plusieurs centim\u00e8tres de neige fra\u00eeche<\/strong> annonc\u00e9s.<\/p>\n<p class=\" wall-content\">Ce devrait notamment \u00eatre le cas \u00e0 <a href=\"https:\/\/actu.fr\/auvergne-rhone-alpes\/villard-de-lans_38548\" target=\"_blank\" rel=\"noopener\">Villard-de-Lans<\/a>, o\u00f9 5 cm de neige sont d\u00e9j\u00e0 tomb\u00e9s ces derni\u00e8res 24 heures, ou \u00e0 Corren\u00e7on-en-Vercors.<\/p>\n<p class=\" wall-content\">En Belledonne, de la poudreuse fra\u00eeche est aussi attendue \u00e0 <a href=\"https:\/\/actu.fr\/auvergne-rhone-alpes\/chamrousse_38567\" target=\"_blank\" rel=\"noopener\">Chamrousse<\/a> ou aux 7 Laux, o\u00f9 plusieurs centim\u00e8tres de neige sont annonc\u00e9s dans la nuit de vendredi \u00e0 samedi. Le ciel devrait ensuite \u00eatre plus d\u00e9gag\u00e9 pour la journ\u00e9e de dimanche.<\/p>\n<p>Fort risque d\u2019avalanches<\/p>\n<p class=\" wall-content\">Face \u00e0 ces fortes pr\u00e9cipitations neigeuses annonc\u00e9es, \u00ab\u00a0la <strong>plus grande prudence est recommand\u00e9e<\/strong> pour la pratique des activit\u00e9s de montagne en dehors des pistes balis\u00e9es et ouvertes, particuli\u00e8rement dans les Alpes\u00a0\u00bb, insiste M\u00e9t\u00e9o-France.<\/p>\n<p class=\" wall-content\">Ces \u00ab\u00a0cumuls importants de neige\u00a0\u00bb accompagn\u00e9s \u00ab\u00a0de vents forts\u00a0\u00bb rendent les couches neigeuses particuli\u00e8rement instables et augmentent le risque d\u2019avalanches.<\/p>\n<p class=\" wall-content\">\n<p class=\" wall-content\">Ce dernier est ainsi fix\u00e9 \u00e0 4 sur 5 sur l\u2019ensemble des massifs alpins, notamment en Belledonne et dans l\u2019Oisans. Il est de 3 sur 5 en Chartreuse et dans le Vercors.<\/p>\n<p class=\" wall-content\">Il est donc recommand\u00e9 de s\u2019\u00e9quiper en cons\u00e9quence et de ne pas sur\u00e9valuer ses capacit\u00e9s pour ne pas se mettre en danger.<\/p>\n<p class=\" wall-content\">Personnalisez votre actualit\u00e9 en ajoutant vos villes et m\u00e9dias en favori avec <a href=\"https:\/\/moncompte.actu.fr\" title=\"D\u00e9couvez Mon Actu\" rel=\"nofollow noopener\" data-trk=\"{&quot;cta&quot;:{&quot;action&quot;:&quot;https:\\\/\\\/moncompte.actu.fr&quot;,&quot;category&quot;:&quot;mon compte&quot;,&quot;from&quot;:&quot;article footer&quot;,&quot;name&quot;:&quot;Mon actu&quot;,&quot;type&quot;:&quot;cta&quot;}}\" target=\"_blank\">Mon Actu<\/a>.<\/p>\n","protected":false},"excerpt":{"rendered":"Par R\u00e9daction Grenoble Publi\u00e9 le 9 janv. 2026 \u00e0 10h57 Jusqu\u2019\u00e0 9\u00b0C pr\u00e9vus \u00e0 Grenoble vendredi 9 janvier&hellip;\n","protected":false},"author":2,"featured_media":651560,"comment_status":"","ping_status":"","sticky":false,"template":"","format":"standard","meta":{"footnotes":""},"categories":[9566],"tags":[1111,11,2430,9545,1777,674,1011,27,2731,2487,10584,12,25],"class_list":{"0":"post-651559","1":"post","2":"type-post","3":"status-publish","4":"format-standard","5":"has-post-thumbnail","7":"category-grenoble","8":"tag-actu","9":"tag-actualites","10":"tag-auvergne-rhone-alpes","11":"tag-avalanches","12":"tag-eu","13":"tag-europe","14":"tag-fr","15":"tag-france","16":"tag-grenoble","17":"tag-meteo","18":"tag-neige","19":"tag-news","20":"tag-republique-francaise"},"share_on_mastodon":{"url":"https:\/\/pubeurope.com\/@fr\/115864932541783595","error":""},"_links":{"self":[{"href":"https:\/\/www.europesays.com\/fr\/wp-json\/wp\/v2\/posts\/651559","targetHints":{"allow":["GET"]}}],"collection":[{"href":"https:\/\/www.europesays.com\/fr\/wp-json\/wp\/v2\/posts"}],"about":[{"href":"https:\/\/www.europesays.com\/fr\/wp-json\/wp\/v2\/types\/post"}],"author":[{"embeddable":true,"href":"https:\/\/www.europesays.com\/fr\/wp-json\/wp\/v2\/users\/2"}],"replies":[{"embeddable":true,"href":"https:\/\/www.europesays.com\/fr\/wp-json\/wp\/v2\/comments?post=651559"}],"version-history":[{"count":0,"href":"https:\/\/www.europesays.com\/fr\/wp-json\/wp\/v2\/posts\/651559\/revisions"}],"wp:featuredmedia":[{"embeddable":true,"href":"https:\/\/www.europesays.com\/fr\/wp-json\/wp\/v2\/media\/651560"}],"wp:attachment":[{"href":"https:\/\/www.europesays.com\/fr\/wp-json\/wp\/v2\/media?parent=651559"}],"wp:term":[{"taxonomy":"category","embeddable":true,"href":"https:\/\/www.europesays.com\/fr\/wp-json\/wp\/v2\/categories?post=651559"},{"taxonomy":"post_tag","embeddable":true,"href":"https:\/\/www.europesays.com\/fr\/wp-json\/wp\/v2\/tags?post=651559"}],"curies":[{"name":"wp","href":"https:\/\/api.w.org\/{rel}","templated":true}]}}