{"id":651563,"date":"2026-01-09T11:36:10","date_gmt":"2026-01-09T11:36:10","guid":{"rendered":"https:\/\/www.europesays.com\/fr\/651563\/"},"modified":"2026-01-09T11:36:10","modified_gmt":"2026-01-09T11:36:10","slug":"a-rennes-la-coordination-rurale-se-mobilise-dans-ce-centre-commercial","status":"publish","type":"post","link":"https:\/\/www.europesays.com\/fr\/651563\/","title":{"rendered":"\u00e0 Rennes, la Coordination rurale se mobilise dans ce centre commercial"},"content":{"rendered":"<p>                    Par<br \/>\n        <strong><br \/>\n            <a href=\"https:\/\/actu.fr\/auteur\/laurene-fertin\" title=\"Consulter tous les articles de Laur\u00e8ne Fertin\" target=\"_blank\" rel=\"noopener\">Laur\u00e8ne Fertin<\/a><br \/>\n                    <\/strong><\/p>\n<p>        Publi\u00e9 le<\/p>\n<p>            9 janv. 2026 \u00e0 11h17        <\/p>\n<p>Ils avaient <a href=\"https:\/\/actu.fr\/bretagne\/rennes_35238\/agriculteurs-en-colere-plusieurs-convois-de-tracteurs-arrivent-sur-la-rocade-de-rennes_63562042.html\" target=\"_blank\" rel=\"noopener\">entam\u00e9 une pr\u00e9c\u00e9dente manifestation, dans les rues de Rennes<\/a>, pour protester <a href=\"https:\/\/actu.fr\/bretagne\/rennes_35238\/colere-des-agriculteurs-pourquoi-des-tracteurs-risquent-de-perturber-le-centre-ville-de-rennes_63558251.html\" target=\"_blank\" rel=\"noopener\">contre le Sage Vilaine,<\/a> jeudi 11\u00a0d\u00e9cembre 2025. Les agriculteurs de la <strong>Coordination rurale<\/strong> sont <strong>de retour<\/strong> dans la capitale bretonne, ce vendredi 9\u00a0janvier 2026, mais cette fois-ci dans le <strong>centre commercial E.Leclerc Cleunay<\/strong>.<\/p>\n<p>\u00ab\u2009La goutte d\u2019eau qui fait d\u00e9border le vase\u2009\u00bb<\/p>\n<p class=\" wall-content\">Dans le viseur des agriculteurs et agricultrices, le <strong>Mercosur.<\/strong> \u00ab\u2009On voit [dans les rayons, N.D.L.R] de nombreux produits \u00e9trangers\u2009\u00bb, expose Joseph Martin, pr\u00e9sident de la Coordination rurale Bretagne. \u00ab\u2009Pourtant, l\u2019\u00c9tat fran\u00e7ais propose de consommer fran\u00e7ais, abonde-t-il. On v\u00e9rifie si E.Leclerc joue le jeu.\u2009\u00bb<\/p>\n<p class=\" wall-content\">Pour rappel, les \u00c9tats membre de l\u2019Union europ\u00e9enne doivent voter, ce vendredi \u00e0 Bruxelles, <strong>l\u2019accord de libre-\u00e9change<\/strong> avec l\u2019Am\u00e9rique latine (Argentine, Br\u00e9sil, Paraguay et Uruguay et la Bolivie), de son nom, le Mercosur. <strong>Emmanuel Macron<\/strong> s\u2019est engag\u00e9 \u00e0 <strong>voter contre<\/strong>. Mais si le Mercosur devait toutefois s\u2019appliquer, les fili\u00e8res agricoles redoutent une concurrence d\u00e9loyale vis-\u00e0-vis de ces \u00c9tats n\u2019ayant pas les m\u00eames restrictions l\u00e9gislatives en termes de r\u00e8gles environnementales ou animales que celles de la France.<\/p>\n<p class=\" wall-content\">Alors dans ce sens, le Mercosur, pour les agriculteurs et agricultrices venus manifester \u00e0 E.Leclerc Cleunay, \u00ab\u2009c\u2019est la goutte d\u2019eau qui fait d\u00e9border le vase\u2009\u00bb.<\/p>\n<p>\u00ab\u2009Trouver le juste milieu\u2009\u00bb<\/p>\n<p class=\" wall-content\">\u00ab\u2009La question est\u2009: comment on veut produire et comment on veut consommer\u2009? On veut de la qualit\u00e9, que l\u2019environnement soit pris en compte et que ce ne soit pas cher\u2009\u00bb, d\u00e9veloppe Joseph Martin.<\/p>\n<blockquote class=\"ac-article-quote wall-content\">\n<p>On ne peut pas accepter ces contradictions-l\u00e0 [&#8230;] Ce n&rsquo;est pas facile pour le consommateur de s&rsquo;y retrouver.\n<\/p>\n<p>    <strong>Joseph Martin<\/strong><br \/>\n        Pr\u00e9sident de la Coordination rurale Bretagne    <\/p><\/blockquote>\n<p>Votre r\u00e9gion, votre actu !<\/p>\n<p>Recevez chaque jour les infos qui comptent pour vous.<\/p>\n<p>\t<a href=\"https:\/\/actu.fr\/newsletter\" class=\"ac-btn ac-btn--corner ac-btn--medium ac-btn--blue800\" target=\"_blank\" rel=\"noopener\">S&rsquo;incrire<\/a><\/p>\n<p class=\" wall-content\">\u00ab\u2009Il faut trouver <strong>le juste milieu<\/strong> entre notre pouvoir d\u2019achat [ceux des agriculteurs, N.D.L.R] et celui des consommateurs\u2009\u00bb, conclut le pr\u00e9sident de la Coordination rurale Bretagne.<\/p>\n<p>Une autre mobilisation<\/p>\n<p class=\" wall-content\"><a href=\"https:\/\/actu.fr\/bretagne\/rennes_35238\/la-democratie-n-est-pas-respectee-a-rennes-ces-agriculteurs-vont-manifester-en-faveur-du-sage-vilaine_63651731.html\" target=\"_blank\" rel=\"noopener\">Samedi 10\u00a0janvier, une nouvelle mobilisation se d\u00e9roulera \u00e0 Rennes.<\/a> <strong>La Conf\u00e9d\u00e9ration paysanne<\/strong>, cette fois, entend d\u00e9noncer la pression r\u00e9alis\u00e9e par la FDSEA, les JA (Jeunes agriculteurs) et la Coordination rurale, afin que le Sage Vilaine ne soit pas vot\u00e9 et appliqu\u00e9.<\/p>\n<p class=\" wall-content\">Selon Charlotte Kerglonou, porte-parole de la Conf\u00e9d\u00e9ration paysanne 35, \u00ab\u2009la qualit\u00e9 de l\u2019eau se d\u00e9grade\u2009\u00bb dans le d\u00e9partement d\u2019Ille-et-Vilaine. Les paysans et paysannes envisagent ainsi cette r\u00e9vision comme<strong> un progr\u00e8s en mati\u00e8re de sant\u00e9 environnementale<\/strong>\u00a0et <strong>de protection de l\u2019eau.<\/strong><\/p>\n<p class=\" wall-content\">Personnalisez votre actualit\u00e9 en ajoutant vos villes et m\u00e9dias en favori avec <a href=\"https:\/\/moncompte.actu.fr\" title=\"D\u00e9couvez Mon Actu\" rel=\"nofollow noopener\" data-trk=\"{&quot;cta&quot;:{&quot;action&quot;:&quot;https:\\\/\\\/moncompte.actu.fr&quot;,&quot;category&quot;:&quot;mon compte&quot;,&quot;from&quot;:&quot;article footer&quot;,&quot;name&quot;:&quot;Mon actu&quot;,&quot;type&quot;:&quot;cta&quot;}}\" target=\"_blank\">Mon Actu<\/a>.<\/p>\n","protected":false},"excerpt":{"rendered":"Par Laur\u00e8ne Fertin Publi\u00e9 le 9 janv. 2026 \u00e0 11h17 Ils avaient entam\u00e9 une pr\u00e9c\u00e9dente manifestation, dans les&hellip;\n","protected":false},"author":2,"featured_media":651564,"comment_status":"","ping_status":"","sticky":false,"template":"","format":"standard","meta":{"footnotes":""},"categories":[2821],"tags":[1111,11,327,829,26141,1777,674,1011,27,12,584,25,104],"class_list":{"0":"post-651563","1":"post","2":"type-post","3":"status-publish","4":"format-standard","5":"has-post-thumbnail","7":"category-rennes","8":"tag-actu","9":"tag-actualites","10":"tag-agriculture","11":"tag-bretagne","12":"tag-coordination-rurale","13":"tag-eu","14":"tag-europe","15":"tag-fr","16":"tag-france","17":"tag-news","18":"tag-rennes","19":"tag-republique-francaise","20":"tag-societe"},"share_on_mastodon":{"url":"https:\/\/pubeurope.com\/@fr\/115864940317911953","error":""},"_links":{"self":[{"href":"https:\/\/www.europesays.com\/fr\/wp-json\/wp\/v2\/posts\/651563","targetHints":{"allow":["GET"]}}],"collection":[{"href":"https:\/\/www.europesays.com\/fr\/wp-json\/wp\/v2\/posts"}],"about":[{"href":"https:\/\/www.europesays.com\/fr\/wp-json\/wp\/v2\/types\/post"}],"author":[{"embeddable":true,"href":"https:\/\/www.europesays.com\/fr\/wp-json\/wp\/v2\/users\/2"}],"replies":[{"embeddable":true,"href":"https:\/\/www.europesays.com\/fr\/wp-json\/wp\/v2\/comments?post=651563"}],"version-history":[{"count":0,"href":"https:\/\/www.europesays.com\/fr\/wp-json\/wp\/v2\/posts\/651563\/revisions"}],"wp:featuredmedia":[{"embeddable":true,"href":"https:\/\/www.europesays.com\/fr\/wp-json\/wp\/v2\/media\/651564"}],"wp:attachment":[{"href":"https:\/\/www.europesays.com\/fr\/wp-json\/wp\/v2\/media?parent=651563"}],"wp:term":[{"taxonomy":"category","embeddable":true,"href":"https:\/\/www.europesays.com\/fr\/wp-json\/wp\/v2\/categories?post=651563"},{"taxonomy":"post_tag","embeddable":true,"href":"https:\/\/www.europesays.com\/fr\/wp-json\/wp\/v2\/tags?post=651563"}],"curies":[{"name":"wp","href":"https:\/\/api.w.org\/{rel}","templated":true}]}}