{"id":651565,"date":"2026-01-09T11:37:10","date_gmt":"2026-01-09T11:37:10","guid":{"rendered":"https:\/\/www.europesays.com\/fr\/651565\/"},"modified":"2026-01-09T11:37:10","modified_gmt":"2026-01-09T11:37:10","slug":"le-planetarium-oblige-de-fermer-un-mois-a-cause-dune-reparation-inattendue","status":"publish","type":"post","link":"https:\/\/www.europesays.com\/fr\/651565\/","title":{"rendered":"le plan\u00e9tarium oblig\u00e9 de fermer un mois \u00e0 cause d&rsquo;une \u00ab\u00a0r\u00e9paration inattendue\u00a0\u00bb"},"content":{"rendered":"<p>                    Par<br \/>\n        <strong><br \/>\n            <a href=\"https:\/\/actu.fr\/auteur\/ivan-capecchi\" title=\"Consulter tous les articles de Ivan CAPECCHI\" target=\"_blank\" rel=\"noopener\">Ivan CAPECCHI<\/a><br \/>\n                    <\/strong><\/p>\n<p>        Publi\u00e9 le<\/p>\n<p>            9 janv. 2026 \u00e0 10h49        <\/p>\n<p>Le <a href=\"https:\/\/actu.fr\/grand-est\/strasbourg_67482\/a-strasbourg-voici-a-quoi-va-ressembler-le-nouveau-planetarium_36207252.html\" target=\"_blank\" rel=\"noopener\">plan\u00e9tarium de Strasbourg<\/a> est ferm\u00e9 depuis le 5 janvier et le restera jusqu\u2019au <strong>6 f\u00e9vrier 2026<\/strong>. En cause, la <strong>\u00ab\u00a0r\u00e9paration inattendue\u00a0\u00bb d\u2019un vid\u00e9o-projecteur d\u00e9fectueux<\/strong>, qui n\u00e9cessite plusieurs semaines d\u2019intervention, a indiqu\u00e9 le Jardin des sciences sur <a href=\"https:\/\/actu.fr\/tag\/facebook\" target=\"_blank\" rel=\"noopener\">Facebook<\/a>.<\/p>\n<p>Le plan\u00e9tarium rouvrira avec un nouveau spectacle<\/p>\n<p class=\" wall-content\">Le public pourra retrouver l\u2019\u00e9quipement d\u00e8s le <strong>7 f\u00e9vrier<\/strong> avec un nouveau <strong>spectacle<\/strong>, La Grande aventure du syst\u00e8me solaire, destin\u00e9 aux <a href=\"https:\/\/actu.fr\/tag\/enfants\" target=\"_blank\" rel=\"noopener\">enfants<\/a> \u00e0 partir de 8 ans. Il proposera un <a href=\"https:\/\/actu.fr\/grand-est\/strasbourg_67482\/a-strasbourg-ce-drole-de-batiment-va-vous-faire-voyager-dans-l-espace-on-vous-explique_59699550.html\" target=\"_blank\" rel=\"noopener\">voyage \u00e0 travers les plan\u00e8tes<\/a>, de Mercure \u00e0 Pluton.<\/p>\n<p class=\" wall-content\">Rouvert en 2023 apr\u00e8s des <a href=\"https:\/\/actu.fr\/tag\/travaux\" target=\"_blank\" rel=\"noopener\">travaux<\/a> de r\u00e9novation, le plan\u00e9tarium est \u00e9quip\u00e9 d\u2019un <strong>d\u00f4me-\u00e9cran de 15 m\u00e8tres de diam\u00e8tre<\/strong> et d\u2019une <strong>projection \u00e0 360\u00b0<\/strong>, permettant une immersion compl\u00e8te dans l\u2019univers.\u00a0<\/p>\n<p class=\" wall-content\">Personnalisez votre actualit\u00e9 en ajoutant vos villes et m\u00e9dias en favori avec <a href=\"https:\/\/moncompte.actu.fr\" title=\"D\u00e9couvez Mon Actu\" rel=\"nofollow noopener\" data-trk=\"{&quot;cta&quot;:{&quot;action&quot;:&quot;https:\\\/\\\/moncompte.actu.fr&quot;,&quot;category&quot;:&quot;mon compte&quot;,&quot;from&quot;:&quot;article footer&quot;,&quot;name&quot;:&quot;Mon actu&quot;,&quot;type&quot;:&quot;cta&quot;}}\" target=\"_blank\">Mon Actu<\/a>.<\/p>\n","protected":false},"excerpt":{"rendered":"Par Ivan CAPECCHI Publi\u00e9 le 9 janv. 2026 \u00e0 10h49 Le plan\u00e9tarium de Strasbourg est ferm\u00e9 depuis le&hellip;\n","protected":false},"author":2,"featured_media":651566,"comment_status":"","ping_status":"","sticky":false,"template":"","format":"standard","meta":{"footnotes":""},"categories":[2820],"tags":[1111,11,1777,674,1011,27,775,12,25,104,853,640,2086],"class_list":{"0":"post-651565","1":"post","2":"type-post","3":"status-publish","4":"format-standard","5":"has-post-thumbnail","7":"category-strasbourg","8":"tag-actu","9":"tag-actualites","10":"tag-eu","11":"tag-europe","12":"tag-fr","13":"tag-france","14":"tag-grand-est","15":"tag-news","16":"tag-republique-francaise","17":"tag-societe","18":"tag-spectacles","19":"tag-strasbourg","20":"tag-travaux"},"share_on_mastodon":{"url":"https:\/\/pubeurope.com\/@fr\/115864944240640542","error":""},"_links":{"self":[{"href":"https:\/\/www.europesays.com\/fr\/wp-json\/wp\/v2\/posts\/651565","targetHints":{"allow":["GET"]}}],"collection":[{"href":"https:\/\/www.europesays.com\/fr\/wp-json\/wp\/v2\/posts"}],"about":[{"href":"https:\/\/www.europesays.com\/fr\/wp-json\/wp\/v2\/types\/post"}],"author":[{"embeddable":true,"href":"https:\/\/www.europesays.com\/fr\/wp-json\/wp\/v2\/users\/2"}],"replies":[{"embeddable":true,"href":"https:\/\/www.europesays.com\/fr\/wp-json\/wp\/v2\/comments?post=651565"}],"version-history":[{"count":0,"href":"https:\/\/www.europesays.com\/fr\/wp-json\/wp\/v2\/posts\/651565\/revisions"}],"wp:featuredmedia":[{"embeddable":true,"href":"https:\/\/www.europesays.com\/fr\/wp-json\/wp\/v2\/media\/651566"}],"wp:attachment":[{"href":"https:\/\/www.europesays.com\/fr\/wp-json\/wp\/v2\/media?parent=651565"}],"wp:term":[{"taxonomy":"category","embeddable":true,"href":"https:\/\/www.europesays.com\/fr\/wp-json\/wp\/v2\/categories?post=651565"},{"taxonomy":"post_tag","embeddable":true,"href":"https:\/\/www.europesays.com\/fr\/wp-json\/wp\/v2\/tags?post=651565"}],"curies":[{"name":"wp","href":"https:\/\/api.w.org\/{rel}","templated":true}]}}