{"id":651568,"date":"2026-01-09T11:39:11","date_gmt":"2026-01-09T11:39:11","guid":{"rendered":"https:\/\/www.europesays.com\/fr\/651568\/"},"modified":"2026-01-09T11:39:11","modified_gmt":"2026-01-09T11:39:11","slug":"cote-dazur-france-tourisme-renforce-son-role-dingenierie-au-service-des","status":"publish","type":"post","link":"https:\/\/www.europesays.com\/fr\/651568\/","title":{"rendered":"C\u00f4te d\u2019Azur France Tourisme renforce son r\u00f4le d\u2019ing\u00e9nierie au service des (\u2026)"},"content":{"rendered":"<p>                    <img loading=\"lazy\" decoding=\"async\" src=\"https:\/\/www.europesays.com\/fr\/wp-content\/uploads\/2026\/01\/e0be00fbb149573fe4d34ad41872da.jpg\" class=\"img-responsive post-image\" width=\"680\" height=\"510\" alt=\"C\u00f4te d'Azur France Touris\" title=\"C\u00f4te d'Azur France Tourisme renforce son r\u00f4le d'ing\u00e9nierie au service des territoires \"\/><\/p>\n<p class=\"chapo\">R\u00e9unie en assembl\u00e9e g\u00e9n\u00e9rale le 8 janvier, C\u00f4te d\u2019Azur France Tourisme a confirm\u00e9 un renforcement de ses missions et l\u2019actualisation de son plan d\u2019actions \u00e0 horizon 2026. L\u2019agence d\u2019attractivit\u00e9 entend d\u00e9sormais aller au-del\u00e0 de la seule promotion de la destination pour accompagner plus \u00e9troitement les communes et les professionnels dans la mont\u00e9e en qualit\u00e9 de l\u2019offre touristique, dans un contexte de fr\u00e9quentation hivernale jug\u00e9 encourageant dans les Alpes-Maritimes.<\/p>\n<p>\u00ab\u00a0C\u00f4te d\u2019Azur France Tourisme acquiert de nouvelles missions d\u2019ing\u00e9nierie. Notre r\u00f4le se renforce\u00a0: au-del\u00e0 de la promotion, nous accompagnons notamment par l\u2019interm\u00e9diaire de quatre labels les territoires et les professionnels dans des d\u00e9marches de qualit\u00e9, d\u2019inclusion et de durabilit\u00e9. C\u2019est un investissement strat\u00e9gique pour l\u2019avenir de la destination C\u00f4te d\u2019Azur France, la pr\u00e9servation et valorisation de son identit\u00e9 et pour un tourisme plus \u00e9quilibr\u00e9 et plus exigeant avec des client\u00e8les en qu\u00eate de qualit\u00e9, d\u2019authenticit\u00e9 et de sens.\u00a0\u00bb d\u00e9taille <strong>Alexandra Borchio Fontimp,<\/strong> Pr\u00e9sidente d\u00e9l\u00e9gu\u00e9e de C\u00f4te d\u2019Azur France Tourisme<\/p>\n<p>Sans se substituer aux acteurs locaux, C\u00f4te d\u2019Azur France Tourisme d\u00e9ploiera une <strong>nouvelle mission d\u2019ing\u00e9nierie touristique transversale<\/strong>, mobilisant plusieurs p\u00f4les de comp\u00e9tences. Objectif affich\u00e9\u00a0: structurer une offre plus qualitative, durable et mieux r\u00e9partie sur l\u2019ensemble du territoire, du littoral \u00e0 la montagne, tout au long de l\u2019ann\u00e9e.<br class=\"texte\"\/><br \/>\nAu c\u0153ur de cette strat\u00e9gie figurent <strong>quatre labels nationaux que l\u2019agence accompagnera d\u00e9sormais de mani\u00e8re active.<\/strong> Il s\u2019agit de <strong>Villes et Villages Fleuris, <\/strong> avec un soutien particulier \u00e0 l\u2019obtention de la premi\u00e8re fleur, de <strong>Tourisme &amp; Handicap <\/strong> pour favoriser l\u2019accessibilit\u00e9, de <strong>Destination d\u2019Excellenc<\/strong>e afin de valoriser les d\u00e9marches globales de qualit\u00e9 et de tourisme durable, et d\u2019<strong>Accueil V\u00e9lo<\/strong>, dans un contexte de forte croissance des mobilit\u00e9s douces. Plus d\u2019une centaine d\u2019\u00e9tablissements sont d\u00e9j\u00e0 labellis\u00e9s dans le d\u00e9partement sur ce dernier volet.<\/p>\n<p>Le plan d\u2019actions 2026 pr\u00e9voit \u00e9galement l\u2019animation d\u2019un club d\u00e9di\u00e9 au tourisme durable, l\u2019actualisation de plusieurs guides th\u00e9matiques (micro-aventures, v\u00e9lo, route des saveurs) et la cr\u00e9ation d\u2019un guide des f\u00eates traditionnelles, destin\u00e9 \u00e0 valoriser les identit\u00e9s locales et les savoir-faire des communes.<\/p>\n<p>Premiers chiffres de la fr\u00e9quentation d\u2019hiver bien orient\u00e9s<\/p>\n<p>Cette mont\u00e9e en gamme intervient dans un environnement conjoncturel favorable. Traditionnellement calme, le mois de d\u00e9cembre 2025 affiche une progression par rapport \u00e0 2024. Le taux d\u2019occupation provisoire de l\u2019h\u00f4tellerie urbaine a atteint 52\u00a0%, en hausse de deux points sur un an, tandis que le RevPAR a progress\u00e9 de 5\u00a0%, port\u00e9 par l\u2019augmentation des prix moyens. La premi\u00e8re quinzaine a \u00e9t\u00e9 particuli\u00e8rement dynamique, notamment \u00e0 Cannes lors de l\u2019ILTM, avec des pics sup\u00e9rieurs \u00e0 90\u00a0% d\u2019occupation. Les locations meubl\u00e9es entre particuliers enregistrent, de leur c\u00f4t\u00e9, un taux d\u2019occupation de 50\u00a0%.<\/p>\n<p>En montagne, les indicateurs sont \u00e9galement bien orient\u00e9s. Gr\u00e2ce \u00e0 un enneigement favorable et \u00e0 une ouverture anticip\u00e9e des stations, le taux d\u2019occupation atteint 66\u00a0% durant la semaine de No\u00ebl et fr\u00f4le les 90\u00a0% au Nouvel An. Les r\u00e9servations restent en avance pour les mois \u00e0 venir, avec des progressions notables en janvier et f\u00e9vrier, y compris sur des p\u00e9riodes habituellement interm\u00e9diaires.<\/p>\n<p>Ces signaux positifs confortent la feuille de route de C\u00f4te d\u2019Azur France Tourisme\u00a0: investir dans la qualit\u00e9 et l\u2019ing\u00e9nierie territoriale pour consolider durablement la performance touristique du d\u00e9partement, tout en r\u00e9pondant aux enjeux de durabilit\u00e9 et d\u2019\u00e9quilibre territorial.<\/p>\n<blockquote class=\"twitter-tweet\">\n<p lang=\"fr\" dir=\"ltr\">Ravie de pr\u00e9sider avec <a href=\"https:\/\/twitter.com\/ca_ginesy?ref_src=twsrc%5Etfw\" target=\"_blank\" rel=\"noopener\">@ca_ginesy<\/a> l\u2019Assembl\u00e9e G\u00e9n\u00e9rale de <a href=\"https:\/\/twitter.com\/ProCotedazur?ref_src=twsrc%5Etfw\" target=\"_blank\" rel=\"noopener\">@ProCotedazur<\/a>.<\/p>\n<p>D\u00e9sormais, notre agence d\u2019attractivit\u00e9 accompagnera 4 labels nationaux, v\u00e9ritables leviers d\u2019attractivit\u00e9\u00a0:<\/p>\n<p>Villes et villages fleuris<br \/>Tourisme &amp; Handicap<br \/>Destination d\u2019Excellence<br \/>Accueil V\u00e9lo <a href=\"https:\/\/t.co\/36trFcMcBD\">pic.twitter.com\/36trFcMcBD<\/a><\/p>\n<p>\u2014 Alexandra BORCHIO FONTIMP (@AlexndraBorchio) <a href=\"https:\/\/twitter.com\/AlexndraBorchio\/status\/2009333306563940845?ref_src=twsrc%5Etfw\" target=\"_blank\" rel=\"noopener\">January 8, 2026<\/a><\/p>\n<\/blockquote>\n<p>Photo de une\u00a0: l\u2019AG du 8 janvier de l\u2019agence azur\u00e9enne de tourisme &#8211; \u00a9Bruno Persico pour C\u00f4te d\u2019Azur France Tourisme<\/p>\n<p>            <script async src=\"https:\/\/platform.twitter.com\/widgets.js\" charset=\"utf-8\"><\/script><\/p>\n","protected":false},"excerpt":{"rendered":"R\u00e9unie en assembl\u00e9e g\u00e9n\u00e9rale le 8 janvier, C\u00f4te d\u2019Azur France Tourisme a confirm\u00e9 un renforcement de ses missions&hellip;\n","protected":false},"author":2,"featured_media":651569,"comment_status":"","ping_status":"","sticky":false,"template":"","format":"standard","meta":{"footnotes":""},"categories":[2819],"tags":[1111,11,2408,1777,674,1011,27,12,2401,882,25],"class_list":{"0":"post-651568","1":"post","2":"type-post","3":"status-publish","4":"format-standard","5":"has-post-thumbnail","7":"category-nice","8":"tag-actu","9":"tag-actualites","10":"tag-appels-d","11":"tag-eu","12":"tag-europe","13":"tag-fr","14":"tag-france","15":"tag-news","16":"tag-nice","17":"tag-provence-alpes-cote-dazur","18":"tag-republique-francaise"},"share_on_mastodon":{"url":"https:\/\/pubeurope.com\/@fr\/115864952189049663","error":""},"_links":{"self":[{"href":"https:\/\/www.europesays.com\/fr\/wp-json\/wp\/v2\/posts\/651568","targetHints":{"allow":["GET"]}}],"collection":[{"href":"https:\/\/www.europesays.com\/fr\/wp-json\/wp\/v2\/posts"}],"about":[{"href":"https:\/\/www.europesays.com\/fr\/wp-json\/wp\/v2\/types\/post"}],"author":[{"embeddable":true,"href":"https:\/\/www.europesays.com\/fr\/wp-json\/wp\/v2\/users\/2"}],"replies":[{"embeddable":true,"href":"https:\/\/www.europesays.com\/fr\/wp-json\/wp\/v2\/comments?post=651568"}],"version-history":[{"count":0,"href":"https:\/\/www.europesays.com\/fr\/wp-json\/wp\/v2\/posts\/651568\/revisions"}],"wp:featuredmedia":[{"embeddable":true,"href":"https:\/\/www.europesays.com\/fr\/wp-json\/wp\/v2\/media\/651569"}],"wp:attachment":[{"href":"https:\/\/www.europesays.com\/fr\/wp-json\/wp\/v2\/media?parent=651568"}],"wp:term":[{"taxonomy":"category","embeddable":true,"href":"https:\/\/www.europesays.com\/fr\/wp-json\/wp\/v2\/categories?post=651568"},{"taxonomy":"post_tag","embeddable":true,"href":"https:\/\/www.europesays.com\/fr\/wp-json\/wp\/v2\/tags?post=651568"}],"curies":[{"name":"wp","href":"https:\/\/api.w.org\/{rel}","templated":true}]}}