{"id":651570,"date":"2026-01-09T11:40:10","date_gmt":"2026-01-09T11:40:10","guid":{"rendered":"https:\/\/www.europesays.com\/fr\/651570\/"},"modified":"2026-01-09T11:40:10","modified_gmt":"2026-01-09T11:40:10","slug":"abdoulaye-dione-veut-briller-a-lares-a-nice","status":"publish","type":"post","link":"https:\/\/www.europesays.com\/fr\/651570\/","title":{"rendered":"Abdoulaye Dione veut briller \u00e0 l&rsquo;ARES \u00e0 Nice"},"content":{"rendered":"<p>Si les vacances ont permis une grande majorit\u00e9 de recharger les batteries, pour Abdoulaye Dione (-66 kg, 1-1-0) \u00e7a a \u00e9t\u00e9 tout le contraire. Pour pr\u00e9parer au mieux au mieux l&rsquo;ARES 37 ce vendredi 9 janvier 2026 au palais Nikaia \u00e0 Nice, le combattant de la <a href=\"https:\/\/www.laprovence.com\/article\/sports\/2951779714678914\/mma-geoffrey-puigvert-et-bouali-skikem-veulent-briller-a-hexagone-mma\" target=\"_blank\" rel=\"noopener\">Bushido Academy de Sorgues<\/a>, qui va disputer son troisi\u00e8me combat au sein de l&rsquo;organisation, n&rsquo;a pas d\u00fb l\u00e2cher le moindre effort pour rester en condition durant cette p\u00e9riode.<\/p>\n<p>Une pr\u00e9paration \u00ab\u00a0compliqu\u00e9e\u00a0\u00bb<\/p>\n<p>\u00ab\u00a0\u00c7a a \u00e9t\u00e9 compliqu\u00e9 parce qu&rsquo;il y a pas mal de nos sparrings qui n&rsquo;\u00e9taient pas l\u00e0 pendant les vacances, et j&rsquo;ai eu des cas malades aussi, reconna\u00eet l&rsquo;entra\u00eeneur James Schiavo. Mais on a quand m\u00eame gard\u00e9 le m\u00eame cap en faisant une grosse pr\u00e9paration physique, beaucoup de cardio et beaucoup de tactique.\u00a0\u00bb<\/p>\n<p>Sur ce dernier point, le duo Schiavo-Dione a tenu \u00e0 avoir toutes les cartes en main pour cet affrontement de <a href=\"https:\/\/www.laprovence.com\/article\/sports\/3291504768601414\/mma-le-vaucluse-nouvelle-terre-de-combat\" target=\"_blank\" rel=\"noopener\">MMA<\/a> face au Rapha\u00eblois Nasser Boungab. Un adversaire issu du kickboxing plut\u00f4t grand et qui poss\u00e8de un jeu de jambes qui peut donner des soucis au Vauclusien.<\/p>\n<p>James Schiavo : \u00ab\u00a0Il faudrait une victoire, si possible, avant la limite\u00a0\u00bb<\/p>\n<p>\u00ab\u00a0Il faut essayer de ne pas trop rester dans les points forts de son adversaire, \u00e0 savoir surtout le striking. De notre c\u00f4t\u00e9, on a beaucoup boss\u00e9 les d\u00e9placements pour essayer de ne pas se faire trop toucher\u00a0\u00bb, stipule, sans d\u00e9voiler les grands contours, James Schiavo qui attend un gros contenu de son poulain pour commencer \u00e0 pointer le bout du nez sur la carte principale.<\/p>\n<p>\u00ab\u00a0Il faudrait une victoire, si possible, avant la limite pour bien s&rsquo;installer. \u00c0 partir de l\u00e0, on pourrait commencer \u00e0 regarder vers le Top 3 de la cat\u00e9gorie et, pourquoi pas d&rsquo;ici un ou deux combats, viser la ceinture.\u00a0\u00bb<\/p>\n<p>Le constat est dress\u00e9, Abdoulaye Dione doit trouver le bon chemin pour remplir sa part du contrat.<\/p>\n","protected":false},"excerpt":{"rendered":"Si les vacances ont permis une grande majorit\u00e9 de recharger les batteries, pour Abdoulaye Dione (-66 kg, 1-1-0)&hellip;\n","protected":false},"author":2,"featured_media":651571,"comment_status":"","ping_status":"","sticky":false,"template":"","format":"standard","meta":{"footnotes":""},"categories":[2819],"tags":[5734,75578,1111,11,9697,75579,1777,674,1011,27,75580,1847,12,2401,882,25,60,9870],"class_list":{"0":"post-651570","1":"post","2":"type-post","3":"status-publish","4":"format-standard","5":"has-post-thumbnail","7":"category-nice","8":"tag-5734","9":"tag-abdoulaye","10":"tag-actu","11":"tag-actualites","12":"tag-briller","13":"tag-dione","14":"tag-eu","15":"tag-europe","16":"tag-fr","17":"tag-france","18":"tag-lares","19":"tag-mma","20":"tag-news","21":"tag-nice","22":"tag-provence-alpes-cote-dazur","23":"tag-republique-francaise","24":"tag-sports","25":"tag-veut"},"share_on_mastodon":{"url":"https:\/\/pubeurope.com\/@fr\/115864956062054429","error":""},"_links":{"self":[{"href":"https:\/\/www.europesays.com\/fr\/wp-json\/wp\/v2\/posts\/651570","targetHints":{"allow":["GET"]}}],"collection":[{"href":"https:\/\/www.europesays.com\/fr\/wp-json\/wp\/v2\/posts"}],"about":[{"href":"https:\/\/www.europesays.com\/fr\/wp-json\/wp\/v2\/types\/post"}],"author":[{"embeddable":true,"href":"https:\/\/www.europesays.com\/fr\/wp-json\/wp\/v2\/users\/2"}],"replies":[{"embeddable":true,"href":"https:\/\/www.europesays.com\/fr\/wp-json\/wp\/v2\/comments?post=651570"}],"version-history":[{"count":0,"href":"https:\/\/www.europesays.com\/fr\/wp-json\/wp\/v2\/posts\/651570\/revisions"}],"wp:featuredmedia":[{"embeddable":true,"href":"https:\/\/www.europesays.com\/fr\/wp-json\/wp\/v2\/media\/651571"}],"wp:attachment":[{"href":"https:\/\/www.europesays.com\/fr\/wp-json\/wp\/v2\/media?parent=651570"}],"wp:term":[{"taxonomy":"category","embeddable":true,"href":"https:\/\/www.europesays.com\/fr\/wp-json\/wp\/v2\/categories?post=651570"},{"taxonomy":"post_tag","embeddable":true,"href":"https:\/\/www.europesays.com\/fr\/wp-json\/wp\/v2\/tags?post=651570"}],"curies":[{"name":"wp","href":"https:\/\/api.w.org\/{rel}","templated":true}]}}