{"id":651572,"date":"2026-01-09T11:41:55","date_gmt":"2026-01-09T11:41:55","guid":{"rendered":"https:\/\/www.europesays.com\/fr\/651572\/"},"modified":"2026-01-09T11:41:55","modified_gmt":"2026-01-09T11:41:55","slug":"cette-commune-aux-portes-de-nantes-poursuit-sa-forte-progression-demographique","status":"publish","type":"post","link":"https:\/\/www.europesays.com\/fr\/651572\/","title":{"rendered":"cette commune aux portes de Nantes poursuit sa forte progression d\u00e9mographique"},"content":{"rendered":"<p>                    Par<br \/>\n        <strong><br \/>\n            <a href=\"https:\/\/actu.fr\/auteur\/vincent-malboeuf\" title=\"Consulter tous les articles de Vincent Malb\u0153uf\" target=\"_blank\" rel=\"noopener\">Vincent Malb\u0153uf<\/a><br \/>\n                    <\/strong><\/p>\n<p>        Publi\u00e9 le<\/p>\n<p>            8 janv. 2026 \u00e0 12h21        <\/p>\n<p>14 % d\u2019habitants en plus en six ans. <a href=\"https:\/\/actu.fr\/pays-de-la-loire\/saint-julien-de-concelles_44169\" target=\"_blank\" rel=\"noopener\">Saint-Julien-de-Concelles<\/a> enregistre de nouveau (comme ces deux derni\u00e8res ann\u00e9es) la <b>plus forte progression d\u00e9mographique<\/b> <a href=\"https:\/\/actu.fr\/pays-de-la-loire\/clisson_44043\/le-vignoble-nantais-compte-155-000-habitants-toutes-les-communes-progressent-sauf-une_63600076.html\" target=\"_blank\" rel=\"noopener\">parmi les 32\u00a0communes du Vignoble nantais<\/a>.<\/p>\n<p class=\" wall-content\">L\u00e0 voil\u00e0 pr\u00e9cis\u00e9ment \u00e0 7 883\u00a0habitants d\u2019apr\u00e8s l\u2019Insee, soit 115\u00a0habitants en plus en un an et <b>pr\u00e8s de 1 000 en six ans <\/b>(entre\u00a02017 et\u00a02023), faisant d\u2019elle la 5e commune la plus peupl\u00e9e du territoire derri\u00e8re Vertou, Basse-Goulaine, Vallet et sa voisine du Loroux-Bottereau, qui perd pour la seconde ann\u00e9e de suite des habitants.<\/p>\n<p>    <a href=\"https:\/\/maps.google.com\/maps?q=47.253399,-1.385788&amp;z=15&amp;output=embed\" title=\"Ouvrie le lien\" target=\"_blank\" rel=\"noopener\">Cliquez ici pour visualiser le contenu<\/a><\/p>\n<p>\u00ab D\u00e9velopper l\u2019habitat dans le centre-ville \u00bb<\/p>\n<p class=\" wall-content\">Cette pouss\u00e9e est \u00ab le r\u00e9sultat de choix politiques \u00bb, avance <a href=\"https:\/\/actu.fr\/pays-de-la-loire\/saint-julien-de-concelles_44169\/municipales-2026-une-liste-douverture-pour-le-maire-sortant-de-saint-julien-de-concelles_63557292.html\" target=\"_blank\" rel=\"noopener\">le maire Thierry Agasse<\/a>.<\/p>\n<blockquote class=\"ac-article-quote wall-content\">\n<p>La municipalit\u00e9 a fait le choix d\u00e8s 2014 de d\u00e9velopper l\u2019habitat dans le centre bourg, afin de soutenir le commerce de proximit\u00e9 et la vie locale. Dans le m\u00eame esprit, la collectivit\u00e9 a pris l\u2019initiative d\u2019acheter des cellules commerciales, afin de lever un frein majeur \u00e0 l\u2019installation de nouveaux commerces. Ce dispositif, fond\u00e9 sur des loyers mod\u00e8res au d\u00e9marrage et la possibilit\u00e9 pour les commer\u00e7ants de racheter leur local apr\u00e8s quelques ann\u00e9es, a permis de s\u00e9curiser des projets \u00e9conomiques viables et p\u00e9rennes.<\/p>\n<p>Thierry Agasse, maire de Saint-Julien-de-Concelles<\/p><\/blockquote>\n<p>De nouvelles op\u00e9rations immobili\u00e8res en vue<\/p>\n<p class=\" wall-content\"><b>L\u2019arriv\u00e9e de plusieurs lotissements communaux<\/b> comme \u00e0 la Graholi\u00e8re et la Petite-Courbe, projets initi\u00e9s par l\u2019ancienne mandature (120 lots environ sortis de terre), ainsi que les dizaines de divisions parcellaires, ont particip\u00e9 \u00e0 cette forte croissance d\u00e9mographique.<\/p>\n<p class=\" wall-content\">D\u2019autres op\u00e9rations immobili\u00e8res ont \u00e9t\u00e9 r\u00e9alis\u00e9es ces derni\u00e8res ann\u00e9es ou sont en cours dans le bourg, <b>comme sur la rue de Bretagne<\/b>. \u00ab\u00a0On a 180 logements qui vont pousser dans les 2-3 ans \u00e0 venir, et 224 dans les 6-8 ans\u00a0\u00bb, rappelle Thierry Agasse.<\/p>\n<p>Votre r\u00e9gion, votre actu !<\/p>\n<p>Recevez chaque jour les infos qui comptent pour vous.<\/p>\n<p>\t<a href=\"https:\/\/actu.fr\/newsletter\" class=\"ac-btn ac-btn--corner ac-btn--medium ac-btn--blue800\" target=\"_blank\" rel=\"noopener\">S&rsquo;incrire<\/a><\/p>\n<p class=\" wall-content\">Il faut s\u2019attendre \u00e0 ce que cette forte croissance d\u00e9mographique se poursuive sur Saint-Julien, <b>qui jouit de la proximit\u00e9 avec Nantes.<\/b> \u00ab\u00a0On est oblig\u00e9 de suivre les pr\u00e9conisations du Scot (Sch\u00e9ma de coh\u00e9rence territoriale), \u00e0 savoir construire 650 logements d\u2019ici 2035\u00a0\u00bb.<\/p>\n<p class=\" wall-content\">Personnalisez votre actualit\u00e9 en ajoutant vos villes et m\u00e9dias en favori avec <a href=\"https:\/\/moncompte.actu.fr\" title=\"D\u00e9couvez Mon Actu\" rel=\"nofollow noopener\" data-trk=\"{&quot;cta&quot;:{&quot;action&quot;:&quot;https:\\\/\\\/moncompte.actu.fr&quot;,&quot;category&quot;:&quot;mon compte&quot;,&quot;from&quot;:&quot;article footer&quot;,&quot;name&quot;:&quot;Mon actu&quot;,&quot;type&quot;:&quot;cta&quot;}}\" target=\"_blank\">Mon Actu<\/a>.<\/p>\n","protected":false},"excerpt":{"rendered":"Par Vincent Malb\u0153uf Publi\u00e9 le 8 janv. 2026 \u00e0 12h21 14 % d\u2019habitants en plus en six ans.&hellip;\n","protected":false},"author":2,"featured_media":651573,"comment_status":"","ping_status":"","sticky":false,"template":"","format":"standard","meta":{"footnotes":""},"categories":[2818],"tags":[1111,11,6969,1777,674,1011,27,766,12,2636,25,104,2900],"class_list":{"0":"post-651572","1":"post","2":"type-post","3":"status-publish","4":"format-standard","5":"has-post-thumbnail","7":"category-nantes","8":"tag-actu","9":"tag-actualites","10":"tag-demographie","11":"tag-eu","12":"tag-europe","13":"tag-fr","14":"tag-france","15":"tag-nantes","16":"tag-news","17":"tag-pays-de-la-loire","18":"tag-republique-francaise","19":"tag-societe","20":"tag-vignoble-nantais"},"share_on_mastodon":{"url":"https:\/\/pubeurope.com\/@fr\/115864963836123949","error":""},"_links":{"self":[{"href":"https:\/\/www.europesays.com\/fr\/wp-json\/wp\/v2\/posts\/651572","targetHints":{"allow":["GET"]}}],"collection":[{"href":"https:\/\/www.europesays.com\/fr\/wp-json\/wp\/v2\/posts"}],"about":[{"href":"https:\/\/www.europesays.com\/fr\/wp-json\/wp\/v2\/types\/post"}],"author":[{"embeddable":true,"href":"https:\/\/www.europesays.com\/fr\/wp-json\/wp\/v2\/users\/2"}],"replies":[{"embeddable":true,"href":"https:\/\/www.europesays.com\/fr\/wp-json\/wp\/v2\/comments?post=651572"}],"version-history":[{"count":0,"href":"https:\/\/www.europesays.com\/fr\/wp-json\/wp\/v2\/posts\/651572\/revisions"}],"wp:featuredmedia":[{"embeddable":true,"href":"https:\/\/www.europesays.com\/fr\/wp-json\/wp\/v2\/media\/651573"}],"wp:attachment":[{"href":"https:\/\/www.europesays.com\/fr\/wp-json\/wp\/v2\/media?parent=651572"}],"wp:term":[{"taxonomy":"category","embeddable":true,"href":"https:\/\/www.europesays.com\/fr\/wp-json\/wp\/v2\/categories?post=651572"},{"taxonomy":"post_tag","embeddable":true,"href":"https:\/\/www.europesays.com\/fr\/wp-json\/wp\/v2\/tags?post=651572"}],"curies":[{"name":"wp","href":"https:\/\/api.w.org\/{rel}","templated":true}]}}