{"id":651574,"date":"2026-01-09T11:43:19","date_gmt":"2026-01-09T11:43:19","guid":{"rendered":"https:\/\/www.europesays.com\/fr\/651574\/"},"modified":"2026-01-09T11:43:19","modified_gmt":"2026-01-09T11:43:19","slug":"deux-adolescents-enleves-et-forces-de-creuser-leurs-tombes-pres-de-nantes","status":"publish","type":"post","link":"https:\/\/www.europesays.com\/fr\/651574\/","title":{"rendered":"deux adolescents enlev\u00e9s et forc\u00e9s de creuser leurs tombes pr\u00e8s de Nantes"},"content":{"rendered":"<p>Dans la nuit du vendredi 2 au samedi 3 janvier, deux adolescents, \u00e2g\u00e9s de 14 et 16 ans, ont \u00e9t\u00e9 enlev\u00e9s puis conduits dans un bois pr\u00e8s de Nantes. Sur place, leurs ravisseurs les ont frapp\u00e9s et menac\u00e9s en leur faisant creuser leurs tombes.<\/p>\n<p>Deux adolescents de 14 et 16 ans ont \u00e9t\u00e9 enlev\u00e9s, frapp\u00e9s et menac\u00e9s de mort dans la nuit de vendredi \u00e0 samedi 3 janvier pr\u00e8s de <a href=\"https:\/\/www.bfmtv.com\/politique\/narcotrafic-l-echange-entre-une-nantaise-et-le-ministre-de-l-interieur-bruno-retailleau_VN-202503280493.html\" title=\"Narcotrafic: l&#039;\u00e9change entre une Nantaise et le ministre de l&#039;Int\u00e9rieur, Bruno Retailleau\" class=\"internal_link\" target=\"_blank\" rel=\"noopener\">Nantes<\/a>, a appris BFM aupr\u00e8s du parquet et d&rsquo;une source proche du dossier, confirmant une information <a href=\"https:\/\/www.ouest-france.fr\/societe\/faits-divers\/si-tu-parles-on-te-bute-dans-une-foret-en-pleine-nuit-deux-adolescents-ont-du-creuser-leurs-propres-tombes-8136024c-e987-11f0-9b78-7c77e15311d5\" target=\"_blank\" class=\"external_link\" rel=\"noopener\">d&rsquo;Ouest-France<\/a> et de l&rsquo;AFP.<\/p>\n<p>\u00ab\u00a0Ces \u00e9v\u00e9nements ne sont pas sans lien avec des infractions \u00e0 la l\u00e9gislation sur les stup\u00e9fiants et des luttes de territoires\u00a0\u00bb, a d\u00e9clar\u00e9 \u00e0 BFM le procureur de la r\u00e9publique de Nantes, Antoine Leroy.<\/p>\n<p>Frapp\u00e9s et menac\u00e9s<\/p>\n<p>Les deux adolescents ont \u00e9t\u00e9 enlev\u00e9s \u00e0 bord d&rsquo;un v\u00e9hicule vers 1 heure du matin \u00e0 Carquefou, \u00e0 l&rsquo;est de Nantes, selon le parquet. Les deux jeunes, originaires d&rsquo;Angers, ont ensuite \u00e9t\u00e9 emmen\u00e9s dans un bois loin des regards.<\/p>\n<p>Sur place, les deux victimes ont \u00e9t\u00e9 frapp\u00e9es et menac\u00e9es de mort \u00e0 plusieurs reprises. Les deux adolescents pr\u00e9sentaient des traces de coups au visage et des plaies au niveau des mains. L&rsquo;un d&rsquo;eux a re\u00e7u un coup de couteau \u00e0 la cuisse. Dans ce bois, les deux jeunes ont \u00e9t\u00e9 contraints de creuser leur tombe, selon le parquet.<\/p>\n<p>Ils ont finalement \u00e9t\u00e9 secourus quelques heures plus tard apr\u00e8s avoir frapp\u00e9 \u00e0 la porte d&rsquo;une habitation de La-Chapelle-sur-Erdre, une commune voisine. Ils ont ensuite \u00e9t\u00e9 pris en charge \u00e0 l&rsquo;h\u00f4pital. Ce vendredi, le procureur pr\u00e9cise \u00e0 BFM \u00ab\u00a0qu&rsquo;ils ne sont d&rsquo;ailleurs plus hospitalis\u00e9s\u00a0\u00bb.<\/p>\n<p>L&rsquo;enqu\u00eate pour violences et s\u00e9questration a \u00e9t\u00e9 confi\u00e9e \u00e0 la police judiciaire de Nantes. Pour l&rsquo;heure, aucune personne n&rsquo;a \u00e9t\u00e9 interpell\u00e9e.<\/p>\n","protected":false},"excerpt":{"rendered":"Dans la nuit du vendredi 2 au samedi 3 janvier, deux adolescents, \u00e2g\u00e9s de 14 et 16 ans,&hellip;\n","protected":false},"author":2,"featured_media":569164,"comment_status":"","ping_status":"","sticky":false,"template":"","format":"standard","meta":{"footnotes":""},"categories":[2818],"tags":[1111,11,1777,674,1011,27,766,12,2636,25],"class_list":{"0":"post-651574","1":"post","2":"type-post","3":"status-publish","4":"format-standard","5":"has-post-thumbnail","7":"category-nantes","8":"tag-actu","9":"tag-actualites","10":"tag-eu","11":"tag-europe","12":"tag-fr","13":"tag-france","14":"tag-nantes","15":"tag-news","16":"tag-pays-de-la-loire","17":"tag-republique-francaise"},"share_on_mastodon":{"url":"https:\/\/pubeurope.com\/@fr\/115864967794197153","error":""},"_links":{"self":[{"href":"https:\/\/www.europesays.com\/fr\/wp-json\/wp\/v2\/posts\/651574","targetHints":{"allow":["GET"]}}],"collection":[{"href":"https:\/\/www.europesays.com\/fr\/wp-json\/wp\/v2\/posts"}],"about":[{"href":"https:\/\/www.europesays.com\/fr\/wp-json\/wp\/v2\/types\/post"}],"author":[{"embeddable":true,"href":"https:\/\/www.europesays.com\/fr\/wp-json\/wp\/v2\/users\/2"}],"replies":[{"embeddable":true,"href":"https:\/\/www.europesays.com\/fr\/wp-json\/wp\/v2\/comments?post=651574"}],"version-history":[{"count":0,"href":"https:\/\/www.europesays.com\/fr\/wp-json\/wp\/v2\/posts\/651574\/revisions"}],"wp:featuredmedia":[{"embeddable":true,"href":"https:\/\/www.europesays.com\/fr\/wp-json\/wp\/v2\/media\/569164"}],"wp:attachment":[{"href":"https:\/\/www.europesays.com\/fr\/wp-json\/wp\/v2\/media?parent=651574"}],"wp:term":[{"taxonomy":"category","embeddable":true,"href":"https:\/\/www.europesays.com\/fr\/wp-json\/wp\/v2\/categories?post=651574"},{"taxonomy":"post_tag","embeddable":true,"href":"https:\/\/www.europesays.com\/fr\/wp-json\/wp\/v2\/tags?post=651574"}],"curies":[{"name":"wp","href":"https:\/\/api.w.org\/{rel}","templated":true}]}}