{"id":651575,"date":"2026-01-09T11:44:10","date_gmt":"2026-01-09T11:44:10","guid":{"rendered":"https:\/\/www.europesays.com\/fr\/651575\/"},"modified":"2026-01-09T11:44:10","modified_gmt":"2026-01-09T11:44:10","slug":"bilan-positif-pour-le-carrefour-pour-lemploi-de-bordeaux","status":"publish","type":"post","link":"https:\/\/www.europesays.com\/fr\/651575\/","title":{"rendered":"Bilan positif pour le Carrefour pour l&#8217;emploi de Bordeaux"},"content":{"rendered":"\n<p>La 7e \u00e9dition du Carrefour Emploi Bordeaux M\u00e9tropole a eu lieu le 27 novembre dernier. <br class=\"autobr\"\/><br \/>\nLe bilan en attendant la prochaine \u00e9dition le 24 novembre 2026.<\/p>\n<p>2000 candidats se sont pr\u00e9sent\u00e9s au Hangar 14 et 3000 profils ont \u00e9t\u00e9 cr\u00e9\u00e9s sur la plateforme digitale de l\u2019\u00e9v\u00e9nement. <br class=\"autobr\"\/><br \/>\n30% des candidats se sont principalement positionn\u00e9s sur des emplois administratifs, 20% sur des fonctions commerciales, 17% sur l\u2019action sociale, la sant\u00e9, les services \u00e0 la personne, 14% sur le num\u00e9rique et les services \u00e0 la personne, 11% sur l\u2019industrie, 11% dans la communication, le spectacle, 10% sur la logistique, le transport et 10% sur l\u2019h\u00f4tellerie, la restauration (r\u00e9ponses multiples).<\/p>\n<p>Des demandeurs d\u2019emploi qui cette ann\u00e9e \u00e9taient \u00e0 57% des hommes (50% en 2024), \u00e0 77% \u00e2g\u00e9s de moins de 44 ans et plut\u00f4t dipl\u00f4m\u00e9s\u00a0: 32% \u00e0 Bac+5 et plus. 96% de ces 2000 candidats venaient de Gironde.<\/p>\n<p>Les exposants \u00e9taient davantage satisfaits cette ann\u00e9e de la fr\u00e9quentation et de l\u2019organisation du salon avec toujours un bon taux de satisfaction global.<\/p>\n<p>Les Carrefours Emploi (<a href=\"http:\/\/www.carrefoursemploi.org\" class=\"spip_url spip_out auto\" rel=\"noopener noreferrer nofollow external\" target=\"_blank\">www.carrefoursemploi.org<\/a>) sont organis\u00e9s depuis 35 ans par un \u00e9tablissement d\u2019utilit\u00e9 publique n\u00e9 du lien Arm\u00e9e\/Nation, agr\u00e9\u00e9 entreprise solidaire d\u2019utilit\u00e9 sociale, facilitateur de la rencontre candidat\/employeur par la mise en \u0153uvre d\u2019actions civiles, militaires d\u2019envergure et d\u2019outils RH.<\/p>\n<p>        <a href=\"https:\/\/twitter.com\/share\" class=\"twitter-share-button\" target=\"_blank\" rel=\"noopener\">Tweet<\/a> <\/p>\n<p>        <a href=\"#forum\" name=\"forum\" id=\"forum\"\/><br \/>\n        &#13;<br \/>\n          Un message, un commentaire\u00a0?&#13;<\/p>\n<p> <script async src=\"https:\/\/platform.twitter.com\/widgets.js\" charset=\"utf-8\"><\/script><\/p>\n","protected":false},"excerpt":{"rendered":"La 7e \u00e9dition du Carrefour Emploi Bordeaux M\u00e9tropole a eu lieu le 27 novembre dernier. Le bilan en&hellip;\n","protected":false},"author":2,"featured_media":651576,"comment_status":"","ping_status":"","sticky":false,"template":"","format":"standard","meta":{"footnotes":""},"categories":[2817],"tags":[1111,11,1997,1777,674,1011,27,12,2219,25],"class_list":{"0":"post-651575","1":"post","2":"type-post","3":"status-publish","4":"format-standard","5":"has-post-thumbnail","7":"category-bordeaux","8":"tag-actu","9":"tag-actualites","10":"tag-bordeaux","11":"tag-eu","12":"tag-europe","13":"tag-fr","14":"tag-france","15":"tag-news","16":"tag-nouvelle-aquitaine","17":"tag-republique-francaise"},"share_on_mastodon":{"url":"https:\/\/pubeurope.com\/@fr\/115864971742004513","error":""},"_links":{"self":[{"href":"https:\/\/www.europesays.com\/fr\/wp-json\/wp\/v2\/posts\/651575","targetHints":{"allow":["GET"]}}],"collection":[{"href":"https:\/\/www.europesays.com\/fr\/wp-json\/wp\/v2\/posts"}],"about":[{"href":"https:\/\/www.europesays.com\/fr\/wp-json\/wp\/v2\/types\/post"}],"author":[{"embeddable":true,"href":"https:\/\/www.europesays.com\/fr\/wp-json\/wp\/v2\/users\/2"}],"replies":[{"embeddable":true,"href":"https:\/\/www.europesays.com\/fr\/wp-json\/wp\/v2\/comments?post=651575"}],"version-history":[{"count":0,"href":"https:\/\/www.europesays.com\/fr\/wp-json\/wp\/v2\/posts\/651575\/revisions"}],"wp:featuredmedia":[{"embeddable":true,"href":"https:\/\/www.europesays.com\/fr\/wp-json\/wp\/v2\/media\/651576"}],"wp:attachment":[{"href":"https:\/\/www.europesays.com\/fr\/wp-json\/wp\/v2\/media?parent=651575"}],"wp:term":[{"taxonomy":"category","embeddable":true,"href":"https:\/\/www.europesays.com\/fr\/wp-json\/wp\/v2\/categories?post=651575"},{"taxonomy":"post_tag","embeddable":true,"href":"https:\/\/www.europesays.com\/fr\/wp-json\/wp\/v2\/tags?post=651575"}],"curies":[{"name":"wp","href":"https:\/\/api.w.org\/{rel}","templated":true}]}}