{"id":651577,"date":"2026-01-09T11:45:11","date_gmt":"2026-01-09T11:45:11","guid":{"rendered":"https:\/\/www.europesays.com\/fr\/651577\/"},"modified":"2026-01-09T11:45:11","modified_gmt":"2026-01-09T11:45:11","slug":"a-bordeaux-lecologiste-pierre-hurmic-annonce-etre-candidat-a-sa-reelection","status":"publish","type":"post","link":"https:\/\/www.europesays.com\/fr\/651577\/","title":{"rendered":"\u00e0 Bordeaux, l&rsquo;\u00e9cologiste Pierre Hurmic annonce \u00eatre candidat \u00e0 sa r\u00e9\u00e9lection"},"content":{"rendered":"<p class=\"article-p mdl\">Les Bordelais lui referont-ils confiance ? Le maire \u00e9cologiste de Bordeaux, Pierre Hurmic, s&rsquo;est lanc\u00e9 officiellement pour briguer un nouveau mandat \u00e0 la t\u00eate de la ville qu&rsquo;il avait conquise par surprise en 2020 apr\u00e8s 73 ans de r\u00e8gne de la droite alli\u00e9e au centre. \u00ab\u00a0Cela fait des mois qu&rsquo;on m&rsquo;interroge, je vous r\u00e9ponds aujourd&rsquo;hui et vous annonce ma candidature pour la mairie de Bordeaux\u00a0\u00bb, a d\u00e9clar\u00e9 devant la presse cet avocat de profession, \u00e2g\u00e9 de 70 ans et \u00e9lu municipal depuis 1995.<\/p>\n<p class=\"article-p mdl\">Il y a six ans, il l&rsquo;avait emport\u00e9 de peu au second tour face au sortant Nicolas Florian (Les R\u00e9publicains), \u00e9ph\u00e9m\u00e8re dauphin d&rsquo;Alain Jupp\u00e9, alors que la droite et le centre s&rsquo;\u00e9taient divis\u00e9s au premier.\u00a0<\/p>\n<p class=\"article-p mdl\">Cette fois, apr\u00e8s des mois de tergiversations depuis le d\u00e9c\u00e8s soudain de Nicolas Florian en janvier dernier \u00e0 l&rsquo;\u00e2ge de 55 ans, l&rsquo;opposition a uni ses forces autour du d\u00e9put\u00e9 Renaissance Thomas Cazenave, derri\u00e8re lequel la pr\u00e9sidente du Parti radical Nathalie Delattre, ex-ministre macroniste comme lui, a fini par s&rsquo;effacer. Elle devra cependant composer avec l&rsquo;\u00e9conomiste Philippe Dessertine, qui a maintenu sa candidature au centre-droit.<\/p>\n<p class=\"article-p mdl\">Pierre\u00a0\u00a0Hurmic estime que \u00ab\u00a0le choix du changement qui avait \u00e9t\u00e9 fait il y a six ans a \u00e9t\u00e9 honor\u00e9\u00a0\u00bb. <strong>\u00ab\u00a0La ville est devenue plus vivante, plus solidaire et l&rsquo;une des mieux pr\u00e9par\u00e9es, en Europe, au changement climatique\u00a0\u00bb<\/strong>, selon le maire sortant, qui s&rsquo;enorgueillit de distinctions r\u00e9cemment obtenues par la ville pour la qualit\u00e9 de sa strat\u00e9gie de transition vers la neutralit\u00e9 carbone. \u00ab\u00a0Nous avons r\u00e9par\u00e9 la ville qui a \u00e9t\u00e9 trop longtemps n\u00e9glig\u00e9e et nous devons poursuivre avec une \u00e9quipe qui a fait ses preuves et qui sera enrichie, renouvel\u00e9e\u00a0\u00bb, a ajout\u00e9 l&rsquo;\u00e9lu vert, soutenu comme en 2020 par le Parti socialiste, le Parti communiste et G\u00e9n\u00e9ration-s.<\/p>\n<p class=\"article-p mdl\">\u00ab\u00a0Nous vivons en France un moment de fracture d\u00e9mocratique profonde (&#8230;) si je me pr\u00e9sente, c&rsquo;est parce que je crois en la capacit\u00e9 des villes \u00e0 r\u00e9sister, ce sont les villes qui tiennent quand l&rsquo;\u00c9tat vacille\u00a0\u00bb, a-t-il encore d\u00e9clar\u00e9.\u00a0\u00a0<\/p>\n<p>            Face \u00e0 lui&#8230; Poutou ?<\/p>\n<p class=\"article-p mdl\">Parmi les autres candidats \u00e0 la mairie de Bordeaux, les 15 et 22 mars, deux femmes sont en lice \u00e0 l&rsquo;extr\u00eame droite, la d\u00e9put\u00e9e europ\u00e9enne Julie Rechagneux pour le Rassemblement national et Virginie Bonthoux Tournay pour le parti Reconqu\u00eate! d&rsquo;\u00c9ric Zemmour, dont elle est la r\u00e9f\u00e9rente d\u00e9partementale en Gironde.\u00a0<\/p>\n<p class=\"article-p mdl\">Au premier tour, Pierre Hurmic affrontera \u00e9galement la liste de La France insoumise conduite par Nordine Raymond, et quatre autres d&rsquo;extr\u00eame gauche dont une du Nouveau Parti anticapitaliste que pourrait mener l&rsquo;ancien candidat \u00e0 l&rsquo;\u00e9lection pr\u00e9sidentielle Philippe Poutou, conseiller municipal sortant.<\/p>\n<p>    La r\u00e9daction vous recommande<\/p>\n<p class=\"s-newsletter__title\">\n                L\u2019actualit\u00e9 par la r\u00e9daction de RTL dans votre bo\u00eete mail.\n            <\/p>\n<p class=\"s-newsletter__subtitle\">\n                Gr\u00e2ce \u00e0 votre compte RTL abonnez-vous \u00e0 la newsletter RTL info pour suivre toute l&rsquo;actualit\u00e9 au quotidien\n            <\/p>\n<p>\n                                    Lire la suite\n                                <\/p>\n","protected":false},"excerpt":{"rendered":"Les Bordelais lui referont-ils confiance ? Le maire \u00e9cologiste de Bordeaux, Pierre Hurmic, s&rsquo;est lanc\u00e9 officiellement pour briguer&hellip;\n","protected":false},"author":2,"featured_media":651578,"comment_status":"","ping_status":"","sticky":false,"template":"","format":"standard","meta":{"footnotes":""},"categories":[2817],"tags":[1111,11,1997,51,2339,4188,75581,1777,674,107,1011,27,12,2219,25],"class_list":{"0":"post-651577","1":"post","2":"type-post","3":"status-publish","4":"format-standard","5":"has-post-thumbnail","7":"category-bordeaux","8":"tag-actu","9":"tag-actualites","10":"tag-bordeaux","11":"tag-ecologie","12":"tag-ecologistes","13":"tag-elections-municipales","14":"tag-elections-municipales-a-bordeaux","15":"tag-eu","16":"tag-europe","17":"tag-fil-info","18":"tag-fr","19":"tag-france","20":"tag-news","21":"tag-nouvelle-aquitaine","22":"tag-republique-francaise"},"share_on_mastodon":{"url":"https:\/\/pubeurope.com\/@fr\/115864975768387203","error":""},"_links":{"self":[{"href":"https:\/\/www.europesays.com\/fr\/wp-json\/wp\/v2\/posts\/651577","targetHints":{"allow":["GET"]}}],"collection":[{"href":"https:\/\/www.europesays.com\/fr\/wp-json\/wp\/v2\/posts"}],"about":[{"href":"https:\/\/www.europesays.com\/fr\/wp-json\/wp\/v2\/types\/post"}],"author":[{"embeddable":true,"href":"https:\/\/www.europesays.com\/fr\/wp-json\/wp\/v2\/users\/2"}],"replies":[{"embeddable":true,"href":"https:\/\/www.europesays.com\/fr\/wp-json\/wp\/v2\/comments?post=651577"}],"version-history":[{"count":0,"href":"https:\/\/www.europesays.com\/fr\/wp-json\/wp\/v2\/posts\/651577\/revisions"}],"wp:featuredmedia":[{"embeddable":true,"href":"https:\/\/www.europesays.com\/fr\/wp-json\/wp\/v2\/media\/651578"}],"wp:attachment":[{"href":"https:\/\/www.europesays.com\/fr\/wp-json\/wp\/v2\/media?parent=651577"}],"wp:term":[{"taxonomy":"category","embeddable":true,"href":"https:\/\/www.europesays.com\/fr\/wp-json\/wp\/v2\/categories?post=651577"},{"taxonomy":"post_tag","embeddable":true,"href":"https:\/\/www.europesays.com\/fr\/wp-json\/wp\/v2\/tags?post=651577"}],"curies":[{"name":"wp","href":"https:\/\/api.w.org\/{rel}","templated":true}]}}