{"id":651579,"date":"2026-01-09T11:46:16","date_gmt":"2026-01-09T11:46:16","guid":{"rendered":"https:\/\/www.europesays.com\/fr\/651579\/"},"modified":"2026-01-09T11:46:16","modified_gmt":"2026-01-09T11:46:16","slug":"un-enorme-concert-avec-toutes-les-stars-des-annees-2000-va-faire-danser-toulouse","status":"publish","type":"post","link":"https:\/\/www.europesays.com\/fr\/651579\/","title":{"rendered":"Un \u00e9norme concert avec toutes les stars des ann\u00e9es 2000 va faire danser Toulouse"},"content":{"rendered":"<p>Comme tout bon \u00eatre humain qui se respecte, on est follement m\u00e9lancolique des ann\u00e9es pass\u00e9es. Et parmi les d\u00e9cennies les plus dingues de nos vies, les ann\u00e9es 2000 occupent une place de tout premier choix. Alors ce qui suit devrait forc\u00e9ment vous mettre en joie\u00a0: <strong>la tourn\u00e9e I Gotta Feeling vous redonne rendez-vous <\/strong>un peu partout en France pour chanter et danser au rythme des sons qui ont marqu\u00e9 toute une g\u00e9n\u00e9ration.<\/p>\n<p>&#13;<\/p>\n<p>Pour l&rsquo;occasion,\u00a0<strong>Aliz\u00e9e, Helmut Fritz, N\u00e2diya, Kamini, Priscilla<\/strong>,<strong> Amine, Worlds Apart, Trag\u00e9die, L5, Assia, Organiz, Salome de Bahia et Tribal King <\/strong>seront r\u00e9unis pour faire\u00a0revivre leurs tubes incontournables. Un casting grandiose pr\u00e9sent sur la sc\u00e8ne du Z\u00e9nith de Toulouse le<strong> 18 mars 2026<\/strong>.\u00a0<\/p>\n<p>&#13;<\/p>\n<blockquote class=\"instagram-media\" data-instgrm-permalink=\"https:\/\/www.instagram.com\/reel\/DSemIwhCP-w\/?utm_source=ig_embed&amp;utm_campaign=loading\" data-instgrm-version=\"14\" style=\"background: #FFF; border: 0; border-radius: 3px; box-shadow: 0 0 1px 0 rgba(0,0,0,0.5),0 1px 10px 0 rgba(0,0,0,0.15); margin: 1px; max-width: 540px; min-width: 326px; padding: 0; width: calc(100% - 2px);\"><p>&#13;<br \/>\n&#13;\n<\/p><\/blockquote>\n<p>&#13;<br \/>\n&#13;<br \/>\n&#13;<br \/>\n<strong>I Gotta Feeling\u00a0: le concert des ann\u00e9es 2000 \u00e0 Toulouse<\/strong>&#13;<\/p>\n<p>Le show I Gotta Feeling &#8211;\u00a0\u00e9videmment nomm\u00e9 en hommage au tube mondial des Black Eyed Peas sorti en 2009 &#8211; combine musique et danse avec les\u00a0grands hits de cette d\u00e9cennie interpr\u00e9t\u00e9s par leurs <strong>artistes originaux et accompagn\u00e9s par leurs danseurs<\/strong>. La tourn\u00e9e passera par une vingtaine de villes en France, de fin janvier \u00e0 mars, et sera anim\u00e9e<strong>\u00a0par S\u00e9verine Ferrer<\/strong>, l&rsquo;ancienne pr\u00e9sentatrice de l&rsquo;\u00e9mission \u00ab\u00a0Fan de&#8230;\u00a0\u00bb et Gwendal Marimoutou.<\/p>\n<p>&#13;<\/p>\n<p><img loading=\"lazy\" decoding=\"async\" src=\"https:\/\/www.europesays.com\/fr\/wp-content\/uploads\/2026\/01\/1767959176_236_Affiche sans date.jpg\" width=\"1000\" height=\"1500\" alt=\"\"\/><\/p>\n<p>&#13;<\/p>\n<p>La billetterie est ouverte et les places oscillent\u00a0<strong>entre 39\u20ac et 62\u20ac<\/strong>\u00a0selon la cat\u00e9gorie.<\/p>\n<p>&#13;<\/p>\n<p><strong><br \/>Z\u00e9nith Toulouse M\u00e9tropole<br \/>Mercredi 18 mars 2026<br \/><a href=\"https:\/\/zenith-toulousemetropole.com\/shows\/I%20GOTTA%20FEELING%20:%20LA%20TOURNEE-20973\" target=\"_blank\" rel=\"nofollow noopener noreferrer\">Billetterie<\/a><br \/><\/strong><\/p>\n<p><script async src=\"\/\/www.instagram.com\/embed.js\"><\/script><\/p>\n","protected":false},"excerpt":{"rendered":"Comme tout bon \u00eatre humain qui se respecte, on est follement m\u00e9lancolique des ann\u00e9es pass\u00e9es. Et parmi les&hellip;\n","protected":false},"author":2,"featured_media":651580,"comment_status":"","ping_status":"","sticky":false,"template":"","format":"standard","meta":{"footnotes":""},"categories":[2816],"tags":[1111,11,1777,674,1011,27,12,2680,25,2312],"class_list":{"0":"post-651579","1":"post","2":"type-post","3":"status-publish","4":"format-standard","5":"has-post-thumbnail","7":"category-toulouse","8":"tag-actu","9":"tag-actualites","10":"tag-eu","11":"tag-europe","12":"tag-fr","13":"tag-france","14":"tag-news","15":"tag-occitanie","16":"tag-republique-francaise","17":"tag-toulouse"},"share_on_mastodon":{"url":"https:\/\/pubeurope.com\/@fr\/115864979662086857","error":""},"_links":{"self":[{"href":"https:\/\/www.europesays.com\/fr\/wp-json\/wp\/v2\/posts\/651579","targetHints":{"allow":["GET"]}}],"collection":[{"href":"https:\/\/www.europesays.com\/fr\/wp-json\/wp\/v2\/posts"}],"about":[{"href":"https:\/\/www.europesays.com\/fr\/wp-json\/wp\/v2\/types\/post"}],"author":[{"embeddable":true,"href":"https:\/\/www.europesays.com\/fr\/wp-json\/wp\/v2\/users\/2"}],"replies":[{"embeddable":true,"href":"https:\/\/www.europesays.com\/fr\/wp-json\/wp\/v2\/comments?post=651579"}],"version-history":[{"count":0,"href":"https:\/\/www.europesays.com\/fr\/wp-json\/wp\/v2\/posts\/651579\/revisions"}],"wp:featuredmedia":[{"embeddable":true,"href":"https:\/\/www.europesays.com\/fr\/wp-json\/wp\/v2\/media\/651580"}],"wp:attachment":[{"href":"https:\/\/www.europesays.com\/fr\/wp-json\/wp\/v2\/media?parent=651579"}],"wp:term":[{"taxonomy":"category","embeddable":true,"href":"https:\/\/www.europesays.com\/fr\/wp-json\/wp\/v2\/categories?post=651579"},{"taxonomy":"post_tag","embeddable":true,"href":"https:\/\/www.europesays.com\/fr\/wp-json\/wp\/v2\/tags?post=651579"}],"curies":[{"name":"wp","href":"https:\/\/api.w.org\/{rel}","templated":true}]}}