{"id":651581,"date":"2026-01-09T11:47:11","date_gmt":"2026-01-09T11:47:11","guid":{"rendered":"https:\/\/www.europesays.com\/fr\/651581\/"},"modified":"2026-01-09T11:47:11","modified_gmt":"2026-01-09T11:47:11","slug":"une-file-dattente-monstre-sest-formee-ce-vendredi-devant-la-gare-matabiau-de-toulouse-ce-quil-sest-passe","status":"publish","type":"post","link":"https:\/\/www.europesays.com\/fr\/651581\/","title":{"rendered":"Une file d&rsquo;attente monstre s&rsquo;est form\u00e9e ce vendredi devant la gare Matabiau de Toulouse : ce qu&rsquo;il s&rsquo;est pass\u00e9"},"content":{"rendered":"<p>                    Par<br \/>\n        <strong><br \/>\n            <a href=\"https:\/\/actu.fr\/auteur\/redaction-toulouse\" title=\"Consulter tous les articles de R\u00e9daction de Toulouse\" target=\"_blank\" rel=\"noopener\">R\u00e9daction de Toulouse<\/a><br \/>\n                    <\/strong><\/p>\n<p>        Publi\u00e9 le<\/p>\n<p>            9 janv. 2026 \u00e0 11h06        <\/p>\n<p>Vendredi 9 janvier 2026, si vous \u00eate pass\u00e9s devant la gare Matabiau de Toulouse, vous avez constat\u00e9 une \u00e9norme file d\u2019attente devant le b\u00e2timent de la gare. Pourquoi? Le trafic des trains est tr\u00e8s perturb\u00e9 entre <strong>Toulouse<\/strong> et Bordeaux.<\/p>\n<p class=\" wall-content\">Le trafic SNCF est en effet interrompu entre <a href=\"https:\/\/actu.fr\/nouvelle-aquitaine\/agen_47001\" target=\"_blank\" rel=\"noopener\">Agen<\/a> et Montauban, en raison d\u2019une manifestation des agriculteurs, ce qui impacte les usagers \u00e0 <a href=\"https:\/\/actu.fr\/toulouse\/\" target=\"_blank\" rel=\"noopener\">Toulouse<\/a>.\u00a0<\/p>\n<p class=\" wall-content\">Les manifestants ont d\u00e9pos\u00e9 des d\u00e9chets sur les voies ferr\u00e9es, peu avant 10 heures du matin. La ligne qui m\u00e8ne \u00e0 Bordeaux est donc concern\u00e9e. Selon liO Occitanie, le retour d\u2019un trafic normal est pr\u00e9vu<strong>\u00a0\u00e0 13 heures<\/strong>.\u00a0<\/p>\n<p>La circulation aussi perturb\u00e9e vers Agen et Auch \u00e0 cause de la temp\u00eate<\/p>\n<p class=\" wall-content\">En parall\u00e8le, rappelons que la circulation est d\u00e9j\u00e0 perturb\u00e9e entre Toulouse et Agen, et entre Toulouse et Auch, \u00e0 cause du passage de la<a href=\"https:\/\/actu.fr\/meteo\/direct-tempete-goretti-record-de-vent-degats-coupures-d-electricite-circulation-le-bilan-ce-vendredi_63673779.html\" target=\"_blank\" rel=\"noopener\"> temp\u00eate Goretti<\/a>. \u00ab\u00a0Des limitations de vitesse, parcours ou suppressions sont pr\u00e9vues\u00a0\u00bb, indique liO Occitanie.\u00a0<\/p>\n<p>La gare Matabiau paralys\u00e9e<\/p>\n<p class=\" wall-content\">La situation impacte fortement les passagers qui partent de la <strong>gare Matabiau<\/strong>. En milieu de matin\u00e9e, de longues files de passagers s\u2019\u00e9tendent sur le parvis.<\/p>\n<p class=\" wall-content\">Personnalisez votre actualit\u00e9 en ajoutant vos villes et m\u00e9dias en favori avec <a href=\"https:\/\/moncompte.actu.fr\" title=\"D\u00e9couvez Mon Actu\" rel=\"nofollow noopener\" data-trk=\"{&quot;cta&quot;:{&quot;action&quot;:&quot;https:\\\/\\\/moncompte.actu.fr&quot;,&quot;category&quot;:&quot;mon compte&quot;,&quot;from&quot;:&quot;article footer&quot;,&quot;name&quot;:&quot;Mon actu&quot;,&quot;type&quot;:&quot;cta&quot;}}\" target=\"_blank\">Mon Actu<\/a>.<\/p>\n","protected":false},"excerpt":{"rendered":"Par R\u00e9daction de Toulouse Publi\u00e9 le 9 janv. 2026 \u00e0 11h06 Vendredi 9 janvier 2026, si vous \u00eate&hellip;\n","protected":false},"author":2,"featured_media":651582,"comment_status":"","ping_status":"","sticky":false,"template":"","format":"standard","meta":{"footnotes":""},"categories":[2816],"tags":[1111,11,3542,1777,674,1011,27,12,2680,25,2215,104,2312],"class_list":{"0":"post-651581","1":"post","2":"type-post","3":"status-publish","4":"format-standard","5":"has-post-thumbnail","7":"category-toulouse","8":"tag-actu","9":"tag-actualites","10":"tag-circulation","11":"tag-eu","12":"tag-europe","13":"tag-fr","14":"tag-france","15":"tag-news","16":"tag-occitanie","17":"tag-republique-francaise","18":"tag-sncf","19":"tag-societe","20":"tag-toulouse"},"share_on_mastodon":{"url":"https:\/\/pubeurope.com\/@fr\/115864983623638618","error":""},"_links":{"self":[{"href":"https:\/\/www.europesays.com\/fr\/wp-json\/wp\/v2\/posts\/651581","targetHints":{"allow":["GET"]}}],"collection":[{"href":"https:\/\/www.europesays.com\/fr\/wp-json\/wp\/v2\/posts"}],"about":[{"href":"https:\/\/www.europesays.com\/fr\/wp-json\/wp\/v2\/types\/post"}],"author":[{"embeddable":true,"href":"https:\/\/www.europesays.com\/fr\/wp-json\/wp\/v2\/users\/2"}],"replies":[{"embeddable":true,"href":"https:\/\/www.europesays.com\/fr\/wp-json\/wp\/v2\/comments?post=651581"}],"version-history":[{"count":0,"href":"https:\/\/www.europesays.com\/fr\/wp-json\/wp\/v2\/posts\/651581\/revisions"}],"wp:featuredmedia":[{"embeddable":true,"href":"https:\/\/www.europesays.com\/fr\/wp-json\/wp\/v2\/media\/651582"}],"wp:attachment":[{"href":"https:\/\/www.europesays.com\/fr\/wp-json\/wp\/v2\/media?parent=651581"}],"wp:term":[{"taxonomy":"category","embeddable":true,"href":"https:\/\/www.europesays.com\/fr\/wp-json\/wp\/v2\/categories?post=651581"},{"taxonomy":"post_tag","embeddable":true,"href":"https:\/\/www.europesays.com\/fr\/wp-json\/wp\/v2\/tags?post=651581"}],"curies":[{"name":"wp","href":"https:\/\/api.w.org\/{rel}","templated":true}]}}