{"id":651585,"date":"2026-01-09T11:49:12","date_gmt":"2026-01-09T11:49:12","guid":{"rendered":"https:\/\/www.europesays.com\/fr\/651585\/"},"modified":"2026-01-09T11:49:12","modified_gmt":"2026-01-09T11:49:12","slug":"urban-trail-de-lille-les-inscriptions-ont-lieu-ce-vendredi-9-janvier-2026","status":"publish","type":"post","link":"https:\/\/www.europesays.com\/fr\/651585\/","title":{"rendered":"Urban Trail de Lille, les inscriptions ont lieu ce vendredi 9 janvier 2026"},"content":{"rendered":"<p class=\"article__intro\">Bien inscrit dans le paysage des courses \u00e0 pied r\u00e9gionales comme la Route du Louvre ou les 20 km de Maroilles, depuis 2019, l&rsquo;Urban Trail de Lille a la particularit\u00e9 de se faire en d\u00e9couvrant la richesse du patrimoine lillois. Il passera cette ann\u00e9e encore dans le Mus\u00e9e des Beaux-Arts, dans la mairie de Lille ou l&rsquo;Hospice Comtesse et le si\u00e8ge de la Caisse d&rsquo;\u00c9pargne. D\u00e9but des inscriptions \u00e0 20h00.<\/p>\n<p>\n      L\u2019actu des r\u00e9gions\n    <\/p>\n<p>\n      Chaque jour, un tour d\u2019horizon des principales infos de toutes les r\u00e9gions.\n    <\/p>\n<p>    France T\u00e9l\u00e9visions utilise votre adresse e-mail afin de vous envoyer la newsletter \u00ab\u00a0L\u2019actu des r\u00e9gions\u00a0\u00bb. Vous pouvez vous d\u00e9sinscrire \u00e0 tout moment via le lien en bas de cette newsletter. <a target=\"_blank\" href=\"https:\/\/www.francetelevisions.fr\/groupe\/confidentialite\/politique-de-confidentialite\/politique-de-confidentialite-de-france-televisions-6503\" rel=\"noopener\">Notre politique de confidentialit\u00e9<\/a><\/p>\n<p>Le d\u00e9compte a commenc\u00e9. Ce vendredi 9 janvier 2026, \u00e0 20h00 ouvriront les inscriptions pour l&rsquo;Urban Trail de Lille. L&rsquo;ann\u00e9e derni\u00e8re, 9 000 participants avaient d\u00e9couvert en courant ou en marchant les monuments lillois et les inscriptions \u00e9taient parties en une heure. L&rsquo;engouement avait \u00e9t\u00e9 tel qu&rsquo;environ 9 000 personnes n&rsquo;avaient pas pu s&rsquo;inscrire. Cette ann\u00e9e, \u00ab\u00a010 000 places sont \u00e0 vendre\u00a0\u00bb, confirme Jean-Pierre Watelle, directeur de la Ligue des Hauts-de-France d&rsquo;Athl\u00e9tisme.<\/p>\n<\/p>\n<p>Pour les licenci\u00e9s, un remboursement du prix des places s&rsquo;op\u00e8re. Trois courses sont au programme : un 5 km, un 10 km et l&rsquo;Urban Trail, de 9km. Les d\u00e9parts auront lieu entre 16h30 et 17h30, le 4 avril 2026, place de la R\u00e9publique (mus\u00e9e des Beaux Arts). Pour s&rsquo;inscrire c&rsquo;est <a href=\"https:\/\/urbantraildelille.fr\/\" target=\"_blank\" rel=\"noopener noreferrer nofollow\" data-tooltip-url=\"https:\/\/urbantraildelille.fr\/\">ici<\/a>. <\/p>\n<p><a data-article-figure=\"\" href=\"https:\/\/france3-regions.franceinfo.fr\/image\/He6VRwJNj30UW7rgSQJquvDjhVg\/1920x1080\/regions\/2026\/01\/09\/en-haut-6960d755c3c91531865478.jpg\" data-pswp-width=\"1920\" data-pswp-height=\"1080\" target=\"_blank\" rel=\"noopener\"><\/p>\n<p>          <img width=\"600\" height=\"400\" class=\"article-image lazy\" data-src=\"https:\/\/www.europesays.com\/fr\/wp-content\/uploads\/2026\/01\/en-haut-6960d755c3c91531865478.jpg\" alt=\"Le long du Palais des Beaux-Arts en 2025\" fetchpriority=\"high\" as=\"image\"\/><\/p>\n<p>\n            Le long du Palais des Beaux-Arts en 2025<br \/>\n                           \u2022<br \/>\n                                      \u00a9 France T\u00e9l\u00e9visions\n                      <\/p>\n<p><\/a><\/p>\n<p>Au total, l&rsquo;organisation esp\u00e8re au moins 15 000 coureurs et coureuses \u00e0 pied. La jauge maximale est de 10 000 participants pour l&rsquo;Urban Trail, 6 000 participants pour le 10 km et 3 000 pour le 5 km. <\/p>\n<p>\u00c0 noter que le temps maximum allou\u00e9 pour le Trail est de\u00a02h30 apr\u00e8s le d\u00e9part. Pass\u00e9 ce d\u00e9lai, les b\u00e2timents travers\u00e9s ferment leurs portes. Les concurrents consid\u00e9r\u00e9s comme hors course, pourront continuer sous leur propre responsabilit\u00e9 et devront alors se conformer aux dispositions du Code de la Route. Enfin les sacs sont interdits. <\/p>\n","protected":false},"excerpt":{"rendered":"Bien inscrit dans le paysage des courses \u00e0 pied r\u00e9gionales comme la Route du Louvre ou les 20&hellip;\n","protected":false},"author":2,"featured_media":651586,"comment_status":"","ping_status":"","sticky":false,"template":"","format":"standard","meta":{"footnotes":""},"categories":[2815],"tags":[1111,11,1777,674,1011,27,811,1307,12,25],"class_list":{"0":"post-651585","1":"post","2":"type-post","3":"status-publish","4":"format-standard","5":"has-post-thumbnail","7":"category-lille","8":"tag-actu","9":"tag-actualites","10":"tag-eu","11":"tag-europe","12":"tag-fr","13":"tag-france","14":"tag-hauts-de-france","15":"tag-lille","16":"tag-news","17":"tag-republique-francaise"},"share_on_mastodon":{"url":"https:\/\/pubeurope.com\/@fr\/115864991431744139","error":""},"_links":{"self":[{"href":"https:\/\/www.europesays.com\/fr\/wp-json\/wp\/v2\/posts\/651585","targetHints":{"allow":["GET"]}}],"collection":[{"href":"https:\/\/www.europesays.com\/fr\/wp-json\/wp\/v2\/posts"}],"about":[{"href":"https:\/\/www.europesays.com\/fr\/wp-json\/wp\/v2\/types\/post"}],"author":[{"embeddable":true,"href":"https:\/\/www.europesays.com\/fr\/wp-json\/wp\/v2\/users\/2"}],"replies":[{"embeddable":true,"href":"https:\/\/www.europesays.com\/fr\/wp-json\/wp\/v2\/comments?post=651585"}],"version-history":[{"count":0,"href":"https:\/\/www.europesays.com\/fr\/wp-json\/wp\/v2\/posts\/651585\/revisions"}],"wp:featuredmedia":[{"embeddable":true,"href":"https:\/\/www.europesays.com\/fr\/wp-json\/wp\/v2\/media\/651586"}],"wp:attachment":[{"href":"https:\/\/www.europesays.com\/fr\/wp-json\/wp\/v2\/media?parent=651585"}],"wp:term":[{"taxonomy":"category","embeddable":true,"href":"https:\/\/www.europesays.com\/fr\/wp-json\/wp\/v2\/categories?post=651585"},{"taxonomy":"post_tag","embeddable":true,"href":"https:\/\/www.europesays.com\/fr\/wp-json\/wp\/v2\/tags?post=651585"}],"curies":[{"name":"wp","href":"https:\/\/api.w.org\/{rel}","templated":true}]}}