{"id":651587,"date":"2026-01-09T11:50:12","date_gmt":"2026-01-09T11:50:12","guid":{"rendered":"https:\/\/www.europesays.com\/fr\/651587\/"},"modified":"2026-01-09T11:50:12","modified_gmt":"2026-01-09T11:50:12","slug":"ceremonie-des-voeux-de-la-mobilite-mobilians-fntr-06-83-et-fntv-sud","status":"publish","type":"post","link":"https:\/\/www.europesays.com\/fr\/651587\/","title":{"rendered":"C\u00e9r\u00e9monie des V\u0153ux de la mobilit\u00e9 \u2013 MOBILIANS, FNTR 06-83 et FNTV Sud"},"content":{"rendered":"<p><img loading=\"lazy\" decoding=\"async\" width=\"1000\" height=\"300\" src=\"https:\/\/www.europesays.com\/fr\/wp-content\/uploads\/2026\/01\/logos-voeux.jpg\" alt=\"logos voeux\" class=\"wp-image-37684\"  \/><\/p>\n<p class=\"tribe-events-schedule__datetime\">\n<p>\t\t\t14 janvier\t\t<\/p>\n<p>\t\t\t\t| \t\t\t<\/p>\n<p>\t\t\t\t18h00\t\t\t<\/p>\n<p>\t\t\t\t\t &#8211; \t\t\t\t<\/p>\n<p>\t\t\t\t\t20h00\t\t\t\t<\/p>\n<p>La C\u00e9r\u00e9monie des V\u0153ux de la mobilit\u00e9 r\u00e9unit acteurs et partenaires du secteur des transports pour \u00e9changer sur les enjeux actuels et \u00e0 venir.<\/p>\n<p><strong>Temps forts :<\/strong><\/p>\n<ul class=\"wp-block-list\">\n<li><strong>Cocktail d\u00eenatoire<\/strong>\u00a0pour c\u00e9l\u00e9brer la nouvelle ann\u00e9e<\/li>\n<\/ul>\n<ul class=\"wp-block-list\">\n<li>Intervention de\u00a0<strong>Jean-Marc Zulesi<\/strong>, ancien d\u00e9put\u00e9 et sp\u00e9cialiste des questions de mobilit\u00e9 et transports<\/li>\n<\/ul>\n<ul class=\"wp-block-list\">\n<li><strong>Grand proc\u00e8s des mobilit\u00e9s<\/strong>, moment ludique et interactif<\/li>\n<\/ul>\n<p><strong>\u00c9v\u00e9nement sur invitation uniquement.<\/strong><\/p>\n","protected":false},"excerpt":{"rendered":"14 janvier | 18h00 &#8211; 20h00 La C\u00e9r\u00e9monie des V\u0153ux de la mobilit\u00e9 r\u00e9unit acteurs et partenaires du&hellip;\n","protected":false},"author":2,"featured_media":651588,"comment_status":"","ping_status":"","sticky":false,"template":"","format":"standard","meta":{"footnotes":""},"categories":[2814],"tags":[1111,11,1777,674,1011,27,884,12,882,25],"class_list":{"0":"post-651587","1":"post","2":"type-post","3":"status-publish","4":"format-standard","5":"has-post-thumbnail","7":"category-marseille","8":"tag-actu","9":"tag-actualites","10":"tag-eu","11":"tag-europe","12":"tag-fr","13":"tag-france","14":"tag-marseille","15":"tag-news","16":"tag-provence-alpes-cote-dazur","17":"tag-republique-francaise"},"share_on_mastodon":{"url":"https:\/\/pubeurope.com\/@fr\/115864995402734261","error":""},"_links":{"self":[{"href":"https:\/\/www.europesays.com\/fr\/wp-json\/wp\/v2\/posts\/651587","targetHints":{"allow":["GET"]}}],"collection":[{"href":"https:\/\/www.europesays.com\/fr\/wp-json\/wp\/v2\/posts"}],"about":[{"href":"https:\/\/www.europesays.com\/fr\/wp-json\/wp\/v2\/types\/post"}],"author":[{"embeddable":true,"href":"https:\/\/www.europesays.com\/fr\/wp-json\/wp\/v2\/users\/2"}],"replies":[{"embeddable":true,"href":"https:\/\/www.europesays.com\/fr\/wp-json\/wp\/v2\/comments?post=651587"}],"version-history":[{"count":0,"href":"https:\/\/www.europesays.com\/fr\/wp-json\/wp\/v2\/posts\/651587\/revisions"}],"wp:featuredmedia":[{"embeddable":true,"href":"https:\/\/www.europesays.com\/fr\/wp-json\/wp\/v2\/media\/651588"}],"wp:attachment":[{"href":"https:\/\/www.europesays.com\/fr\/wp-json\/wp\/v2\/media?parent=651587"}],"wp:term":[{"taxonomy":"category","embeddable":true,"href":"https:\/\/www.europesays.com\/fr\/wp-json\/wp\/v2\/categories?post=651587"},{"taxonomy":"post_tag","embeddable":true,"href":"https:\/\/www.europesays.com\/fr\/wp-json\/wp\/v2\/tags?post=651587"}],"curies":[{"name":"wp","href":"https:\/\/api.w.org\/{rel}","templated":true}]}}