{"id":651591,"date":"2026-01-09T11:52:11","date_gmt":"2026-01-09T11:52:11","guid":{"rendered":"https:\/\/www.europesays.com\/fr\/651591\/"},"modified":"2026-01-09T11:52:11","modified_gmt":"2026-01-09T11:52:11","slug":"je-ne-sais-pas-ou-dormir-ce-soir","status":"publish","type":"post","link":"https:\/\/www.europesays.com\/fr\/651591\/","title":{"rendered":"Je ne sais pas o\u00f9 dormir ce soir"},"content":{"rendered":"<p>                    Par<br \/>\n        <strong><br \/>\n            <a href=\"https:\/\/actu.fr\/auteur\/anthony-soudani\" title=\"Consulter tous les articles de Anthony Soudani\" target=\"_blank\" rel=\"noopener\">Anthony Soudani<\/a><br \/>\n                    <\/strong><\/p>\n<p>        Publi\u00e9 le<\/p>\n<p>            9 janv. 2026 \u00e0 11h18        <\/p>\n<p>Salima, Lila et Safia* vivent sans domicile fixe avec leurs enfants. <strong>Ces femmes alg\u00e9riennes n\u2019ont pas de toit depuis leur arriv\u00e9e en France.<\/strong> Parfois mises \u00e0 l\u2019abri dans des \u00e9coles, chez des ma\u00eetresses ou dans des h\u00e9bergements d\u2019urgence, ces familles vivent au jour le jour \u00e0 <a href=\"https:\/\/actu.fr\/lyon\/\" target=\"_blank\" rel=\"noopener\">Lyon<\/a>. Elles ne d\u00e9sirent qu\u2019une chose\u2009: \u00ab\u2009On veut juste avoir un logement pour mettre nos enfants \u00e0 l\u2019abri et trouver du travail.\u2009\u00bb<br \/>Ces trois femmes t\u00e9moignent jeudi 8\u00a0janvier aupr\u00e8s d\u2019actu Lyon.<\/p>\n<p>Salima et sa famille ont dormi dans une \u00e9cole pendant un an et demi<\/p>\n<p class=\" wall-content\">Toutes sont venues en France en 2024 pour la m\u00eame raison\u2009: fuir l\u2019Alg\u00e9rie o\u00f9 elle ne croit plus au syst\u00e8me \u00e9ducatif pour bien \u00e9lever leurs enfants. Elles avaient ici l\u2019espoir de rebondir, mais cela n\u2019a pas \u00e9t\u00e9 le cas. En \u00e9tant en situation irr\u00e9guli\u00e8re, sans papiers, elles se sont vite retrouv\u00e9es le bec dans l\u2019eau.<\/p>\n<p class=\" wall-content\">Salima, celle qui s\u2019exprime le mieux en Fran\u00e7ais, nous raconte son histoire. \u00ab\u2009Je suis arriv\u00e9e le 23\u00a0juillet 2024, seule avec mes deux enfants. Je suis rest\u00e9e chez une amie puis j\u2019ai d\u00fb partir \u00e0 un moment donn\u00e9. J\u2019ai demand\u00e9 au collectif Jamais sans toit et aux ma\u00eetresses de mes enfants de l\u2019aide. Ils m\u2019ont propos\u00e9 de dormir \u00e0 l\u2019\u00e9cole.\u2009\u00bb<\/p>\n<p>    <img   decoding=\"async\" loading=\"lazy\" src=\"https:\/\/www.europesays.com\/fr\/wp-content\/uploads\/2026\/01\/salima-algerienne-sdf-lyon-960x640.jpg\" alt=\"Salima vit sans domicile fixe \u00e0 Lyon avec ses deux enfants \u00e2g\u00e9s de 8 et 11 ans.\" width=\"960\" height=\"640\"\/><br \/>\n    Salima vit sans domicile fixe \u00e0 Lyon avec ses deux enfants \u00e2g\u00e9s de 8 et 11\u00a0ans. (\u00a9Anthony Soudani \/ actu Lyon)<\/p>\n<p class=\" wall-content\">Salima et ses enfants ont dormi \u00e0 l\u2019\u00e9cole Audrey-Hepburn dans le 9e arrondissement du 27\u00a0septembre 2024 jusqu\u2019au 19\u00a0d\u00e9cembre 2025, soit pr\u00e8s d\u2019un an et demi. \u00ab\u2009Pendant les vacances de No\u00ebl, j\u2019ai dormi dans l\u2019h\u00f4tel pay\u00e9 par la maire dans le 8e arrondissement de Lyon\u2009\u00bb, pr\u00e9cise-t-elle.<\/p>\n<p>\u00ab\u2009Je ne sais pas o\u00f9 je vais dormir ce soir\u2009\u00bb<\/p>\n<p class=\" wall-content\">D\u00e9sormais, elle n\u2019a plus de solution si ce n\u2019est appel\u00e9 le 115 pour \u00eatre mis \u00e0 l\u2019abri avec ses enfants de 8 et 11\u00a0ans dans un h\u00e9bergement d\u2019urgence la nuit. \u00ab\u2009J\u2019ai dormi avant-hier <strong>dans un gymnase et hier chez une ma\u00eetresse<\/strong>. Je ne sais pas o\u00f9 je vais dormir ce soir.\u2009\u00bb<\/p>\n<p class=\" wall-content\">Les trois femmes passent la journ\u00e9e avec leurs affaires dans un sac dans l\u2019espoir de trouver un endroit o\u00f9 dormir. \u00ab\u2009Elles n\u2019ont qu\u2019une envie c\u2019est avoir un logement et travailler. Elles ne demandent qu\u2019\u00e0 travailler dans les m\u00e9tiers en tension mais elles ne peuvent pas. Elles sont bloqu\u00e9es. Sinon c\u2019est au noir mais c\u2019est trop risqu\u00e9\u2009\u00bb, assure Juliette, membre du collectif Jamais sans toit.<\/p>\n<p>Votre r\u00e9gion, votre actu !<\/p>\n<p>Recevez chaque jour les infos qui comptent pour vous.<\/p>\n<p>\t<a href=\"https:\/\/actu.fr\/newsletter\" class=\"ac-btn ac-btn--corner ac-btn--medium ac-btn--blue800\" target=\"_blank\" rel=\"noopener\">S&rsquo;incrire<\/a><br \/>\n\u00ab\u200984\u00a0enfants \u00e0 la rue \u00e0 Lyon\u2009\u00bb<\/p>\n<p class=\" wall-content\">La militante dresse un constat pr\u00e9occupant\u2009: \u00ab\u2009Il y avait 137\u00a0personnes dont 84\u00a0enfants \u00e0 la rue avant les vacances scolaires \u00e0 Lyon.<strong> Nous recensons 315\u00a0enfants sans solution d\u2019h\u00e9bergement dont 22 b\u00e9b\u00e9s et 84 m\u00e8res isol\u00e9es dans toute la m\u00e9tropole<\/strong>. C\u2019est trois fois plus qu\u2019en janvier\u00a02022.\u2009\u00bb<\/p>\n<p class=\" wall-content\">Juliette r\u00e9clame l\u2019ouverture de places suppl\u00e9mentaires d\u2019h\u00e9bergement d\u2019urgence. Pourtant, dans le cadre du plan Grand Froid activ\u00e9 le 29\u00a0d\u00e9cembre, la pr\u00e9f\u00e8te du Rh\u00f4ne a r\u00e9cemment transform\u00e9 les gymnases de Rosset (Lyon 7) et Chanfray (Lyon 2) en centres d\u2019h\u00e9bergement d\u2019urgence pour accueillir et mettre \u00e0 l\u2019abri les personnes vuln\u00e9rables.<\/p>\n<p class=\" wall-content\">La capacit\u00e9 d\u2019h\u00e9bergement a m\u00eame \u00e9t\u00e9 augment\u00e9e de 30 places afin de pouvoir accueillir 250\u00a0personnes au total.<\/p>\n<p class=\" wall-content\">Mais pour le collectif Jamais sans toit, c\u2019est toujours insuffisant\u2026 \u00ab\u2009Ces femmes aimeraient travailler sur l\u2019obtention de leurs papiers et avoir un boulot mais c\u2019est secondaire par rapport \u00e0 quand on pense mettre ses enfants \u00e0 l\u2019abri.\u2009\u00bb<\/p>\n<p class=\" wall-content\">*Leurs pr\u00e9noms ont \u00e9t\u00e9 modifi\u00e9s par souci d\u2019anonymat.<\/p>\n<p class=\" wall-content\">Personnalisez votre actualit\u00e9 en ajoutant vos villes et m\u00e9dias en favori avec <a href=\"https:\/\/moncompte.actu.fr\" title=\"D\u00e9couvez Mon Actu\" rel=\"nofollow noopener\" data-trk=\"{&quot;cta&quot;:{&quot;action&quot;:&quot;https:\\\/\\\/moncompte.actu.fr&quot;,&quot;category&quot;:&quot;mon compte&quot;,&quot;from&quot;:&quot;article footer&quot;,&quot;name&quot;:&quot;Mon actu&quot;,&quot;type&quot;:&quot;cta&quot;}}\" target=\"_blank\">Mon Actu<\/a>.<\/p>\n","protected":false},"excerpt":{"rendered":"Par Anthony Soudani Publi\u00e9 le 9 janv. 2026 \u00e0 11h18 Salima, Lila et Safia* vivent sans domicile fixe&hellip;\n","protected":false},"author":2,"featured_media":651592,"comment_status":"","ping_status":"","sticky":false,"template":"","format":"standard","meta":{"footnotes":""},"categories":[1889],"tags":[1111,11,15,2430,1777,674,1011,27,1061,2428,12,25,104],"class_list":{"0":"post-651591","1":"post","2":"type-post","3":"status-publish","4":"format-standard","5":"has-post-thumbnail","7":"category-lyon","8":"tag-actu","9":"tag-actualites","10":"tag-algerie","11":"tag-auvergne-rhone-alpes","12":"tag-eu","13":"tag-europe","14":"tag-fr","15":"tag-france","16":"tag-immigration","17":"tag-lyon","18":"tag-news","19":"tag-republique-francaise","20":"tag-societe"},"share_on_mastodon":{"url":"https:\/\/pubeurope.com\/@fr\/115865003280259596","error":""},"_links":{"self":[{"href":"https:\/\/www.europesays.com\/fr\/wp-json\/wp\/v2\/posts\/651591","targetHints":{"allow":["GET"]}}],"collection":[{"href":"https:\/\/www.europesays.com\/fr\/wp-json\/wp\/v2\/posts"}],"about":[{"href":"https:\/\/www.europesays.com\/fr\/wp-json\/wp\/v2\/types\/post"}],"author":[{"embeddable":true,"href":"https:\/\/www.europesays.com\/fr\/wp-json\/wp\/v2\/users\/2"}],"replies":[{"embeddable":true,"href":"https:\/\/www.europesays.com\/fr\/wp-json\/wp\/v2\/comments?post=651591"}],"version-history":[{"count":0,"href":"https:\/\/www.europesays.com\/fr\/wp-json\/wp\/v2\/posts\/651591\/revisions"}],"wp:featuredmedia":[{"embeddable":true,"href":"https:\/\/www.europesays.com\/fr\/wp-json\/wp\/v2\/media\/651592"}],"wp:attachment":[{"href":"https:\/\/www.europesays.com\/fr\/wp-json\/wp\/v2\/media?parent=651591"}],"wp:term":[{"taxonomy":"category","embeddable":true,"href":"https:\/\/www.europesays.com\/fr\/wp-json\/wp\/v2\/categories?post=651591"},{"taxonomy":"post_tag","embeddable":true,"href":"https:\/\/www.europesays.com\/fr\/wp-json\/wp\/v2\/tags?post=651591"}],"curies":[{"name":"wp","href":"https:\/\/api.w.org\/{rel}","templated":true}]}}