{"id":651599,"date":"2026-01-09T11:57:18","date_gmt":"2026-01-09T11:57:18","guid":{"rendered":"https:\/\/www.europesays.com\/fr\/651599\/"},"modified":"2026-01-09T11:57:18","modified_gmt":"2026-01-09T11:57:18","slug":"a-vendre-un-atelier-dartiste-art-nouveau-dans-lune-des-rue-les-plus-secretes-de-paris","status":"publish","type":"post","link":"https:\/\/www.europesays.com\/fr\/651599\/","title":{"rendered":"\u00c0 vendre, un atelier d\u2019artiste Art nouveau dans l&rsquo;une des rue les plus secr\u00e8tes de Paris"},"content":{"rendered":"<p>Un atelier d&rsquo;artiste pris\u00e9 par Salvador Dal\u00ed est \u00e0 vendre dans la Campagne Premi\u00e8re<img decoding=\"async\" alt=\"Atelier artiste \u00e0 vendre\" loading=\"lazy\" class=\"ResponsiveImageContainer-eNxvmU cfBbTk responsive-image__image\"   src=\"https:\/\/www.europesays.com\/fr\/wp-content\/uploads\/2026\/01\/Atelier%20artiste%20Paris%2014%20(c)Paris%20Ouest%20Sothebys%20International%20Realty%2014.jpg\"\/><\/p>\n<p>\u00a9 Paris Ouest Sothebys International Realty<\/p>\n<p>La rue Campagne Premi\u00e8re fait partie des adresses les plus confidentielles de Paris. Situ\u00e9e dans le XIV \u00e8me arrondissement, entre le boulevard du <a href=\"https:\/\/www.admagazine.fr\/article\/tour-montparnasse-renovation-624-millions\" target=\"_blank\" rel=\"noopener\">Montparnasse<\/a> et le boulevard Raspail, elle a \u00e9t\u00e9 le repaires des grands artistes du si\u00e8cle dernier, \u00e0 l\u2019image du peintre surr\u00e9aliste <a href=\"https:\/\/www.admagazine.fr\/article\/man-ray-collection-encheres\" target=\"_blank\" rel=\"noopener\">Man Ray<\/a>, de Foujita ou encore d\u2019Yves Klein qui a v\u00e9cu au num\u00e9ro 14 de la rue \u2014 une plaque comm\u00e9morative indique : \u00ab Dans cet immeuble a v\u00e9cu et travaill\u00e9 de 1958 \u00e0 1962 le peintre Yves Klein. \u00bb<\/p>\n<p><img decoding=\"async\" alt=\"atelier artiste \u00e0 vendre paris salon lumineux blanc\" loading=\"lazy\" class=\"ResponsiveImageContainer-eNxvmU cfBbTk responsive-image__image\"   src=\"https:\/\/www.europesays.com\/fr\/wp-content\/uploads\/2026\/01\/Atelier%20artiste%20Paris%2014%20(c)Paris%20Ouest%20Sothebys%20International%20Realty%206.jpg\"\/><\/p>\n<p>\u00a9 Paris Ouest Sothebys International Realty<\/p>\n<p><img decoding=\"async\" alt=\"atelier artiste \u00e0 vendre\" loading=\"lazy\" class=\"ResponsiveImageContainer-eNxvmU cfBbTk responsive-image__image\"   src=\"https:\/\/www.europesays.com\/fr\/wp-content\/uploads\/2026\/01\/Atelier%20artiste%20Paris%2014%20(c)Paris%20Ouest%20Sothebys%20International%20Realty%2013.jpg\"\/><\/p>\n<p>\u00a9 Paris Ouest Sothebys International Realty<\/p>\n<p>Un immeuble prim\u00e9, c\u00e9l\u00e8bre pour sa fa\u00e7ade Art nouveau<\/p>\n<p>Ici, nous sommes dans l\u2019un des ateliers o\u00f9 <a href=\"https:\/\/www.admagazine.fr\/galerie\/salvador-dali-photos-artiste-excentrique\" target=\"_blank\" rel=\"noopener\">Salvador Dal\u00ed<\/a> aurait laiss\u00e9 libre cours \u00e0 sa cr\u00e9ativit\u00e9, entre les murs d\u2019un appartement au patrimoine historique rare. \u00c9difi\u00e9 en 1911 par l\u2019architecte Andr\u00e9 Arfvidson, l\u2019immeuble est connu pour sa fa\u00e7ade de style <a href=\"https:\/\/www.admagazine.fr\/article\/le-petit-bijou-art-nouveau-dun-amoureux-de-paris\" target=\"_blank\" rel=\"noopener\">Art nouveau<\/a> sign\u00e9e Alexandre Bigot : une v\u00e9ritable \u0153uvre d\u2019art en gr\u00e8s flamm\u00e9 orn\u00e9e de motifs floraux et de carreaux aux notes brunes et ocres. L\u2019immeuble remporte m\u00eame un prix au concours de fa\u00e7ade de la Ville de Paris organis\u00e9e en 1911.<\/p>\n<p><img decoding=\"async\" alt=\"atelier artiste \u00e0 vendre paris verriere\" loading=\"lazy\" class=\"ResponsiveImageContainer-eNxvmU cfBbTk responsive-image__image\"   src=\"https:\/\/www.europesays.com\/fr\/wp-content\/uploads\/2026\/01\/Atelier%20artiste%20Paris%2014%20(c)Paris%20Ouest%20Sothebys%20International%20Realty%2011.jpg\"\/><\/p>\n<p>\u00a9 Paris Ouest Sothebys International Realty<\/p>\n<p><img decoding=\"async\" alt=\"\u00c0 vendre un atelier dartiste Art nouveau dans l'une des rue les plus secr\u00e8tes de Paris\" loading=\"lazy\" class=\"ResponsiveImageContainer-eNxvmU cfBbTk responsive-image__image\"   src=\"https:\/\/www.europesays.com\/fr\/wp-content\/uploads\/2026\/01\/Atelier%20artiste%20Paris%2014%20(c)Paris%20Ouest%20Sothebys%20International%20Realty%2012.jpg\"\/><\/p>\n<p>\u00a9 Paris Ouest Sothebys International Realty<\/p>\n<p>Un appartement o\u00f9 la lumi\u00e8re est reine<\/p>\n<p>Une fois pass\u00e9e l\u2019entr\u00e9e de <a href=\"https:\/\/www.admagazine.fr\/article\/atelier-couple-dartistes-paris-brutaliste\" target=\"_blank\" rel=\"noopener\">l&rsquo;atelier d&rsquo;artiste<\/a>, le premier niveau affiche un salon d\u2019une vingtaine de m\u00e8tres carr\u00e9s o\u00f9 la lumi\u00e8re semble reine gr\u00e2ce aux immenses baies vitr\u00e9es caract\u00e9ristiques de ces ateliers d\u2019artistes. Elles conf\u00e8rent une vue sur le square Yves Klein, un parc en hommage au peintre l\u00e9gendaire reconnaissable \u00e0 ses bancs bleus. On acc\u00e8de au second niveau par un escalier avant d\u2019y d\u00e9couvrir une cuisine semi-ouverte, une salle \u00e0 manger ainsi qu\u2019un coin dit \u00ab de lecture \u00bb pour travailler, \u00e9crire, lire ou cr\u00e9er\u2026 Quant \u00e0 la chambre, enti\u00e8rement r\u00e9nov\u00e9e elle aussi, elle s\u2019int\u00e8gre parfaitement \u00e0 la structure de cet appartement m\u00ealant les codes du <a href=\"https:\/\/www.admagazine.fr\/article\/un-loft-parisien-aux-45-m2-optimises-dans-lancien-atelier-dune-peintre\" target=\"_blank\" rel=\"noopener\">loft<\/a> et de l\u2019atelier d\u2019artiste avec brio. L\u2019ensemble du patrimoine historique et architectural a \u00e9t\u00e9 respect\u00e9 dans les r\u00e8gles de l\u2019art lors de cette r\u00e9novation. L\u2019atelier d\u2019artiste est mis en vente par Sotheby\u2019s International Realty au prix de 1 160 000 \u20ac.<\/p>\n<p>Les plus beaux ateliers d&rsquo;artistes mis vente \u00e0 Paris ces derniers mois<\/p>\n<p>Les ateliers d&rsquo;artistes semblent avoir la cote sur le <a href=\"https:\/\/www.admagazine.fr\/article\/grandes-transactions-immobilieres-celebrites-paris\" target=\"_blank\" rel=\"noopener\">march\u00e9 immobilier parisien<\/a>. Cette ann\u00e9e, ces biens \u00e9taient \u00e9galement mis en vente.<\/p>\n<p>Un ancien atelier d&rsquo;artiste est \u00e0 vendre Rive gauche<\/p>\n<p>Initialement construit pour l\u2019Exposition Universelle, <a href=\"https:\/\/www.admagazine.fr\/article\/a-vendre-atelier-artiste-loft-industriel-paris\" target=\"_blank\" rel=\"noopener\">cet ancien atelier de menuiserie<\/a> est devenu un atelier et un loft de belle ampleur, mis en vente par Sotheby\u2019s Propri\u00e9t\u00e9s Parisiennes. Situ\u00e9 dans le quartier du Gros-Caillou \u00e0 Paris, \u00e0 proximit\u00e9 du Champs de Mars et de la <a href=\"https:\/\/www.admagazine.fr\/architecture\/balade\/article\/la-tour-eiffel-en-10-transformations-majeures\" target=\"_blank\" rel=\"noopener\">Tour Eiffel<\/a>, l\u2019int\u00e9rieur se d\u00e9ploie sur 241 m\u00e8tres carr\u00e9s, \u00e0 l\u2019abri des regards, cach\u00e9 au fond d\u2019une cour bucolique. D\u00e9crit \u00ab comme une maison \u00bb au c\u0153ur de Paris, l\u2019appartement convoque l\u2019esprit d\u2019une galerie d\u2019art ou d\u2019un cocon de collectionneur. Les amoureux d&rsquo;art pourront exposer leur pi\u00e8ces de c\u0153ur, comme dans cette biblioth\u00e8ques aux tons Mondrian, \u00e9l\u00e9ment phare de l&rsquo;int\u00e9rieur. Une fois pass\u00e9e l\u2019entr\u00e9e et sa <a href=\"https:\/\/www.admagazine.fr\/adinspiration\/article\/petits-espaces-3-idees-de-verrieres-a-copier\" target=\"_blank\" rel=\"noopener\">verri\u00e8re<\/a>, on d\u00e9couvre un vaste s\u00e9jour et une biblioth\u00e8que ainsi qu\u2019un bureau. Enti\u00e8rement \u00e9quip\u00e9e, la cuisine se compl\u00e8te d\u2019une salle d\u2019eau et d\u2019une buanderie avec entr\u00e9e de service d\u00e9di\u00e9e.<\/p>\n","protected":false},"excerpt":{"rendered":"Un atelier d&rsquo;artiste pris\u00e9 par Salvador Dal\u00ed est \u00e0 vendre dans la Campagne Premi\u00e8re \u00a9 Paris Ouest Sothebys&hellip;\n","protected":false},"author":2,"featured_media":651600,"comment_status":"","ping_status":"","sticky":false,"template":"","format":"standard","meta":{"footnotes":""},"categories":[1888],"tags":[29857,1111,1928,11,1927,1777,674,1011,27,1965,12,1926,626,1925,25],"class_list":{"0":"post-651599","1":"post","2":"type-post","3":"status-publish","4":"format-standard","5":"has-post-thumbnail","7":"category-paris","8":"tag-a-vendre","9":"tag-actu","10":"tag-actu-paris","11":"tag-actualites","12":"tag-actualites-paris","13":"tag-eu","14":"tag-europe","15":"tag-fr","16":"tag-france","17":"tag-maisons-a-vendre","18":"tag-news","19":"tag-news-paris","20":"tag-paris","21":"tag-paris-news","22":"tag-republique-francaise"},"share_on_mastodon":{"url":"https:\/\/pubeurope.com\/@fr\/115865023093968915","error":""},"_links":{"self":[{"href":"https:\/\/www.europesays.com\/fr\/wp-json\/wp\/v2\/posts\/651599","targetHints":{"allow":["GET"]}}],"collection":[{"href":"https:\/\/www.europesays.com\/fr\/wp-json\/wp\/v2\/posts"}],"about":[{"href":"https:\/\/www.europesays.com\/fr\/wp-json\/wp\/v2\/types\/post"}],"author":[{"embeddable":true,"href":"https:\/\/www.europesays.com\/fr\/wp-json\/wp\/v2\/users\/2"}],"replies":[{"embeddable":true,"href":"https:\/\/www.europesays.com\/fr\/wp-json\/wp\/v2\/comments?post=651599"}],"version-history":[{"count":0,"href":"https:\/\/www.europesays.com\/fr\/wp-json\/wp\/v2\/posts\/651599\/revisions"}],"wp:featuredmedia":[{"embeddable":true,"href":"https:\/\/www.europesays.com\/fr\/wp-json\/wp\/v2\/media\/651600"}],"wp:attachment":[{"href":"https:\/\/www.europesays.com\/fr\/wp-json\/wp\/v2\/media?parent=651599"}],"wp:term":[{"taxonomy":"category","embeddable":true,"href":"https:\/\/www.europesays.com\/fr\/wp-json\/wp\/v2\/categories?post=651599"},{"taxonomy":"post_tag","embeddable":true,"href":"https:\/\/www.europesays.com\/fr\/wp-json\/wp\/v2\/tags?post=651599"}],"curies":[{"name":"wp","href":"https:\/\/api.w.org\/{rel}","templated":true}]}}