{"id":651607,"date":"2026-01-09T12:01:12","date_gmt":"2026-01-09T12:01:12","guid":{"rendered":"https:\/\/www.europesays.com\/fr\/651607\/"},"modified":"2026-01-09T12:01:12","modified_gmt":"2026-01-09T12:01:12","slug":"les-images-des-frappes-russes-sur-lukraine-qui-ont-fait-au-moins-quatre-morts-et-24-blesses","status":"publish","type":"post","link":"https:\/\/www.europesays.com\/fr\/651607\/","title":{"rendered":"Les images des frappes russes sur l\u2019Ukraine qui ont fait au moins quatre morts et 24 bless\u00e9s"},"content":{"rendered":"\n<p class=\"article__paragraph  \">Des frappes russes de drones sur plusieurs immeubles r\u00e9sidentiels ont fait au moins quatre\u00a0morts et 24\u00a0bless\u00e9s pendant la nuit de jeudi \u00e0 vendredi \u00e0 Kiev, selon le maire de la capitale ukrainienne, Vitali Klitschko.<\/p>\n<p class=\"article__paragraph  \">L\u2019arm\u00e9e de l\u2019air ukrainienne fait \u00e9tat de 36 missiles et de 242 drones tir\u00e9s au total par la Russie, principalement dans la r\u00e9gion de Kiev.<\/p>\n<p class=\"article__paragraph  \">Un secouriste ukrainien d\u00e9ploy\u00e9 sur l\u2019un des sites vis\u00e9s a \u00e9t\u00e9 tu\u00e9 par un drone. Des infrastructures ont \u00e9t\u00e9 endommag\u00e9es, et la r\u00e9gion a \u00e9t\u00e9 touch\u00e9e par des coupures de courant.<\/p>\n<p class=\"article__author-container\"> <a class=\"article__author-link\" href=\"https:\/\/www.lemonde.fr\/signataires\/service-video\/\" target=\"_blank\" rel=\"noopener\"> Service vid\u00e9o du Monde<\/a> (avec Reuters) <\/p>\n<p>L\u2019espace des contributions est r\u00e9serv\u00e9 aux abonn\u00e9s.<\/p>\n<p>Abonnez-vous pour acc\u00e9der \u00e0 cet espace d\u2019\u00e9change et contribuer \u00e0 la discussion.<\/p>\n<p>    <a href=\"https:\/\/abo.lemonde.fr\/?edi_medium=BOUTONS_LMFR&amp;edi_campaign=CONTRIBUTION_ARTICLE\" class=\"btn btn--premium js-btn-premium\" target=\"_blank\" rel=\"noopener\">S\u2019abonner<\/a>                 <\/p>\n","protected":false},"excerpt":{"rendered":"Des frappes russes de drones sur plusieurs immeubles r\u00e9sidentiels ont fait au moins quatre\u00a0morts et 24\u00a0bless\u00e9s pendant la&hellip;\n","protected":false},"author":2,"featured_media":651608,"comment_status":"","ping_status":"","sticky":false,"template":"","format":"standard","meta":{"footnotes":""},"categories":[1590],"tags":[11,1777,674,12,220],"class_list":{"0":"post-651607","1":"post","2":"type-post","3":"status-publish","4":"format-standard","5":"has-post-thumbnail","7":"category-ukraine","8":"tag-actualites","9":"tag-eu","10":"tag-europe","11":"tag-news","12":"tag-ukraine"},"share_on_mastodon":{"url":"https:\/\/pubeurope.com\/@fr\/115865038750821472","error":""},"_links":{"self":[{"href":"https:\/\/www.europesays.com\/fr\/wp-json\/wp\/v2\/posts\/651607","targetHints":{"allow":["GET"]}}],"collection":[{"href":"https:\/\/www.europesays.com\/fr\/wp-json\/wp\/v2\/posts"}],"about":[{"href":"https:\/\/www.europesays.com\/fr\/wp-json\/wp\/v2\/types\/post"}],"author":[{"embeddable":true,"href":"https:\/\/www.europesays.com\/fr\/wp-json\/wp\/v2\/users\/2"}],"replies":[{"embeddable":true,"href":"https:\/\/www.europesays.com\/fr\/wp-json\/wp\/v2\/comments?post=651607"}],"version-history":[{"count":0,"href":"https:\/\/www.europesays.com\/fr\/wp-json\/wp\/v2\/posts\/651607\/revisions"}],"wp:featuredmedia":[{"embeddable":true,"href":"https:\/\/www.europesays.com\/fr\/wp-json\/wp\/v2\/media\/651608"}],"wp:attachment":[{"href":"https:\/\/www.europesays.com\/fr\/wp-json\/wp\/v2\/media?parent=651607"}],"wp:term":[{"taxonomy":"category","embeddable":true,"href":"https:\/\/www.europesays.com\/fr\/wp-json\/wp\/v2\/categories?post=651607"},{"taxonomy":"post_tag","embeddable":true,"href":"https:\/\/www.europesays.com\/fr\/wp-json\/wp\/v2\/tags?post=651607"}],"curies":[{"name":"wp","href":"https:\/\/api.w.org\/{rel}","templated":true}]}}