{"id":651611,"date":"2026-01-09T12:03:14","date_gmt":"2026-01-09T12:03:14","guid":{"rendered":"https:\/\/www.europesays.com\/fr\/651611\/"},"modified":"2026-01-09T12:03:14","modified_gmt":"2026-01-09T12:03:14","slug":"exil-fiscal-au-royaume-uni-pourquoi-les-millionnaires-partent","status":"publish","type":"post","link":"https:\/\/www.europesays.com\/fr\/651611\/","title":{"rendered":"Exil fiscal au Royaume-Uni : pourquoi les millionnaires partent"},"content":{"rendered":"<p>L\u2019\u00e8re de Margaret Thatcher, quand le Royaume-Uni faisait figure de champion du n\u00e9olib\u00e9ralisme et de havre pour les plus fortun\u00e9s, semble bien lointaine. Alors que le gouvernement travailliste s\u2019efforce d\u2019\u00e9quilibrer les comptes publics, plusieurs mesures ont fait grincer des dents les plus riches et conduit certains d\u2019entre eux \u00e0 l\u2019exil fiscal. Si la tendance n\u2019est pas aussi prononc\u00e9e <a href=\"https:\/\/www.bloomberg.com\/news\/articles\/2025-11-03\/farage-vows-to-end-exodus-of-rich-in-economic-vision-for-uk\" target=\"_blank\" rel=\"noopener\">que le clame l\u2019opposition<\/a>, elle inqui\u00e8te malgr\u00e9 tout le gouvernement.<\/p>\n<p>En cause\u00a0: une r\u00e9forme de mars\u00a02024 par laquelle le pr\u00e9c\u00e9dent gouvernement conservateur a aboli le r\u00e9gime dit \u00ab\u00a0des non-domicili\u00e9s\u00a0\u00bb, supprimant ainsi les exon\u00e9rations sur les revenus et gains \u00e9trangers. C\u2019est une fort mauvaise nouvelle pour les r\u00e9sidents britanniques disposant d\u2019actifs internationaux. En octobre\u00a02024, le gouvernement travailliste a, pour sa part, augment\u00e9 la taxation du capital, des entreprises et des successions. Ces d\u00e9cisions ont \u00e9t\u00e9 vivement critiqu\u00e9es par les organisations patronales et les figures de la tech, d\u2019autant plus qu\u2019un programme de visa r\u00e9serv\u00e9 aux investisseurs (2\u00a0millions de livres au minimum) a \u00e9galement \u00e9t\u00e9 supprim\u00e9.<\/p>\n","protected":false},"excerpt":{"rendered":"L\u2019\u00e8re de Margaret Thatcher, quand le Royaume-Uni faisait figure de champion du n\u00e9olib\u00e9ralisme et de havre pour les&hellip;\n","protected":false},"author":2,"featured_media":480729,"comment_status":"","ping_status":"","sticky":false,"template":"","format":"standard","meta":{"footnotes":""},"categories":[1588],"tags":[5734,11,41588,27196,20,33,1777,674,75587,27,75586,12,34389,11692,473,1853,1851,1850,1852],"class_list":{"0":"post-651611","1":"post","2":"type-post","3":"status-publish","4":"format-standard","5":"has-post-thumbnail","7":"category-royaume-uni","8":"tag-5734","9":"tag-actualites","10":"tag-attirer","11":"tag-britanniques","12":"tag-comment","13":"tag-economie","14":"tag-eu","15":"tag-europe","16":"tag-fiscales","17":"tag-france","18":"tag-fuient","19":"tag-news","20":"tag-reformes","21":"tag-riches","22":"tag-royaume-uni","23":"tag-royaume-uni-de-grande-bretagne-et-dirlande-du-nord","24":"tag-uk","25":"tag-united-kingdom","26":"tag-united-kingdom-of-great-britain-and-northern-ireland"},"share_on_mastodon":{"url":"https:\/\/pubeurope.com\/@fr\/115865046511095616","error":""},"_links":{"self":[{"href":"https:\/\/www.europesays.com\/fr\/wp-json\/wp\/v2\/posts\/651611","targetHints":{"allow":["GET"]}}],"collection":[{"href":"https:\/\/www.europesays.com\/fr\/wp-json\/wp\/v2\/posts"}],"about":[{"href":"https:\/\/www.europesays.com\/fr\/wp-json\/wp\/v2\/types\/post"}],"author":[{"embeddable":true,"href":"https:\/\/www.europesays.com\/fr\/wp-json\/wp\/v2\/users\/2"}],"replies":[{"embeddable":true,"href":"https:\/\/www.europesays.com\/fr\/wp-json\/wp\/v2\/comments?post=651611"}],"version-history":[{"count":0,"href":"https:\/\/www.europesays.com\/fr\/wp-json\/wp\/v2\/posts\/651611\/revisions"}],"wp:featuredmedia":[{"embeddable":true,"href":"https:\/\/www.europesays.com\/fr\/wp-json\/wp\/v2\/media\/480729"}],"wp:attachment":[{"href":"https:\/\/www.europesays.com\/fr\/wp-json\/wp\/v2\/media?parent=651611"}],"wp:term":[{"taxonomy":"category","embeddable":true,"href":"https:\/\/www.europesays.com\/fr\/wp-json\/wp\/v2\/categories?post=651611"},{"taxonomy":"post_tag","embeddable":true,"href":"https:\/\/www.europesays.com\/fr\/wp-json\/wp\/v2\/tags?post=651611"}],"curies":[{"name":"wp","href":"https:\/\/api.w.org\/{rel}","templated":true}]}}