{"id":651612,"date":"2026-01-09T12:04:11","date_gmt":"2026-01-09T12:04:11","guid":{"rendered":"https:\/\/www.europesays.com\/fr\/651612\/"},"modified":"2026-01-09T12:04:11","modified_gmt":"2026-01-09T12:04:11","slug":"hausse-de-la-production-en-allemagne-indique-un-redressement-soutien-de-la-demande-interieure-reste-crucial-business-am","status":"publish","type":"post","link":"https:\/\/www.europesays.com\/fr\/651612\/","title":{"rendered":"Hausse de la production en Allemagne indique un redressement\u202f; soutien de la demande int\u00e9rieure reste crucial\u00a0 &#8211; Business AM"},"content":{"rendered":"<p>Principaux renseignements<\/p>\n<ul class=\"wp-block-list\">\n<li><strong>La production industrielle allemande a augment\u00e9 pour le troisi\u00e8me mois cons\u00e9cutif, sugg\u00e9rant une reprise \u00e9conomique potentielle.<\/strong><\/li>\n<li><strong>La croissance dans les secteurs de l\u2019automobile et des machines a compens\u00e9 le d\u00e9clin de la production \u00e9nerg\u00e9tique.<\/strong><\/li>\n<li><strong>Malgr\u00e9 les r\u00e9centes \u00e9volutions positives, les entreprises allemandes continuent de r\u00e9clamer des r\u00e9formes pour renforcer leur comp\u00e9titivit\u00e9.<\/strong><\/li>\n<\/ul>\n<p>La <a href=\"https:\/\/fr.businessam.be\/production-industrielle-allemande-a-augmente-de-18-pour-cent-en-octobre-malgre-la-faiblesse-du-secteur-automobile\/\" target=\"_blank\" rel=\"noreferrer noopener\">production industrielle<\/a> allemande a d\u00e9pass\u00e9 les attentes et a augment\u00e9 pour le troisi\u00e8me mois cons\u00e9cutif en novembre, laissant entrevoir une reprise \u00e9conomique potentielle. La hausse de 0,8 pour cent, qui fait suite \u00e0 une augmentation r\u00e9vis\u00e9e \u00e0 la hausse de 2 pour cent en octobre, a \u00e9t\u00e9 principalement tir\u00e9e par la croissance du secteur automobile et des industries li\u00e9es aux machines. Cela a compens\u00e9 le recul de la production \u00e9nerg\u00e9tique.<\/p>\n<p>Signes de reprise<\/p>\n<p>Les chiffres suscitent un certain optimisme apr\u00e8s une ann\u00e9e difficile pour l\u2019\u00e9conomie allemande, marqu\u00e9e par des difficult\u00e9s dans son secteur automobile crucial en raison des co\u00fbts \u00e9lev\u00e9s, des droits de douane am\u00e9ricains et de la concurrence chinoise. Des donn\u00e9es r\u00e9centes ont \u00e9galement r\u00e9v\u00e9l\u00e9 une augmentation inattendue des commandes industrielles en novembre, ce qui pourrait indiquer l\u2019impact des mesures de relance budg\u00e9taire pr\u00e9vues par le chancelier Friedrich Merz.<\/p>\n<p>Le gouvernement a l\u2019intention d\u2019investir massivement dans la modernisation des infrastructures et l\u2019am\u00e9lioration de la d\u00e9fense, dans le but de renforcer la croissance cette ann\u00e9e apr\u00e8s une production volatile et une expansion limit\u00e9e en 2025. Des \u00e9conomistes tels que Carsten Brzeski consid\u00e8rent ces d\u00e9veloppements comme des signes positifs pour l\u2019industrie allemande.<\/p>\n<p>Demande int\u00e9rieure<\/p>\n<p>Malgr\u00e9 la r\u00e9cente reprise, les moteurs traditionnels de la croissance, tels que le secteur automobile, ont connu des pertes d\u2019emplois substantielles dans le secteur manufacturier. La reprise devrait \u00eatre aliment\u00e9e par la demande int\u00e9rieure, une id\u00e9e soutenue par les donn\u00e9es de l\u2019institut Ifo indiquant une hausse de son indice de l\u2019industrie automobile en d\u00e9cembre, les v\u00e9hicules \u00e9lectriques apparaissant comme un segment prometteur.<\/p>\n<p>La France voisine a \u00e9galement fait preuve de r\u00e9silience dans son secteur manufacturier en novembre, enregistrant une augmentation de 0,3 pour cent de sa production malgr\u00e9 les pr\u00e9visions de baisse. Si la production industrielle globale de la deuxi\u00e8me \u00e9conomie de la zone euro a l\u00e9g\u00e8rement recul\u00e9 en raison de la baisse des secteurs de l\u2019\u00e9nergie et des services publics, une croissance a \u00e9t\u00e9 observ\u00e9e dans les secteurs des transports et des \u00e9quipements \u00e9lectriques.<\/p>\n<p>Appels \u00e0 des r\u00e9formes<\/p>\n<p>Bien que l\u2019Allemagne montre des signes de reprise, les entreprises continuent de plaider en faveur de r\u00e9formes globales visant \u00e0 renforcer la comp\u00e9titivit\u00e9 du pays. Le chancelier Merz a reconnu la situation \u00ab tr\u00e8s critique \u00bb de certains segments \u00e9conomiques et s\u2019est engag\u00e9 \u00e0 traiter ces questions en priorit\u00e9 en 2026. Il a soulign\u00e9 la situation difficile \u00e0 laquelle sont confront\u00e9es les entreprises allemandes dans divers secteurs.<\/p>\n<p>En outre, des donn\u00e9es r\u00e9centes ont r\u00e9v\u00e9l\u00e9 une baisse plus forte que pr\u00e9vu des exportations allemandes en novembre, associ\u00e9e \u00e0 une augmentation inattendue des importations. Cela a entra\u00een\u00e9 une r\u00e9duction de l\u2019exc\u00e9dent commercial de l\u2019Allemagne \u00e0 13,1 milliards d\u2019euros. (fc)<\/p>\n<p><a href=\"https:\/\/news.google.com\/publications\/CAowtseUCw?hl=fr&amp;gl=BE&amp;ceid=BE%3Afr\" target=\"_blank\" rel=\"noopener\">Suivez \u00e9galement Business AM sur Google Actualit\u00e9s<\/a><\/p>\n<p><a href=\"https:\/\/portalfr.businessam.be\/plans\/business-am-fr-offre-dete\/\" target=\"_blank\" rel=\"noopener\">Si vous souhaitez acc\u00e9der \u00e0 tous les articles, abonnez-vous ici!<\/a><\/p>\n","protected":false},"excerpt":{"rendered":"Principaux renseignements La production industrielle allemande a augment\u00e9 pour le troisi\u00e8me mois cons\u00e9cutif, sugg\u00e9rant une reprise \u00e9conomique potentielle.&hellip;\n","protected":false},"author":2,"featured_media":601671,"comment_status":"","ping_status":"","sticky":false,"template":"","format":"standard","meta":{"footnotes":""},"categories":[1587],"tags":[11,672,1804,1805,1803,1777,674,4710,1801,6025,12,75588,2065,1802,75589],"class_list":{"0":"post-651612","1":"post","2":"type-post","3":"status-publish","4":"format-standard","5":"has-post-thumbnail","7":"category-allemagne","8":"tag-actualites","9":"tag-allemagne","10":"tag-bundesrepublik-deutschland","11":"tag-de","12":"tag-deutschland","13":"tag-eu","14":"tag-europe","15":"tag-friedrich-merz","16":"tag-germany","17":"tag-industrie-automobile","18":"tag-news","19":"tag-production-energetique","20":"tag-production-industrielle","21":"tag-republique-federale-dallemagne","22":"tag-secteur-des-machines"},"share_on_mastodon":{"url":"https:\/\/pubeurope.com\/@fr\/115865050397160852","error":""},"_links":{"self":[{"href":"https:\/\/www.europesays.com\/fr\/wp-json\/wp\/v2\/posts\/651612","targetHints":{"allow":["GET"]}}],"collection":[{"href":"https:\/\/www.europesays.com\/fr\/wp-json\/wp\/v2\/posts"}],"about":[{"href":"https:\/\/www.europesays.com\/fr\/wp-json\/wp\/v2\/types\/post"}],"author":[{"embeddable":true,"href":"https:\/\/www.europesays.com\/fr\/wp-json\/wp\/v2\/users\/2"}],"replies":[{"embeddable":true,"href":"https:\/\/www.europesays.com\/fr\/wp-json\/wp\/v2\/comments?post=651612"}],"version-history":[{"count":0,"href":"https:\/\/www.europesays.com\/fr\/wp-json\/wp\/v2\/posts\/651612\/revisions"}],"wp:featuredmedia":[{"embeddable":true,"href":"https:\/\/www.europesays.com\/fr\/wp-json\/wp\/v2\/media\/601671"}],"wp:attachment":[{"href":"https:\/\/www.europesays.com\/fr\/wp-json\/wp\/v2\/media?parent=651612"}],"wp:term":[{"taxonomy":"category","embeddable":true,"href":"https:\/\/www.europesays.com\/fr\/wp-json\/wp\/v2\/categories?post=651612"},{"taxonomy":"post_tag","embeddable":true,"href":"https:\/\/www.europesays.com\/fr\/wp-json\/wp\/v2\/tags?post=651612"}],"curies":[{"name":"wp","href":"https:\/\/api.w.org\/{rel}","templated":true}]}}