{"id":651615,"date":"2026-01-09T12:06:15","date_gmt":"2026-01-09T12:06:15","guid":{"rendered":"https:\/\/www.europesays.com\/fr\/651615\/"},"modified":"2026-01-09T12:06:15","modified_gmt":"2026-01-09T12:06:15","slug":"en-direct-mercosur-une-majorite-de-pays-de-lue-donnent-leur-feu-vert-a-laccord","status":"publish","type":"post","link":"https:\/\/www.europesays.com\/fr\/651615\/","title":{"rendered":"EN DIRECT &#8211; Mercosur : une majorit\u00e9 de pays de l&rsquo;UE donnent leur feu vert \u00e0 l&rsquo;accord"},"content":{"rendered":"<p>Le pr\u00e9sident du RN, Jordan Bardella, a annonc\u00e9 jeudi que son parti d\u00e9poserait une motion de censure contre le gouvernement Lecornu, malgr\u00e9 le vote \u00ab\u00a0contre\u00a0\u00bb au Mercosur, y voyant une \u00ab\u00a0mise en sc\u00e8ne\u00a0\u00bb.<\/p>\n<p>\u00ab\u00a0En pr\u00e9tendant aujourd&rsquo;hui s&rsquo;y opposer, apr\u00e8s des ann\u00e9es de n\u00e9gociations sans jamais d\u00e9fendre les int\u00e9r\u00eats fran\u00e7ais, il (Emmanuel Macron, ndlr) tente une man\u0153uvre de communication aussi tardive qu&rsquo;hypocrite\u00a0\u00bb, a \u00e9crit sur X M. Bardella, en d\u00e9non\u00e7ant une \u00ab\u00a0trahison des agriculteurs fran\u00e7ais\u00a0\u00bb. \u00a0\u00ab\u00a0Le Rassemblement National engagera donc deux motions de censure: \u00e0 l&rsquo;Assembl\u00e9e nationale contre le gouvernement, au Parlement europ\u00e9en contre la Commission von der Leyen\u00a0\u00bb, a-t-il \u00e9crit.<\/p>\n","protected":false},"excerpt":{"rendered":"Le pr\u00e9sident du RN, Jordan Bardella, a annonc\u00e9 jeudi que son parti d\u00e9poserait une motion de censure contre&hellip;\n","protected":false},"author":2,"featured_media":252204,"comment_status":"","ping_status":"","sticky":false,"template":"","format":"standard","meta":{"footnotes":""},"categories":[1586],"tags":[1111,11,327,1867,1921,70814,1777,674,1779,1011,27,1922,2088,72026,12,25,3427,1778,364,133,5010],"class_list":{"0":"post-651615","1":"post","2":"type-post","3":"status-publish","4":"format-standard","5":"has-post-thumbnail","7":"category-europe","8":"tag-actu","9":"tag-actualites","10":"tag-agriculture","11":"tag-animaux","12":"tag-article-video","13":"tag-dermatose-nodulaire","14":"tag-eu","15":"tag-europe","16":"tag-european-union","17":"tag-fr","18":"tag-france","19":"tag-info","20":"tag-manifestation","21":"tag-mercosur-les-agriculteurs-mobilises","22":"tag-news","23":"tag-republique-francaise","24":"tag-syndicats","25":"tag-ue","26":"tag-union-europeenne","27":"tag-video","28":"tag-video-sujets-de-societe"},"share_on_mastodon":{"url":"https:\/\/pubeurope.com\/@fr\/115865058294567750","error":""},"_links":{"self":[{"href":"https:\/\/www.europesays.com\/fr\/wp-json\/wp\/v2\/posts\/651615","targetHints":{"allow":["GET"]}}],"collection":[{"href":"https:\/\/www.europesays.com\/fr\/wp-json\/wp\/v2\/posts"}],"about":[{"href":"https:\/\/www.europesays.com\/fr\/wp-json\/wp\/v2\/types\/post"}],"author":[{"embeddable":true,"href":"https:\/\/www.europesays.com\/fr\/wp-json\/wp\/v2\/users\/2"}],"replies":[{"embeddable":true,"href":"https:\/\/www.europesays.com\/fr\/wp-json\/wp\/v2\/comments?post=651615"}],"version-history":[{"count":0,"href":"https:\/\/www.europesays.com\/fr\/wp-json\/wp\/v2\/posts\/651615\/revisions"}],"wp:featuredmedia":[{"embeddable":true,"href":"https:\/\/www.europesays.com\/fr\/wp-json\/wp\/v2\/media\/252204"}],"wp:attachment":[{"href":"https:\/\/www.europesays.com\/fr\/wp-json\/wp\/v2\/media?parent=651615"}],"wp:term":[{"taxonomy":"category","embeddable":true,"href":"https:\/\/www.europesays.com\/fr\/wp-json\/wp\/v2\/categories?post=651615"},{"taxonomy":"post_tag","embeddable":true,"href":"https:\/\/www.europesays.com\/fr\/wp-json\/wp\/v2\/tags?post=651615"}],"curies":[{"name":"wp","href":"https:\/\/api.w.org\/{rel}","templated":true}]}}