{"id":651622,"date":"2026-01-09T12:12:23","date_gmt":"2026-01-09T12:12:23","guid":{"rendered":"https:\/\/www.europesays.com\/fr\/651622\/"},"modified":"2026-01-09T12:12:23","modified_gmt":"2026-01-09T12:12:23","slug":"17-essais-en-31-matchs-ce-serial-marqueur-du-co-a-la-relance-en-bretagne","status":"publish","type":"post","link":"https:\/\/www.europesays.com\/fr\/651622\/","title":{"rendered":"17 essais en 31 matchs : ce serial marqueur du CO \u00e0 la relance en Bretagne"},"content":{"rendered":"<p data-start=\"64\" data-end=\"249\">Arriv\u00e9 il y a trois saisons sur les rives du Tarn, en provenance de <a href=\"https:\/\/www.lerugbynistere.fr\/clubs\/rc-vannes.php\" ui-sref=\"app.team({teamId: 126})\" alt=\"Vannes\" data-route=\"app.team\" data-param=\"teamId\" data-id=\"126\" target=\"_blank\" rel=\"noopener\">Vannes<\/a> o\u00f9 il avait explos\u00e9 les compteurs, <strong data-start=\"174\" data-end=\"194\"><a href=\"https:\/\/www.lerugbynistere.fr\/fiches-joueurs\/nathanael-hulleu.php\" ui-sref=\"app.player({playerId: 7859})\" alt=\"Nathana\u00ebl Hulleu\" data-route=\"app.player\" data-param=\"playerId\" data-id=\"7859\" target=\"_blank\" rel=\"noopener\">Nathana\u00ebl Hulleu<\/a><\/strong> fera le chemin inverse d\u00e8s le mois de juin prochain.<\/p>\n<p data-start=\"251\" data-end=\"503\">En fin de contrat avec <a href=\"https:\/\/www.lerugbynistere.fr\/clubs\/castres-olympique-co.php\" ui-sref=\"app.team({teamId: 33})\" alt=\"Castres\" data-route=\"app.team\" data-param=\"teamId\" data-id=\"33\" target=\"_blank\" rel=\"noopener\">Castres<\/a>, il ne sera pas prolong\u00e9. En manque de temps de jeu et face \u00e0 la pl\u00e9thore de joueurs \u00e0 son poste, le natif de <a href=\"https:\/\/www.lerugbynistere.fr\/clubs\/us-carcassonne.php\" ui-sref=\"app.team({teamId: 55})\" alt=\"Carcassonne\" data-route=\"app.team\" data-param=\"teamId\" data-id=\"55\" target=\"_blank\" rel=\"noopener\">Carcassonne<\/a> va tenter de se relancer \u00e0 Vannes la saison prochaine, comme l\u2019annonce <a href=\"https:\/\/www.rugbyrama.fr\/2026\/01\/08\/exclu-midol-transferts-top-14-castres-nathanael-hulleu-va-rejoindre-un-cador-de-pro-d2-azar-vers-la-prolongation-13150231.php\" target=\"_blank\" rel=\"noopener\">Le Midi Olympique<\/a>.<\/p>\n<p data-start=\"117\" data-end=\"428\">Avec Castres, ce dernier a pris part \u00e0 <strong data-start=\"156\" data-end=\"173\">47 rencontres<\/strong>, toutes comp\u00e9titions confondues, dont <strong data-start=\"212\" data-end=\"245\">25 lors de sa premi\u00e8re saison<\/strong> au club. Titularis\u00e9 \u00e0 <strong data-start=\"268\" data-end=\"283\">23 reprises<\/strong>, il avait r\u00e9alis\u00e9 un exercice plein de promesses, inscrivant <strong data-start=\"345\" data-end=\"357\">9 <a href=\"https:\/\/www.lerugbynistere.fr\/videos\/essais.php\" ui-sref=\"app.tag\" alt=\"Essais\" data-route=\"app.tag\" data-param=\"slug\" data-id=\"essais\" target=\"_blank\" rel=\"noopener\">essais<\/a><\/strong> et disputant la quasi-totalit\u00e9 des matchs auxquels il avait particip\u00e9.<\/p>\n<p data-start=\"430\" data-end=\"707\">Fort de ce premier exercice, il est appel\u00e9 avec l\u2019<strong data-start=\"480\" data-end=\"514\">\u00e9quipe de <a href=\"https:\/\/www.lerugbynistere.fr\/equipes-nationales\/xv-de-france.php\" ui-sref=\"app.team({teamId: 65})\" alt=\"France\" data-route=\"app.team\" data-param=\"teamId\" data-id=\"65\" target=\"_blank\" rel=\"noopener\">France<\/a> d\u00e9veloppement<\/strong> pour disputer un match amical face \u00e0 l\u2019Uruguay. Il avait alors jou\u00e9 <strong data-start=\"583\" data-end=\"597\">16 minutes<\/strong> lors d\u2019une victoire <strong data-start=\"618\" data-end=\"627\">28-43<\/strong> face \u00e0 une s\u00e9lection emmen\u00e9e par son co\u00e9quipier de Castres, <strong data-start=\"688\" data-end=\"706\"><a href=\"https:\/\/www.lerugbynistere.fr\/fiches-joueurs\/santiago-arata.php\" ui-sref=\"app.player({playerId: 9310})\" alt=\"Santiago Arata\" data-route=\"app.player\" data-param=\"playerId\" data-id=\"9310\" target=\"_blank\" rel=\"noopener\">Santiago Arata<\/a><\/strong>.<\/p>\n<p data-start=\"709\" data-end=\"928\">Mais ces deux derni\u00e8res saisons n\u2019ont pas \u00e9t\u00e9 tr\u00e8s convaincantes. Quelques blessures et une <strong data-start=\"801\" data-end=\"829\">concurrence tr\u00e8s relev\u00e9e<\/strong> n\u2019ont pas permis \u00e0 l\u2019ancien Grenoblois de se d\u00e9marquer pour pr\u00e9tendre \u00e0 une offre de prolongation.<\/p>\n<p data-start=\"930\" data-end=\"1163\">Avec l\u2019arriv\u00e9e d\u2019<strong data-start=\"947\" data-end=\"962\"><a href=\"https:\/\/www.lerugbynistere.fr\/fiches-joueurs\/adam-vargas.php\" ui-sref=\"app.player({playerId: 12817})\" alt=\"Adam Vargas\" data-route=\"app.player\" data-param=\"playerId\" data-id=\"12817\" target=\"_blank\" rel=\"noopener\">Adam Vargas<\/a><\/strong> et de <strong data-start=\"969\" data-end=\"989\"><a href=\"https:\/\/www.lerugbynistere.fr\/fiches-joueurs\/vuate-karawalevu.php\" ui-sref=\"app.player({playerId: 15141})\" alt=\"Vuate Karawalevu\" data-route=\"app.player\" data-param=\"playerId\" data-id=\"15141\" target=\"_blank\" rel=\"noopener\">Vuate Karawalevu<\/a><\/strong> cette saison, ainsi que l\u2019explosion de la paire <strong data-start=\"1038\" data-end=\"1057\">Baget\/Ambadiang<\/strong> la saison pr\u00e9c\u00e9dente, il devenait difficile de se faire une place sur les ailes du Castres Olympique.<\/p>\n<p>Face \u00e0 cela, aucun \u00e9cart n\u2019est alors permis, et Nathana\u00ebl Hulleu ne l\u2019a compris que tr\u00e8s r\u00e9cemment.<\/p>\n<p data-start=\"95\" data-end=\"379\">Pr\u00e9sent dans le groupe pour la <strong data-start=\"126\" data-end=\"165\">tourn\u00e9e catastrophique en <a href=\"https:\/\/www.lerugbynistere.fr\/equipes-nationales\/argentine.php\" ui-sref=\"app.team({teamId: 25})\" alt=\"Argentine\" data-route=\"app.team\" data-param=\"teamId\" data-id=\"25\" target=\"_blank\" rel=\"noopener\">Argentine<\/a><\/strong>, Nathana\u00ebl Hulleu n\u2019a pourtant pas pris part \u00e0 la moindre rencontre. Malgr\u00e9 cette s\u00e9lection avec <strong data-start=\"263\" data-end=\"287\">France D\u00e9veloppement<\/strong>, il n\u2019a pas eu l\u2019opportunit\u00e9 de go\u00fbter au maillot bleu lors d\u2019une rencontre officielle.<\/p>\n<p data-start=\"381\" data-end=\"563\">Apr\u00e8s seulement une saison pleine dans l\u2019\u00e9lite, tout est all\u00e9 tr\u00e8s vite pour lui, peut-\u00eatre trop. C\u2019est en tout cas ce qu\u2019il confiait \u00e0 <a href=\"https:\/\/www.ladepeche.fr\/2025\/08\/21\/il-fallait-que-je-me-retrouve-seul-que-jen-chie-comment-nathanael-hulleu-a-choisi-de-se-remettre-daplomb-12887096.php\" target=\"_blank\" rel=\"noopener\">La D\u00e9p\u00eache du Midi<\/a>\u00a0en d\u00e9but de saison.<\/p>\n<p data-start=\"565\" data-end=\"718\">Apr\u00e8s une saison <strong data-start=\"582\" data-end=\"603\">2<\/strong>024-2025 manqu\u00e9e, il est parti effectuer le GR20 en <a href=\"https:\/\/www.lerugbynistere.fr\/amateur\/corse\/\" ui-sref=\"app.committee\" alt=\"Corse\" data-route=\"app.committee\" data-param=\"committeeId\" data-id=\"9\" target=\"_blank\" rel=\"noopener\">Corse<\/a>, avec le besoin de se ressourcer avant d\u2019entamer une nouvelle saison.<\/p>\n<p>\u00ab\u00a0Je n\u2019ai pas \u00e9t\u00e9 tr\u00e8s performant. Il y a peut-\u00eatre eu une retomb\u00e9e de l\u2019\u00e9quipe de France. J\u2019ai eu des vacances apr\u00e8s coup, mais j\u2019ai mal g\u00e9r\u00e9. Je suis revenu avec un peu de poids, et je suis rentr\u00e9 dans une spirale n\u00e9gative. Je jouais donc peu. Puis il y a ce match \u00e0 <a href=\"https:\/\/www.lerugbynistere.fr\/clubs\/aviron-bayonnais.php\" ui-sref=\"app.team({teamId: 43})\" alt=\"Bayonne\" data-route=\"app.team\" data-param=\"teamId\" data-id=\"43\" target=\"_blank\" rel=\"noopener\">Bayonne<\/a> (d\u00e9cembre\u00a02024). Le plus mauvais de ma carri\u00e8re. C\u2019\u00e9tait le coup de pied dont j\u2019avais besoin\u00a0\u00bb, souligne Nathana\u00ebl Hulleu \u00e0 La D\u00e9p\u00e8che du midi.<\/p>\n<blockquote class=\"twitter-tweet\"><p>&#13;<\/p>\n<p lang=\"fr\" dir=\"ltr\">\ud835\ude49\ud835\ude56\ud835\ude69\ud835\ude5d\ud835\ude56\ud835\ude63\ud835\ude56\ud835\ude5a\u0308\ud835\ude61 \ud835\ude43\ud835\ude6a\ud835\ude61\ud835\ude61\ud835\ude5a\ud835\ude6a \ud835\ude6d 17 \ud83e\udd47\ud83c\udfc9<\/p>\n<p>Pour la premi\u00e8re fois de l\u2019histoire du club, le meilleur marqueur d\u2019essais de la saison est Vannetais.<\/p>\n<p>Il \u00e9tait venu se relancer, il aura finalement explos\u00e9 aux yeux de tous : Quelle saison magique\ud83e\udd29 <\/p>\n<p>Bon vent Nath \ud83e\udee1\ud83d\udc99 <a href=\"https:\/\/t.co\/qXAF5K9aeM\">pic.twitter.com\/qXAF5K9aeM<\/a><\/p>\n<p>&#13;<br \/>\n\u2014 Rugby Club Vannes (@RugbyClubVannes) <a href=\"https:\/\/twitter.com\/RugbyClubVannes\/status\/1666806327279251462?ref_src=twsrc%5Etfw\" target=\"_blank\" rel=\"noopener\">June 8, 2023<\/a><\/p><\/blockquote>\n<p>\u00c0 Vannes, un Castrais en chasse un autre<\/p>\n<p data-start=\"95\" data-end=\"255\">\u00c0 Vannes, Nathana\u00ebl Hulleu remplacera son ancien co\u00e9quipier de Castres, <a href=\"https:\/\/www.lerugbynistere.fr\/fiches-joueurs\/filipo-nakosi.php\" ui-sref=\"app.player({playerId: 5487})\" alt=\"Filipo Nakosi\" data-route=\"app.player\" data-param=\"playerId\" data-id=\"5487\" target=\"_blank\" rel=\"noopener\">Filipo Nakosi<\/a>, avec qui il formait la paire lors de sa premi\u00e8re saison dans le Tarn.<\/p>\n<p data-start=\"257\" data-end=\"548\">Si le passage de Hulleu \u00e0 Vannes lui avait plut\u00f4t bien r\u00e9ussi, on ne peut pas en dire autant pour l\u2019ailier fidjien. Arriv\u00e9 en <a href=\"https:\/\/www.lerugbynistere.fr\/amateur\/bretagne\/\" ui-sref=\"app.committee\" alt=\"Bretagne\" data-route=\"app.committee\" data-param=\"committeeId\" data-id=\"7\" target=\"_blank\" rel=\"noopener\">Bretagne<\/a> la saison derni\u00e8re avec l\u2019\u00e9tiquette de joueur exp\u00e9riment\u00e9, le fantasque international fidjien n\u2019a pas su insuffler toute sa r\u00e9ussite et sa fougue \u00e0 l\u2019effectif vannetais.<\/p>\n<p data-start=\"550\" data-end=\"784\">Il n\u2019a disput\u00e9 que <strong data-start=\"569\" data-end=\"588\">deux rencontres<\/strong> cette saison, sans jamais d\u00e9buter comme titulaire. \u00c0 <strong data-start=\"642\" data-end=\"652\">33 ans<\/strong>, Filipo Nakosi ne sera donc pas prolong\u00e9 par le comit\u00e9 directeur de Vannes et sera donc remplac\u00e9 num\u00e9riquement par Nathana\u00ebl Hulleu.<\/p>\n<p>                            <script async src=\"https:\/\/platform.twitter.com\/widgets.js\" charset=\"utf-8\"><\/script><\/p>\n","protected":false},"excerpt":{"rendered":"Arriv\u00e9 il y a trois saisons sur les rives du Tarn, en provenance de Vannes o\u00f9 il avait&hellip;\n","protected":false},"author":2,"featured_media":651623,"comment_status":"","ping_status":"","sticky":false,"template":"","format":"standard","meta":{"footnotes":""},"categories":[1416],"tags":[1011,27,479,1468,60],"class_list":{"0":"post-651622","1":"post","2":"type-post","3":"status-publish","4":"format-standard","5":"has-post-thumbnail","7":"category-rugby","8":"tag-fr","9":"tag-france","10":"tag-rugby","11":"tag-rugby-football","12":"tag-sports"},"share_on_mastodon":{"url":"https:\/\/pubeurope.com\/@fr\/115865081878696044","error":""},"_links":{"self":[{"href":"https:\/\/www.europesays.com\/fr\/wp-json\/wp\/v2\/posts\/651622","targetHints":{"allow":["GET"]}}],"collection":[{"href":"https:\/\/www.europesays.com\/fr\/wp-json\/wp\/v2\/posts"}],"about":[{"href":"https:\/\/www.europesays.com\/fr\/wp-json\/wp\/v2\/types\/post"}],"author":[{"embeddable":true,"href":"https:\/\/www.europesays.com\/fr\/wp-json\/wp\/v2\/users\/2"}],"replies":[{"embeddable":true,"href":"https:\/\/www.europesays.com\/fr\/wp-json\/wp\/v2\/comments?post=651622"}],"version-history":[{"count":0,"href":"https:\/\/www.europesays.com\/fr\/wp-json\/wp\/v2\/posts\/651622\/revisions"}],"wp:featuredmedia":[{"embeddable":true,"href":"https:\/\/www.europesays.com\/fr\/wp-json\/wp\/v2\/media\/651623"}],"wp:attachment":[{"href":"https:\/\/www.europesays.com\/fr\/wp-json\/wp\/v2\/media?parent=651622"}],"wp:term":[{"taxonomy":"category","embeddable":true,"href":"https:\/\/www.europesays.com\/fr\/wp-json\/wp\/v2\/categories?post=651622"},{"taxonomy":"post_tag","embeddable":true,"href":"https:\/\/www.europesays.com\/fr\/wp-json\/wp\/v2\/tags?post=651622"}],"curies":[{"name":"wp","href":"https:\/\/api.w.org\/{rel}","templated":true}]}}