{"id":651631,"date":"2026-01-09T12:20:14","date_gmt":"2026-01-09T12:20:14","guid":{"rendered":"https:\/\/www.europesays.com\/fr\/651631\/"},"modified":"2026-01-09T12:20:14","modified_gmt":"2026-01-09T12:20:14","slug":"au-musee-picasso-de-barcelone-lauteur-d-ubu-roi-en-majeste","status":"publish","type":"post","link":"https:\/\/www.europesays.com\/fr\/651631\/","title":{"rendered":"Au mus\u00e9e Picasso de Barcelone, l\u2019auteur d\u2019\u00ab\u00a0Ubu roi\u00a0\u00bb en majest\u00e9"},"content":{"rendered":"<p>                     <img loading=\"lazy\" decoding=\"async\" src=\"https:\/\/www.europesays.com\/fr\/wp-content\/uploads\/2026\/01\/e79759a_upload-1-2azh4yk8awv1-pablo-picasso-pere-ubu-1.jpg\" alt=\"\u00ab\u00a0P\u00e8re Ubu\u00a0\u00bb (1937), de Pablo Picasso.\"   width=\"664\" height=\"443\"\/>    \u00ab\u00a0P\u00e8re Ubu\u00a0\u00bb (1937), de Pablo Picasso.  SUCCESSION PABLO PICASSO\/VEGAP, MADRID 2025                 <\/p>\n<p class=\"article__paragraph  \">Au Mus\u00e9e Picasso de Barcelone, une grande, riche et complexe exposition explore toutes les facettes, jusqu\u2019aux plus r\u00e9centes, du p\u00e8re Ubu dans ce qui est la plus importante manifestation qui lui fut jamais consacr\u00e9e. Presque 500\u00a0\u0153uvres, dont beaucoup de documents souvent in\u00e9dits, des raret\u00e9s (on pense notamment \u00e0 une assiette en \u00e9tain grav\u00e9e successivement par Alfred Jarry, par Alfred Vallette \u2013 le directeur de la revue Mercure de France, qui publiera Ubu roi, et dont l\u2019\u00e9pouse, Rachilde, fut un fid\u00e8le soutien de Jarry \u2013 et par Paul Verlaine), des tableaux, des gravures, des marionnettes, des vid\u00e9os, des allusions diverses au th\u00e9\u00e2tre aussi, un genre que Jarry a su pulv\u00e9riser.<\/p>\n<p class=\"article__paragraph  \">Pourquoi \u00e0 Barcelone\u00a0? \u00ab\u00a0On ne sait si Jarry et Picasso se sont rencontr\u00e9s, plaide Emmanuel Guigon, le directeur du mus\u00e9e. Il est certain n\u00e9anmoins que Picasso, en\u00a01901, a assist\u00e9, au Cabaret des Quat\u2019z\u2019Arts, boulevard de Clichy, \u00e0 Paris, \u00e0 une repr\u00e9sentation d\u2019une version r\u00e9duite d\u2019Ubu roi pour marionnettes, r\u00e9intitul\u00e9e par la suite Ubu sur la butte. L\u2019inventaire des collections de Picasso a r\u00e9v\u00e9l\u00e9 que le peintre poss\u00e9dait plusieurs \u00e9ditions originales et des manuscrits de Jarry.\u00a0\u00bb On dit qu\u2019il connaissait par c\u0153ur le texte d\u2019Ubu cocu, dont il d\u00e9tenait l\u2019original.<\/p>\n<p class=\"reading-mode-only \"><strong>Il vous reste 87.41% de cet article \u00e0 lire. La suite est r\u00e9serv\u00e9e aux abonn\u00e9s.<\/strong><\/p>\n","protected":false},"excerpt":{"rendered":"\u00ab\u00a0P\u00e8re Ubu\u00a0\u00bb (1937), de Pablo Picasso. SUCCESSION PABLO PICASSO\/VEGAP, MADRID 2025 Au Mus\u00e9e Picasso de Barcelone, une grande,&hellip;\n","protected":false},"author":2,"featured_media":651632,"comment_status":"","ping_status":"","sticky":false,"template":"","format":"standard","meta":{"footnotes":""},"categories":[1358],"tags":[1348,1384,1385,1386,58,59,1011,27],"class_list":{"0":"post-651631","1":"post","2":"type-post","3":"status-publish","4":"format-standard","5":"has-post-thumbnail","7":"category-arts-et-design","8":"tag-arts","9":"tag-arts-and-design","10":"tag-arts-et-design","11":"tag-design","12":"tag-divertissement","13":"tag-entertainment","14":"tag-fr","15":"tag-france"},"share_on_mastodon":{"url":"https:\/\/pubeurope.com\/@fr\/115865113285052738","error":""},"_links":{"self":[{"href":"https:\/\/www.europesays.com\/fr\/wp-json\/wp\/v2\/posts\/651631","targetHints":{"allow":["GET"]}}],"collection":[{"href":"https:\/\/www.europesays.com\/fr\/wp-json\/wp\/v2\/posts"}],"about":[{"href":"https:\/\/www.europesays.com\/fr\/wp-json\/wp\/v2\/types\/post"}],"author":[{"embeddable":true,"href":"https:\/\/www.europesays.com\/fr\/wp-json\/wp\/v2\/users\/2"}],"replies":[{"embeddable":true,"href":"https:\/\/www.europesays.com\/fr\/wp-json\/wp\/v2\/comments?post=651631"}],"version-history":[{"count":0,"href":"https:\/\/www.europesays.com\/fr\/wp-json\/wp\/v2\/posts\/651631\/revisions"}],"wp:featuredmedia":[{"embeddable":true,"href":"https:\/\/www.europesays.com\/fr\/wp-json\/wp\/v2\/media\/651632"}],"wp:attachment":[{"href":"https:\/\/www.europesays.com\/fr\/wp-json\/wp\/v2\/media?parent=651631"}],"wp:term":[{"taxonomy":"category","embeddable":true,"href":"https:\/\/www.europesays.com\/fr\/wp-json\/wp\/v2\/categories?post=651631"},{"taxonomy":"post_tag","embeddable":true,"href":"https:\/\/www.europesays.com\/fr\/wp-json\/wp\/v2\/tags?post=651631"}],"curies":[{"name":"wp","href":"https:\/\/api.w.org\/{rel}","templated":true}]}}