{"id":651633,"date":"2026-01-09T12:22:11","date_gmt":"2026-01-09T12:22:11","guid":{"rendered":"https:\/\/www.europesays.com\/fr\/651633\/"},"modified":"2026-01-09T12:22:11","modified_gmt":"2026-01-09T12:22:11","slug":"france-2-deprogramme-deja-son-nouveau-jeu-anime-par-laurent-luyat","status":"publish","type":"post","link":"https:\/\/www.europesays.com\/fr\/651633\/","title":{"rendered":"France 2 d\u00e9programme (d\u00e9j\u00e0) son nouveau jeu anim\u00e9 par Laurent Luyat"},"content":{"rendered":"<p> \u00abL\u2019Anneau, qui en sortira vainqueur\u00a0?\u00a0\u00bb. R\u00e9ponse\u00a0: s\u00fbrement pas <a href=\"https:\/\/www.20minutes.fr\/television\/france_2\/\" class=\"c-link c-link--is-underlined\" target=\"_blank\" rel=\"noopener\">France 2<\/a>. La cha\u00eene publique a, en effet, d\u00e9cid\u00e9 de rel\u00e9guer en deuxi\u00e8me partie de soir\u00e9e le 13\u00a0janvier les derniers \u00e9pisodes de son nouveau jeu, \u00ab\u00a0L\u2019Anneau\u00a0\u00bb, \u00e0 cause d\u2019<a href=\"https:\/\/www.20minutes.fr\/arts-stars\/television\/audiences_tv\/\" class=\"c-link c-link--is-underlined\" target=\"_blank\" rel=\"noopener\">audiences<\/a> insuffisantes. Les quatre ultimes \u00e9pisodes seront diffus\u00e9s mardi, \u00e0 partir de 23h10, au lieu de 21h10 comme initialement pr\u00e9vu.<\/p>\n<p>Un destin \u00e0 la \u00ab\u00a0Pandore\u00a0\u00bb<\/p>\n<p>En d\u00e9but de semaine, <a href=\"https:\/\/www.20minutes.fr\/arts-stars\/television\/4194595-20260106-suspense-jusqu-bout-m6-expedie-fin-pandore-mardi-bien-dommage\" class=\"c-link c-link--is-underlined\" target=\"_blank\" rel=\"noopener\">M6 avait fait de m\u00eame<\/a> avec le dernier num\u00e9ro de son nouveau jeu, \u00ab\u00a0<a href=\"https:\/\/www.20minutes.fr\/arts-stars\/culture\/4192342-20251222-mythe-pandore-inspire-nouveau-jeu-m6\" target=\"_blank\" class=\"c-link c-link--is-underlined\" rel=\"noopener\">Pandore<\/a>\u00a0\u00bb, pr\u00e9sent\u00e9 par <a href=\"https:\/\/www.20minutes.fr\/arts-stars\/television\/olivier-minne\/\" class=\"c-link c-link--is-underlined\" target=\"_blank\" rel=\"noopener\">Olivier Minne<\/a>. Il a \u00e9t\u00e9 diffus\u00e9 mardi \u00e0 23h20, apr\u00e8s l\u2019avant-dernier \u00e9pisode, alors qu\u2019il \u00e9tait initialement programm\u00e9 pour le 12\u00a0janvier, en premi\u00e8re partie de soir\u00e9e.<\/p>\n<p>\u00ab\u00a0L\u2019Anneau\u00a0\u00bb, jeu d\u2019aventure en montagne pr\u00e9sent\u00e9 par Laurent Luyat, a \u00e9t\u00e9 diffus\u00e9 sur France 2 le 30\u00a0d\u00e9cembre, puis mardi 6\u00a0janvier \u00e0 21h10, avec \u00e0 chaque fois trois parties \u00e0 la suite les unes des autres.<\/p>\n<p>Or, \u00ab\u00a0la part d\u2019audience de cette \u00e9mission a enregistr\u00e9 une d\u00e9cote de -19\u00a0%\u00a0\u00bb, a indiqu\u00e9 France 2 dans un communiqu\u00e9. Selon la cha\u00eene, les deux soir\u00e9es de \u00ab\u00a0L\u2019Anneau\u00a0\u00bb ont r\u00e9alis\u00e9 une part d\u2019audience de 5\u00a0%, contre 6,2\u00a0% en moyenne pour les quatre mardis pr\u00e9c\u00e9dents.<\/p>\n<p>Claude Fran\u00e7ois remplacera \u00ab\u00a0L\u2019Anneau\u00a0\u00bb<\/p>\n<p>La cha\u00eene indique que cette baisse d\u2019audience la conduit \u00e0 \u00ab\u00a0modifier sa programmation\u00a0\u00bb. Selon les chiffres de <a href=\"https:\/\/www.20minutes.fr\/dossier\/mediametrie\" class=\"c-link c-link--is-underlined\" target=\"_blank\" rel=\"noopener\">M\u00e9diam\u00e9trie<\/a>, un peu plus d\u2019un million de t\u00e9l\u00e9spectateurs avaient suivi la premi\u00e8re partie le 30\u00a0d\u00e9cembre, nombre qui \u00e9tait tomb\u00e9 \u00e0 868.000 pour la premi\u00e8re partie de ce mardi.<\/p>\n<p><\/p>\n<p>A la place de \u00ab\u00a0L\u2019Anneau\u00a0\u00bb, France 2 diffusera mardi \u00e0 21h10 un num\u00e9ro de l\u2019\u00e9mission \u00ab\u00a0Le grand \u00e9chiquier\u00a0\u00bb, consacr\u00e9 au chanteur <a href=\"https:\/\/www.20minutes.fr\/dossier\/claude_francois\" class=\"c-link c-link--is-underlined\" target=\"_blank\" rel=\"noopener\">Claude Fran\u00e7ois<\/a>.<\/p>\n","protected":false},"excerpt":{"rendered":"\u00abL\u2019Anneau, qui en sortira vainqueur\u00a0?\u00a0\u00bb. R\u00e9ponse\u00a0: s\u00fbrement pas France 2. La cha\u00eene publique a, en effet, d\u00e9cid\u00e9 de&hellip;\n","protected":false},"author":2,"featured_media":651634,"comment_status":"","ping_status":"","sticky":false,"template":"","format":"standard","meta":{"footnotes":""},"categories":[1356],"tags":[2369,58,59,1011,27,594,494,10159,17033,252,1364],"class_list":{"0":"post-651633","1":"post","2":"type-post","3":"status-publish","4":"format-standard","5":"has-post-thumbnail","7":"category-television","8":"tag-audience-tv","9":"tag-divertissement","10":"tag-entertainment","11":"tag-fr","12":"tag-france","13":"tag-france-2","14":"tag-m6","15":"tag-mediametrie","16":"tag-olivier-minne","17":"tag-television","18":"tag-tv"},"share_on_mastodon":{"url":"https:\/\/pubeurope.com\/@fr\/115865121187166113","error":""},"_links":{"self":[{"href":"https:\/\/www.europesays.com\/fr\/wp-json\/wp\/v2\/posts\/651633","targetHints":{"allow":["GET"]}}],"collection":[{"href":"https:\/\/www.europesays.com\/fr\/wp-json\/wp\/v2\/posts"}],"about":[{"href":"https:\/\/www.europesays.com\/fr\/wp-json\/wp\/v2\/types\/post"}],"author":[{"embeddable":true,"href":"https:\/\/www.europesays.com\/fr\/wp-json\/wp\/v2\/users\/2"}],"replies":[{"embeddable":true,"href":"https:\/\/www.europesays.com\/fr\/wp-json\/wp\/v2\/comments?post=651633"}],"version-history":[{"count":0,"href":"https:\/\/www.europesays.com\/fr\/wp-json\/wp\/v2\/posts\/651633\/revisions"}],"wp:featuredmedia":[{"embeddable":true,"href":"https:\/\/www.europesays.com\/fr\/wp-json\/wp\/v2\/media\/651634"}],"wp:attachment":[{"href":"https:\/\/www.europesays.com\/fr\/wp-json\/wp\/v2\/media?parent=651633"}],"wp:term":[{"taxonomy":"category","embeddable":true,"href":"https:\/\/www.europesays.com\/fr\/wp-json\/wp\/v2\/categories?post=651633"},{"taxonomy":"post_tag","embeddable":true,"href":"https:\/\/www.europesays.com\/fr\/wp-json\/wp\/v2\/tags?post=651633"}],"curies":[{"name":"wp","href":"https:\/\/api.w.org\/{rel}","templated":true}]}}