{"id":651637,"date":"2026-01-09T12:24:22","date_gmt":"2026-01-09T12:24:22","guid":{"rendered":"https:\/\/www.europesays.com\/fr\/651637\/"},"modified":"2026-01-09T12:24:22","modified_gmt":"2026-01-09T12:24:22","slug":"cinema-le-pays-darto-road-movie-sur-les-terres-du-haut-karabagh","status":"publish","type":"post","link":"https:\/\/www.europesays.com\/fr\/651637\/","title":{"rendered":"[CIN\u00c9MA] Le Pays d\u2019Arto, road-movie sur les terres du Haut-Karabagh"},"content":{"rendered":"<p>Depuis que son \u00e9poux Arto, originaire d\u2019Arm\u00e9nie, s\u2019est donn\u00e9 la mort six mois plus t\u00f4t, C\u00e9line (Camille Cottin) est seule pour s\u2019occuper de ses deux enfants. Afin de faire honneur \u00e0 la m\u00e9moire de leur p\u00e8re, elle souhaiterait que ceux-ci obtiennent \u00e0 leur tour la nationalit\u00e9 arm\u00e9nienne. Pour ce faire, elle a besoin de se procurer au pays, \u00e0 Gyumri, l\u2019acte de naissance du d\u00e9funt. Cependant, une fois sur place, C\u00e9line tombe des nues en apprenant qu\u2019Arto Sarian s\u2019appelait, en v\u00e9rit\u00e9, Arto Santrosian, et qu\u2019avant son arriv\u00e9e en France, il avait combattu lors de la premi\u00e8re guerre du Haut-Karabagh, au d\u00e9but des ann\u00e9es 90, contre les Az\u00e9ris.<\/p>\n<p>Aid\u00e9e par un chauffeur de taxi, puis par Arsin\u00e9, une combattante arm\u00e9nienne dont le p\u00e8re est rest\u00e9 vivre dans l\u2019Artsakh, C\u00e9line va traverser le pays, d\u00e9couvrir un conflit dont elle ignorait tout, et lever le voile sur quelques v\u00e9rit\u00e9s que son mari lui avait volontairement cach\u00e9es toutes ces ann\u00e9es durant\u2026<\/p>\n<p>\u00c0 la veille de l\u2019offensive finale de 2023<\/p>\n<p>Premier long-m\u00e9trage de fiction de la documentariste franco-arm\u00e9nienne Tamara Stepanian, Le Pays d\u2019Arto s\u2019inscrit dans un contexte bien particulier, celui de l\u2019ann\u00e9e 2021, soit la fin de la deuxi\u00e8me guerre du Haut-Karabagh, deux ans avant l\u2019offensive finale de l\u2019Azerba\u00efdjan et sa r\u00e9cup\u00e9ration d\u00e9finitive du territoire, en septembre 2023. Pour rappel, cette zone \u00e9tait pass\u00e9e sous le contr\u00f4le de l\u2019Arm\u00e9nie en 1994, entra\u00eenant le d\u00e9part des populations az\u00e9ries qui vivaient l\u00e0.<\/p>\n<p>Lorsque l\u2019Azerba\u00efdjan d\u00e9clencha la seconde guerre, en 2020, aid\u00e9 de la Turquie et d\u2019Isra\u00ebl (pour l\u2019armement et la formation militaire), Bakou parvint \u00e0 r\u00e9cup\u00e9rer un certain nombre de points-cl\u00e9s, notamment les r\u00e9gions d&rsquo;Aghdam, Kelbajar et Latchine. Cette seconde guerre fut donc perdue par le Haut-Karabagh et par l\u2019Arm\u00e9nie. Les Russes, en effet, bien que soutenant moralement les populations arm\u00e9niennes, n\u2019os\u00e8rent pas s\u2019opposer frontalement \u00e0 leurs vieux alli\u00e9s az\u00e9ris auxquels ils vendaient des armes\u2026 Le 29 octobre 2020, Vladimir Poutine alla plus loin encore en soutenant les revendications irr\u00e9dentistes de l\u2019Azerba\u00efdjan sur sept r\u00e9gions occup\u00e9es par l\u2019Arm\u00e9nie. D\u00e9sormais, seule l\u2019invasion \u00e9ventuelle du territoire arm\u00e9nien par les Az\u00e9ris constituerait pour les Russes un casus belli.<\/p>\n<p>Un film qui ne d\u00e9passe pas le stade de l\u2019\u00e9motion<\/p>\n<p>Nettement insuffisant dans son travail de contextualisation, le film de Tamara Stepanian se coupe involontairement d\u2019une grande partie du public en s\u2019adressant exclusivement \u00e0 ceux qui seraient familiers de ces th\u00e9matiques (le public franco-arm\u00e9nien\u00a0?). La majorit\u00e9 de spectateurs laiss\u00e9s au bord du chemin auront le sentiment tenace que Le Pays d\u2019Arto n\u2019a rien d\u2019autre \u00e0 leur proposer qu\u2019un \u00e9mouvant r\u00e9cit de voyage, servi par de jolis paysages du Caucase, sur les m\u00e9faits de la guerre et de la violence. Propos bateau, s\u2019il en est\u2026 Jouant \u00e0 fond la carte de l\u2019\u00e9motion, la r\u00e9alisatrice se prive ainsi d\u2019une r\u00e9flexion plus complexe sur un conflit g\u00e9opolitique majeur.<\/p>\n<p>Malgr\u00e9 ses d\u00e9fauts, le film poss\u00e8de un charme certain, celui d\u2019un peuple fr\u00e8re (depuis la premi\u00e8re croisade en 1095 !) qui n\u2019a d\u2019autre choix que de se battre pour subsister entre la Turquie et l\u2019Azerba\u00efdjan. Si la pr\u00e9sence au casting de Denis Lavant, plus cabotin que jamais en berger arm\u00e9nien, nous agace, celle de l\u2019Iranienne Zar Amir Ebrahimi \u2013 l\u2019une des trois ou quatre actrices les plus courageuses au monde \u00e0 l\u2019heure actuelle par leurs prises de position contre les islamistes \u2013 a de quoi nous r\u00e9jouir, d\u2019autant plus qu\u2019elle joue dans notre langue.<\/p>\n<p>\u00a0<\/p>\n<p>3 \u00e9toiles sur 5<\/p>\n<p>\u00a0<\/p>\n<\/p>\n<p>                    <a href=\"#\" rel=\"nofollow\" onclick=\"window.print(); pfTrackEvent('[CIN\u00c9MA] &lt;i&gt;Le Pays d\u2019Arto&lt;\/i&gt;, road-movie sur les terres du Haut-Karabagh'); return false;\" title=\"Printer Friendly, PDF &amp; Email\"><br \/>\n                    <img decoding=\"async\" src=\"https:\/\/www.europesays.com\/fr\/wp-content\/uploads\/2025\/04\/printfriendly-icon-sm.png\" alt=\"Print Friendly, PDF &amp; Email\" class=\"pf-button-img\" style=\"width: 17px;height: 17px;\"\/>Imprimer, enregistrer en PDF cet article<br \/>\n                    <\/a><\/p>\n","protected":false},"excerpt":{"rendered":"Depuis que son \u00e9poux Arto, originaire d\u2019Arm\u00e9nie, s\u2019est donn\u00e9 la mort six mois plus t\u00f4t, C\u00e9line (Camille Cottin)&hellip;\n","protected":false},"author":2,"featured_media":651638,"comment_status":"","ping_status":"","sticky":false,"template":"","format":"standard","meta":{"footnotes":""},"categories":[1354],"tags":[58,59,1346,1011,27,1360],"class_list":{"0":"post-651637","1":"post","2":"type-post","3":"status-publish","4":"format-standard","5":"has-post-thumbnail","7":"category-films","8":"tag-divertissement","9":"tag-entertainment","10":"tag-films","11":"tag-fr","12":"tag-france","13":"tag-movies"},"share_on_mastodon":{"url":"https:\/\/pubeurope.com\/@fr\/115865129386090144","error":""},"_links":{"self":[{"href":"https:\/\/www.europesays.com\/fr\/wp-json\/wp\/v2\/posts\/651637","targetHints":{"allow":["GET"]}}],"collection":[{"href":"https:\/\/www.europesays.com\/fr\/wp-json\/wp\/v2\/posts"}],"about":[{"href":"https:\/\/www.europesays.com\/fr\/wp-json\/wp\/v2\/types\/post"}],"author":[{"embeddable":true,"href":"https:\/\/www.europesays.com\/fr\/wp-json\/wp\/v2\/users\/2"}],"replies":[{"embeddable":true,"href":"https:\/\/www.europesays.com\/fr\/wp-json\/wp\/v2\/comments?post=651637"}],"version-history":[{"count":0,"href":"https:\/\/www.europesays.com\/fr\/wp-json\/wp\/v2\/posts\/651637\/revisions"}],"wp:featuredmedia":[{"embeddable":true,"href":"https:\/\/www.europesays.com\/fr\/wp-json\/wp\/v2\/media\/651638"}],"wp:attachment":[{"href":"https:\/\/www.europesays.com\/fr\/wp-json\/wp\/v2\/media?parent=651637"}],"wp:term":[{"taxonomy":"category","embeddable":true,"href":"https:\/\/www.europesays.com\/fr\/wp-json\/wp\/v2\/categories?post=651637"},{"taxonomy":"post_tag","embeddable":true,"href":"https:\/\/www.europesays.com\/fr\/wp-json\/wp\/v2\/tags?post=651637"}],"curies":[{"name":"wp","href":"https:\/\/api.w.org\/{rel}","templated":true}]}}