{"id":651645,"date":"2026-01-09T12:28:18","date_gmt":"2026-01-09T12:28:18","guid":{"rendered":"https:\/\/www.europesays.com\/fr\/651645\/"},"modified":"2026-01-09T12:28:18","modified_gmt":"2026-01-09T12:28:18","slug":"r95h-et-r85h-les-deux-series-de-tv-micro-rgb-de-samsung-de-55-jusqua-130-pouces-frandroid","status":"publish","type":"post","link":"https:\/\/www.europesays.com\/fr\/651645\/","title":{"rendered":"R95H et R85H, les deux s\u00e9ries de TV Micro RGB de Samsung de 55 jusqu\u2019\u00e0 130 pouces \u2014 Frandroid"},"content":{"rendered":"<p>Lors du salon CES 2026 \u00e0 Las Vegas, Samsung a d\u00e9voil\u00e9 deux nouvelles s\u00e9ries de t\u00e9l\u00e9viseurs utilisant la technologie de r\u00e9tro\u00e9clairage Micro RGB. Il s\u2019agit des mod\u00e8les R85H et R95H qui vont de 55 jusqu\u2019\u00e0 130 pouces. En voici tous les d\u00e9tails.<\/p>\n<p><a target=\"_blank\" href=\"https:\/\/images.frandroid.com\/wp-content\/uploads\/2026\/01\/samsung-130r95h-salon-ces-2026.jpg\" class=\"article-content__figure\" rel=\"noopener\"><img fetchpriority=\"high\" decoding=\"async\" loading=\"eager\" width=\"1200\" height=\"903\" src=\"https:\/\/www.europesays.com\/fr\/wp-content\/uploads\/2026\/01\/samsung-130r95h-salon-ces-2026.jpg\" alt=\"\" class=\"wp-image-2927171 wp-image wp-image\"  \/><\/a>TV Samsung Micro RGB 130 pouces R95H \/\/ Source : Sylvain Pichot \u2013 Frandroid<\/p>\n<p>Nous avons d\u00e9j\u00e0 \u00e9voqu\u00e9 le <a href=\"https:\/\/www.frandroid.com\/marques\/samsung\/2927121_samsung-lance-son-televiseur-micro-rgb-de-130-pouces-au-ces-2026\" target=\"_blank\" rel=\"noopener\">TV g\u00e9ant Samsung 130R95H<\/a> qui nous a litt\u00e9ralement \u00e9bahis mais sachez que ce mod\u00e8le ne sera pas seul dans sa s\u00e9rie. En effet, Samsung a pr\u00e9vu, \u00e0 partir du 2e trimestre 2026 de commercialiser d\u2019autres mod\u00e8les R95H. Il s\u2019agit de TV d\u00e9clin\u00e9s en 65, 75, 85 et 115 pouces. <\/p>\n<p><a target=\"_blank\" href=\"https:\/\/images.frandroid.com\/wp-content\/uploads\/2026\/01\/samsung-micro-rgb-75r95h-ces-2026.jpg\" class=\"article-content__figure\" rel=\"noopener\"><img loading=\"lazy\" decoding=\"async\" width=\"1200\" height=\"801\" src=\"https:\/\/www.europesays.com\/fr\/wp-content\/uploads\/2026\/01\/samsung-micro-rgb-75r95h-ces-2026-1200x801.jpg\" alt=\"\" class=\"wp-image-2936291 wp-image\"  \/><\/a>Micro RGB avec le TV Samsung 75R95H au CES 2026 \/\/ Source : Sylvain Pichot \u2013 Frandroid<\/p>\n<p>Tous les mod\u00e8les sont pens\u00e9s pour s\u2019accrocher au mur, m\u00eame s\u2019ils sont livr\u00e9s avec des pieds.<\/p>\n<p>Un bo\u00eetier externe en option et les principales fonctions<\/p>\n<p>Comme les autres TV de la marque, ils disposent de toutes les connectiques \u00e0 l\u2019arri\u00e8re, mais sachez que vous aurez la possibilit\u00e9 d\u2019associer aux t\u00e9l\u00e9viseurs R95H un petit module sous la forme d\u2019une carte de communication pour une liaison sans fil avec un bo\u00eetier externe contenant lui aussi des connectiques. Ce dernier est optionnel et permet d\u2019avoir jusqu\u2019\u00e0 8 entr\u00e9es HDMI !<\/p>\n<p><img class=\"wp-image\" decoding=\"async\" src=\"https:\/\/www.europesays.com\/fr\/wp-content\/uploads\/2026\/01\/samsung-s99h-ces-2026-one-connect-sans-fil-avec-module-pres-1.jpg\" alt=\"\"\/><\/p>\n<p>Les t\u00e9l\u00e9viseurs R95H profitent du traitement antireflet Glare Free et supportent les formats HDR10+ et Eclipsa Audio. Ils sont g\u00e9r\u00e9s par le processeur Micro RGB AI Engine Pro.<\/p>\n<p>La s\u00e9rie R95H sera disponible \u00e0 partir du 2e trimestre 2026 sauf pour le mod\u00e8le de 130 pouces qui devrait arriver un peu plus tard.<\/p>\n<p>R85H, l\u2019autre s\u00e9rie de TV Micro RGB de Samsung<\/p>\n<p>Parall\u00e8lement, Samsung proposera aussi une autre s\u00e9rie de TV embarquant la technologie Micro RGB. Baptis\u00e9e R85H, elle sera disponible en 100, 85, 75, 65 et 55 pouces avec le traitement antireflet Glare Free. Elle sera un peu plus \u00e9paisse que la s\u00e9rie R95H et \u00e9quip\u00e9e d\u2019un processeur d\u2019image d\u2019entr\u00e9e de gamme. Il ne sera pas possible de lui associer le bo\u00eetier sans fil.<\/p>\n<p>Les deux s\u00e9ries disposent, au sein de <a href=\"https:\/\/www.frandroid.com\/marques\/samsung\/2446642_samsung-tizen-os-rubriques-parametres-fonctions-tout-savoir-sur-le-systeme-des-tv-et-videoprojecteurs\" target=\"_blank\" rel=\"noopener\">Tizen OS<\/a> de l\u2019assistant IA Vision Companion de Samsung. Ce dernier propose des fonctionnalit\u00e9s de recherche conversationnelle et des recommandations proactives notamment avec Copilot et Perplexity.<\/p>\n<p>On peut aussi compter sur l\u2019acc\u00e8s \u00e0 plusieurs applications sp\u00e9cialis\u00e9es : AI Football Mode Pro pour l\u2019optimisation des retransmissions sportives, AI Sound Controller Pro pour l\u2019ajustement automatique du son, Live Translate pour la traduction en temps r\u00e9el, et Generative Wallpaper pour la cr\u00e9ation d\u2019images d\u00e9coratives personnalis\u00e9es.<\/p>\n<p>Envie de retrouver les meilleurs articles de Frandroid sur Google News ? Vous pouvez suivre <strong><a href=\"https:\/\/news.google.com\/publications\/CAAqBggKMICKMDCuyQU?oc=3\" target=\"_blank\" rel=\"noopener null noreferrer\">Frandroid sur Google News<\/a> en un clic.<\/strong><\/p>\n<p class=\"title\">\n            Retrouvez toutes les nouveaut\u00e9s du             <a href=\"https:\/\/www.frandroid.com\/events\/ces\" target=\"_blank\" rel=\"noopener\"><br \/>\n                CES 2026            <\/a>\n        <\/p>\n","protected":false},"excerpt":{"rendered":"Lors du salon CES 2026 \u00e0 Las Vegas, Samsung a d\u00e9voil\u00e9 deux nouvelles s\u00e9ries de t\u00e9l\u00e9viseurs utilisant la&hellip;\n","protected":false},"author":2,"featured_media":651646,"comment_status":"","ping_status":"","sticky":false,"template":"","format":"standard","meta":{"footnotes":""},"categories":[7],"tags":[73358,1011,27,43,40,41,39,42,44],"class_list":{"0":"post-651645","1":"post","2":"type-post","3":"status-publish","4":"format-standard","5":"has-post-thumbnail","7":"category-sciences-et-technologies","8":"tag-ces-2026","9":"tag-fr","10":"tag-france","11":"tag-science","12":"tag-science-and-technology","13":"tag-sciences","14":"tag-sciences-et-technologies","15":"tag-technologies","16":"tag-technology"},"share_on_mastodon":{"url":"https:\/\/pubeurope.com\/@fr\/115865144950131421","error":""},"_links":{"self":[{"href":"https:\/\/www.europesays.com\/fr\/wp-json\/wp\/v2\/posts\/651645","targetHints":{"allow":["GET"]}}],"collection":[{"href":"https:\/\/www.europesays.com\/fr\/wp-json\/wp\/v2\/posts"}],"about":[{"href":"https:\/\/www.europesays.com\/fr\/wp-json\/wp\/v2\/types\/post"}],"author":[{"embeddable":true,"href":"https:\/\/www.europesays.com\/fr\/wp-json\/wp\/v2\/users\/2"}],"replies":[{"embeddable":true,"href":"https:\/\/www.europesays.com\/fr\/wp-json\/wp\/v2\/comments?post=651645"}],"version-history":[{"count":0,"href":"https:\/\/www.europesays.com\/fr\/wp-json\/wp\/v2\/posts\/651645\/revisions"}],"wp:featuredmedia":[{"embeddable":true,"href":"https:\/\/www.europesays.com\/fr\/wp-json\/wp\/v2\/media\/651646"}],"wp:attachment":[{"href":"https:\/\/www.europesays.com\/fr\/wp-json\/wp\/v2\/media?parent=651645"}],"wp:term":[{"taxonomy":"category","embeddable":true,"href":"https:\/\/www.europesays.com\/fr\/wp-json\/wp\/v2\/categories?post=651645"},{"taxonomy":"post_tag","embeddable":true,"href":"https:\/\/www.europesays.com\/fr\/wp-json\/wp\/v2\/tags?post=651645"}],"curies":[{"name":"wp","href":"https:\/\/api.w.org\/{rel}","templated":true}]}}