{"id":651649,"date":"2026-01-09T12:30:12","date_gmt":"2026-01-09T12:30:12","guid":{"rendered":"https:\/\/www.europesays.com\/fr\/651649\/"},"modified":"2026-01-09T12:30:12","modified_gmt":"2026-01-09T12:30:12","slug":"je-men-fous-un-medecin-empeche-daller-porter-secours-a-la-femme-abattue-a-minneapolis-par-la-police-de-limmigration","status":"publish","type":"post","link":"https:\/\/www.europesays.com\/fr\/651649\/","title":{"rendered":"\u00ab\u00a0Je m\u2019en fous\u00a0\u00bb\u00a0: un m\u00e9decin emp\u00each\u00e9 d\u2019aller porter secours \u00e0 la femme abattue \u00e0 Minneapolis par la police de l\u2019immigration"},"content":{"rendered":"<p class=\"paragraph text_align_left lp-f-body-02\">Peu apr\u00e8s le drame qui a endeuill\u00e9 Minneapolis, aux \u00c9tats-Unis, un homme se pr\u00e9sentant comme un m\u00e9decin a tent\u00e9 d\u2019approcher Renee Nicole Good, une m\u00e8re de trois enfants \u00e2g\u00e9e de 37 ans <a href=\"https:\/\/www.leparisien.fr\/international\/etats-unis\/ce-que-lon-sait-de-la-mort-de-renee-nicole-good-mere-de-famille-tuee-par-la-police-de-limmigration-a-minneapolis-08-01-2026-HGE43DJNUNEJHPSBHD54AXGQYU.php\" target=\"_self\" rel=\"noopener\">tu\u00e9e par balles par un agent de la police<\/a> de l\u2019immigration am\u00e9ricaine (ICE) mercredi 7 janvier. Dans une vid\u00e9o relay\u00e9e par le Huffington Post am\u00e9ricain et CNN, on voit un agent s\u2019y opposer fermement.<\/p>\n<p class=\"\">\u00ab Puis-je prendre son pouls ? \u00bb, demande l\u2019homme quelques instants apr\u00e8s avoir entendu les coups de feu et alors que la voiture de famille venait de s\u2019encastrer dans un autre v\u00e9hicule. \u00ab Non, reculez ! Maintenant ! \u00bb, lui intime s\u00e8chement l\u2019agent. \u00ab Je suis m\u00e9decin \u00bb, tente de lui expliquer l\u2019homme. \u00ab Je m\u2019en fous \u00bb, se voit-il r\u00e9pondre.<\/p>\n<p class=\"\">Dans les images relay\u00e9es, un autre agent intervient pour expliquer aux t\u00e9moins de la sc\u00e8ne qu\u2019une \u00e9quipe de secours est en route. \u00ab Nous avons des m\u00e9decins sur place. Nous avons nos propres m\u00e9decins \u00bb, rench\u00e9rit le premier agent. \u00ab O\u00f9 sont-ils ? \u00bb, lui crie alors une riveraine avant qu\u2019un agent lui demande de se calmer.<\/p>\n<p>\u00ab Vous venez de tuer ma voisine \u00bb<\/p>\n<p class=\"\">\u00ab Comment pourrais-je me calmer ? Vous venez de tuer ma voisine. Vous lui avez tir\u00e9 dessus \u00e0 bout portant. Vous avez tu\u00e9 ma voisine. Comment pouvez-vous aller travailler tous les jours ? Comment pouvez-vous faire \u00e7a tous les jours ? \u00bb, s\u2019\u00e9nerve l\u2019habitante du quartier, tr\u00e8s choqu\u00e9e de la sc\u00e8ne.<\/p>\n<p class=\"\">Quelques minutes plus t\u00f4t, un agent de l\u2019ICE a tir\u00e9 sur le v\u00e9hicule de <a href=\"https:\/\/www.leparisien.fr\/international\/etats-unis\/poete-et-mere-de-trois-enfants-qui-etait-renee-nicole-good-lamericaine-abattue-par-la-police-de-limmigration-a-minneapolis-08-01-2026-U5NOPHIR7ZH4PNNLHX5DRZOCKU.php\" target=\"_self\" rel=\"noopener\">Renee Nicole Good<\/a>. Dans un communiqu\u00e9, le d\u00e9partement de la S\u00e9curit\u00e9 int\u00e9rieure (DHS) affirme que la m\u00e8re de famille a \u00ab transform\u00e9 son v\u00e9hicule en arme, tentant de renverser (les) forces de l\u2019ordre dans l\u2019intention de les tuer &#8211; un acte de terrorisme int\u00e9rieur \u00bb.<\/p>\n<p class=\"\">Une version contest\u00e9e par les autorit\u00e9s locales. \u00ab Ils essaient d\u00e9j\u00e0 de faire passer \u00e7a pour un acte de l\u00e9gitime d\u00e9fense. Ayant vu la vid\u00e9o, je tiens \u00e0 dire \u00e0 tout le monde que c\u2019est des conneries \u00bb, a affirm\u00e9 le maire de Minneapolis, Jacob Frey, en conf\u00e9rence de presse. Et d\u2019ajouter : \u00ab Un agent a fait un usage abusif de son pouvoir. \u00bb<\/p>\n<p class=\"\">Jeudi, des centaines de personnes se sont rassembl\u00e9es \u00e0 Minneapolis et dans d\u2019autres grandes villes am\u00e9ricains pour protester contre l\u2019ICE, principal outil de la politique d\u2019expulsion \u00e0 grande \u00e9chelle de l\u2019administration Trump. Dans la soir\u00e9e, des tirs de la police de l\u2019immigration ont bless\u00e9 deux personnes.<\/p>\n","protected":false},"excerpt":{"rendered":"Peu apr\u00e8s le drame qui a endeuill\u00e9 Minneapolis, aux \u00c9tats-Unis, un homme se pr\u00e9sentant comme un m\u00e9decin a&hellip;\n","protected":false},"author":2,"featured_media":651650,"comment_status":"","ping_status":"","sticky":false,"template":"","format":"standard","meta":{"footnotes":""},"categories":[5],"tags":[11,73,1011,27,14,12,28],"class_list":{"0":"post-651649","1":"post","2":"type-post","3":"status-publish","4":"format-standard","5":"has-post-thumbnail","7":"category-international","8":"tag-actualites","9":"tag-etats-unis","10":"tag-fr","11":"tag-france","12":"tag-international","13":"tag-news","14":"tag-world"},"share_on_mastodon":{"url":"https:\/\/pubeurope.com\/@fr\/115865152705805703","error":""},"_links":{"self":[{"href":"https:\/\/www.europesays.com\/fr\/wp-json\/wp\/v2\/posts\/651649","targetHints":{"allow":["GET"]}}],"collection":[{"href":"https:\/\/www.europesays.com\/fr\/wp-json\/wp\/v2\/posts"}],"about":[{"href":"https:\/\/www.europesays.com\/fr\/wp-json\/wp\/v2\/types\/post"}],"author":[{"embeddable":true,"href":"https:\/\/www.europesays.com\/fr\/wp-json\/wp\/v2\/users\/2"}],"replies":[{"embeddable":true,"href":"https:\/\/www.europesays.com\/fr\/wp-json\/wp\/v2\/comments?post=651649"}],"version-history":[{"count":0,"href":"https:\/\/www.europesays.com\/fr\/wp-json\/wp\/v2\/posts\/651649\/revisions"}],"wp:featuredmedia":[{"embeddable":true,"href":"https:\/\/www.europesays.com\/fr\/wp-json\/wp\/v2\/media\/651650"}],"wp:attachment":[{"href":"https:\/\/www.europesays.com\/fr\/wp-json\/wp\/v2\/media?parent=651649"}],"wp:term":[{"taxonomy":"category","embeddable":true,"href":"https:\/\/www.europesays.com\/fr\/wp-json\/wp\/v2\/categories?post=651649"},{"taxonomy":"post_tag","embeddable":true,"href":"https:\/\/www.europesays.com\/fr\/wp-json\/wp\/v2\/tags?post=651649"}],"curies":[{"name":"wp","href":"https:\/\/api.w.org\/{rel}","templated":true}]}}