{"id":651652,"date":"2026-01-09T12:32:16","date_gmt":"2026-01-09T12:32:16","guid":{"rendered":"https:\/\/www.europesays.com\/fr\/651652\/"},"modified":"2026-01-09T12:32:16","modified_gmt":"2026-01-09T12:32:16","slug":"direct-tempete-goretti-en-bretagne-17-500-foyers-prives-delectricite-plusieurs-degats-materiels","status":"publish","type":"post","link":"https:\/\/www.europesays.com\/fr\/651652\/","title":{"rendered":"DIRECT &#8211; Temp\u00eate Goretti en Bretagne : 17 500 foyers priv\u00e9s d&rsquo;\u00e9lectricit\u00e9, plusieurs d\u00e9g\u00e2ts mat\u00e9riels"},"content":{"rendered":"<p>Une centaine d\u2019incidents sur les lignes \u00e9lectriques costarmoricaines<\/p>\n<p>Une centaine d\u2019incidents a \u00e9t\u00e9 comptabilis\u00e9e sur les lignes \u00e9lectriques. Les \u00e9quipes d\u2019Enedis sont mobilis\u00e9es pour r\u00e9tablir l\u2019\u00e9lectricit\u00e9 pour 7 500 foyers encore touch\u00e9s. La situation s\u2019am\u00e9liore, mais les conditions climatiques actuelles ne facilitent pas la t\u00e2che des \u00e9quipes sur le terrain et de nombreuses interventions sont toujours en cours.<\/p>\n<p>En lien avec la F\u00e9d\u00e9ration d\u00e9partementale de chasse, le pr\u00e9fet a pris un arr\u00eat\u00e9 suspendant les activit\u00e9s dans 62 communes du d\u00e9partement, afin de s\u00e9curiser les interventions des techniciens. La liste des communes concern\u00e9es est disponible sur le site internet de la pr\u00e9fecture.<\/p>\n<p>Aucun incident n\u2019a \u00e9t\u00e9 constat\u00e9 sur le r\u00e9seau mobile. 650 abonn\u00e9s (sur les 400 000 que compte le d\u00e9partement) ont des difficult\u00e9s de connexion internet, dues \u00e0 des coupures d\u2019\u00e9lectricit\u00e9. 40 techniciens r\u00e9seau d\u2019Orange sont mobilis\u00e9s dans le secteur du Tr\u00e9gor et du Go\u00eblo pour anticiper les \u00e9ventuelles difficult\u00e9s.Le pr\u00e9fet des C\u00f4tes-d\u2019Armor remercie l\u2019ensemble des \u00e9quipes mobilis\u00e9es depuis hier, sur le terrain et au centre op\u00e9rationnel d\u00e9partemental pour suivre l\u2019\u00e9volution de la situation et intervenir en cas de n\u00e9cessit\u00e9 : 225 sapeurs-pompiers, 250 gendarmes (dont 70 en r\u00e9serve), 40 policiers, agents de la pr\u00e9fecture, agents des routes du Conseil d\u00e9partemental et de la DIRO, techniciens d\u2019Enedis et des r\u00e9seaux de t\u00e9l\u00e9communication, \u00e9quipes <a target=\"_blank\" rel=\"noopener noreferrer nofollow\" href=\"http:\/\/municipales.Il\">municipales.Il<\/a> salue \u00e9galement le respect, par les habitants, des consignes de s\u00e9curit\u00e9, ce qui a permis d\u2019\u00e9viter les incidents. Depuis les derniers \u00e9pisodes m\u00e9t\u00e9orologiques importants, des r\u00e9flexes ont \u00e9t\u00e9 acquis par les Costarmoricains et les diff\u00e9rents intervenants, permettant d\u2019anticiper au mieux les situations.Lev\u00e9e de mesures en vigueur<\/p>\n","protected":false},"excerpt":{"rendered":"Une centaine d\u2019incidents sur les lignes \u00e9lectriques costarmoricaines Une centaine d\u2019incidents a \u00e9t\u00e9 comptabilis\u00e9e sur les lignes \u00e9lectriques.&hellip;\n","protected":false},"author":2,"featured_media":651653,"comment_status":"","ping_status":"","sticky":false,"template":"","format":"standard","meta":{"footnotes":""},"categories":[2],"tags":[11,829,5934,6206,2171,3320,765,3321,1011,27,4044,848,2170,9815,5862,1781,2885,3729,12,3323,6099,3319,584,4937,18089,31186,3165],"class_list":{"0":"post-651652","1":"post","2":"type-post","3":"status-publish","4":"format-standard","5":"has-post-thumbnail","7":"category-actualites","8":"tag-actualites","9":"tag-bretagne","10":"tag-carhaix-plouguer","11":"tag-chateaulin","12":"tag-cotes-darmor","13":"tag-douarnenez","14":"tag-en-continu","15":"tag-finistere","16":"tag-fr","17":"tag-france","18":"tag-guingamp","19":"tag-ille-et-vilaine","20":"tag-lamballe-armor","21":"tag-landerneau","22":"tag-lannion","23":"tag-lorient","24":"tag-loudeac","25":"tag-morbihan","26":"tag-news","27":"tag-pont-labbe","28":"tag-pontivy","29":"tag-quimper","30":"tag-rennes","31":"tag-saint-brieuc","32":"tag-selection-showcase","33":"tag-tempetes","34":"tag-vannes"},"share_on_mastodon":{"url":"https:\/\/pubeurope.com\/@fr\/115865160556777129","error":""},"_links":{"self":[{"href":"https:\/\/www.europesays.com\/fr\/wp-json\/wp\/v2\/posts\/651652","targetHints":{"allow":["GET"]}}],"collection":[{"href":"https:\/\/www.europesays.com\/fr\/wp-json\/wp\/v2\/posts"}],"about":[{"href":"https:\/\/www.europesays.com\/fr\/wp-json\/wp\/v2\/types\/post"}],"author":[{"embeddable":true,"href":"https:\/\/www.europesays.com\/fr\/wp-json\/wp\/v2\/users\/2"}],"replies":[{"embeddable":true,"href":"https:\/\/www.europesays.com\/fr\/wp-json\/wp\/v2\/comments?post=651652"}],"version-history":[{"count":0,"href":"https:\/\/www.europesays.com\/fr\/wp-json\/wp\/v2\/posts\/651652\/revisions"}],"wp:featuredmedia":[{"embeddable":true,"href":"https:\/\/www.europesays.com\/fr\/wp-json\/wp\/v2\/media\/651653"}],"wp:attachment":[{"href":"https:\/\/www.europesays.com\/fr\/wp-json\/wp\/v2\/media?parent=651652"}],"wp:term":[{"taxonomy":"category","embeddable":true,"href":"https:\/\/www.europesays.com\/fr\/wp-json\/wp\/v2\/categories?post=651652"},{"taxonomy":"post_tag","embeddable":true,"href":"https:\/\/www.europesays.com\/fr\/wp-json\/wp\/v2\/tags?post=651652"}],"curies":[{"name":"wp","href":"https:\/\/api.w.org\/{rel}","templated":true}]}}