{"id":651654,"date":"2026-01-09T12:33:10","date_gmt":"2026-01-09T12:33:10","guid":{"rendered":"https:\/\/www.europesays.com\/fr\/651654\/"},"modified":"2026-01-09T12:33:10","modified_gmt":"2026-01-09T12:33:10","slug":"ils-tentent-de-voler-un-coffre-fort","status":"publish","type":"post","link":"https:\/\/www.europesays.com\/fr\/651654\/","title":{"rendered":"Ils tentent de voler un coffre-fort"},"content":{"rendered":"\n<p>Ce lundi 5 janvier, en fin de matin\u00e9e, les gendarmes de la Fouillouse ont \u00e9t\u00e9 appel\u00e9s par un habitant de la commune signalant des individus suspects, capcuhes sur la t\u00eate. Ces derniers se dirigeaient en fait dans une maison avec un outil \u00e9lectroportatif de type disqueuse. Rapidement d\u00e9p\u00each\u00e9s sur place, les forces de l&rsquo;ordre remarquent une fen\u00eatre forc\u00e9e. A l&rsquo;int\u00e9rieur, ils d\u00e9couvrent \u00e9galement un coffre-fort extrait d&rsquo;un placard et partiellement d\u00e9coup\u00e9 avec, \u00e0 c\u00f4t\u00e9, l&rsquo;outil utilis\u00e9 pour tenter de l&rsquo;ouvrir. Gr\u00e2ce \u00e0 la vid\u00e9oprotection, les gendarmes ont pu rapidement identifier les v\u00e9hicules utilis\u00e9s par les voleurs. Ainsi, gr\u00e2ce \u00e9galement \u00e0 l&rsquo;enqu\u00eate de voisinage, les gendarmes ont pu retrouver les deux individus, \u00e2g\u00e9s de 19 ans et domicil\u00e9s \u00e0 Saint-Etienne et Montrond-les-Bains.\u00a0<\/p>\n<p>Interpell\u00e9s et plac\u00e9s en garde \u00e0 vue, ils ont reconnu les faits et font l&rsquo;objet d&rsquo;une double convocation judiciaire en septembre 2026.\u00a0<\/p>\n<p>\u00a0<\/p>\n","protected":false},"excerpt":{"rendered":"Ce lundi 5 janvier, en fin de matin\u00e9e, les gendarmes de la Fouillouse ont \u00e9t\u00e9 appel\u00e9s par un&hellip;\n","protected":false},"author":2,"featured_media":651655,"comment_status":"","ping_status":"","sticky":false,"template":"","format":"standard","meta":{"footnotes":""},"categories":[9653],"tags":[1111,11,2430,1777,674,6017,1011,27,3381,12296,3367,12,25,4001,1175],"class_list":{"0":"post-651654","1":"post","2":"type-post","3":"status-publish","4":"format-standard","5":"has-post-thumbnail","7":"category-saint-etienne","8":"tag-actu","9":"tag-actualites","10":"tag-auvergne-rhone-alpes","11":"tag-eu","12":"tag-europe","13":"tag-fait-divers","14":"tag-fr","15":"tag-france","16":"tag-gendarmerie","17":"tag-la-fouillouse","18":"tag-loire","19":"tag-news","20":"tag-republique-francaise","21":"tag-saint-etienne","22":"tag-vol"},"share_on_mastodon":{"url":"https:\/\/pubeurope.com\/@fr\/115865164488759177","error":""},"_links":{"self":[{"href":"https:\/\/www.europesays.com\/fr\/wp-json\/wp\/v2\/posts\/651654","targetHints":{"allow":["GET"]}}],"collection":[{"href":"https:\/\/www.europesays.com\/fr\/wp-json\/wp\/v2\/posts"}],"about":[{"href":"https:\/\/www.europesays.com\/fr\/wp-json\/wp\/v2\/types\/post"}],"author":[{"embeddable":true,"href":"https:\/\/www.europesays.com\/fr\/wp-json\/wp\/v2\/users\/2"}],"replies":[{"embeddable":true,"href":"https:\/\/www.europesays.com\/fr\/wp-json\/wp\/v2\/comments?post=651654"}],"version-history":[{"count":0,"href":"https:\/\/www.europesays.com\/fr\/wp-json\/wp\/v2\/posts\/651654\/revisions"}],"wp:featuredmedia":[{"embeddable":true,"href":"https:\/\/www.europesays.com\/fr\/wp-json\/wp\/v2\/media\/651655"}],"wp:attachment":[{"href":"https:\/\/www.europesays.com\/fr\/wp-json\/wp\/v2\/media?parent=651654"}],"wp:term":[{"taxonomy":"category","embeddable":true,"href":"https:\/\/www.europesays.com\/fr\/wp-json\/wp\/v2\/categories?post=651654"},{"taxonomy":"post_tag","embeddable":true,"href":"https:\/\/www.europesays.com\/fr\/wp-json\/wp\/v2\/tags?post=651654"}],"curies":[{"name":"wp","href":"https:\/\/api.w.org\/{rel}","templated":true}]}}