{"id":651656,"date":"2026-01-09T12:34:11","date_gmt":"2026-01-09T12:34:11","guid":{"rendered":"https:\/\/www.europesays.com\/fr\/651656\/"},"modified":"2026-01-09T12:34:11","modified_gmt":"2026-01-09T12:34:11","slug":"loire-le-troisieme-suspect-du-meurtre-du-barrage-de-couzon-a-ete-mis-en-examen-et-ecroue","status":"publish","type":"post","link":"https:\/\/www.europesays.com\/fr\/651656\/","title":{"rendered":"Loire. Le troisi\u00e8me suspect du meurtre du barrage de Couzon a \u00e9t\u00e9 mis en examen et \u00e9crou\u00e9"},"content":{"rendered":"<p>Nous en savons plus sur le sort de l\u2019homme interpell\u00e9 dans l\u2019affaire du meurtre du barrage de Couzon.<\/p>\n<p>Apr\u00e8s son arrestation, en d\u00e9but de semaine, par la gendarmerie dans la station de ski de l\u2019Alpe d\u2019Huez, la procureure de Saint-\u00c9tienne, Anne Gaches, qui n\u2019avait pas souhait\u00e9 r\u00e9pondre \u00e0 nos sollicitations, a pr\u00e9cis\u00e9 \u00e0 l\u2019AFP que l\u2019homme a \u00e9t\u00e9 mis en examen mercredi par un juge d\u2019instruction et \u00e9crou\u00e9 dans la foul\u00e9e.<\/p>\n<p>Abdellah Nadour <a href=\"https:\/\/www.leprogres.fr\/faits-divers-justice\/2026\/01\/08\/meurtre-du-barrage-de-couzon-le-troisieme-individu-retrouve-et-interpelle-dans-une-station-de-ski\" target=\"_blank\" rel=\"noopener\">a donc rejoint deux de ses pr\u00e9sum\u00e9s complices en prison.<\/a> Eux avaient \u00e9t\u00e9 arr\u00eat\u00e9s aux cours des semaines suivant le d\u00e9c\u00e8s d\u2019un homme de 25 ans, pouss\u00e9 volontairement dans les eaux froides du barrage de Couzon en f\u00e9vrier\u00a02025.<\/p>\n<p>Interpol \u00e0 ses trousses<\/p>\n<p>Ce dernier suspect \u00e9tait recherch\u00e9 par toutes les polices du monde, car Interpol avait \u00e9mis un mandat d\u2019arr\u00eat international \u00e0 son encontre. Il aurait, dans un premier temps, quitt\u00e9 le territoire fran\u00e7ais pour se rendre en Afrique du Nord, avant de rentrer en France.<\/p>\n","protected":false},"excerpt":{"rendered":"Nous en savons plus sur le sort de l\u2019homme interpell\u00e9 dans l\u2019affaire du meurtre du barrage de Couzon.&hellip;\n","protected":false},"author":2,"featured_media":651657,"comment_status":"","ping_status":"","sticky":false,"template":"","format":"standard","meta":{"footnotes":""},"categories":[9653],"tags":[1111,11,2430,271,272,7539,1777,674,274,107,1011,27,3367,12,25,4001,7538],"class_list":{"0":"post-651656","1":"post","2":"type-post","3":"status-publish","4":"format-standard","5":"has-post-thumbnail","7":"category-saint-etienne","8":"tag-actu","9":"tag-actualites","10":"tag-auvergne-rhone-alpes","11":"tag-crime","12":"tag-delit-et-contravention","13":"tag-edition-loire-sud","14":"tag-eu","15":"tag-europe","16":"tag-faits-divers-justice","17":"tag-fil-info","18":"tag-fr","19":"tag-france","20":"tag-loire","21":"tag-news","22":"tag-republique-francaise","23":"tag-saint-etienne","24":"tag-saint-etienne-ville"},"share_on_mastodon":{"url":"https:\/\/pubeurope.com\/@fr\/115865168472360620","error":""},"_links":{"self":[{"href":"https:\/\/www.europesays.com\/fr\/wp-json\/wp\/v2\/posts\/651656","targetHints":{"allow":["GET"]}}],"collection":[{"href":"https:\/\/www.europesays.com\/fr\/wp-json\/wp\/v2\/posts"}],"about":[{"href":"https:\/\/www.europesays.com\/fr\/wp-json\/wp\/v2\/types\/post"}],"author":[{"embeddable":true,"href":"https:\/\/www.europesays.com\/fr\/wp-json\/wp\/v2\/users\/2"}],"replies":[{"embeddable":true,"href":"https:\/\/www.europesays.com\/fr\/wp-json\/wp\/v2\/comments?post=651656"}],"version-history":[{"count":0,"href":"https:\/\/www.europesays.com\/fr\/wp-json\/wp\/v2\/posts\/651656\/revisions"}],"wp:featuredmedia":[{"embeddable":true,"href":"https:\/\/www.europesays.com\/fr\/wp-json\/wp\/v2\/media\/651657"}],"wp:attachment":[{"href":"https:\/\/www.europesays.com\/fr\/wp-json\/wp\/v2\/media?parent=651656"}],"wp:term":[{"taxonomy":"category","embeddable":true,"href":"https:\/\/www.europesays.com\/fr\/wp-json\/wp\/v2\/categories?post=651656"},{"taxonomy":"post_tag","embeddable":true,"href":"https:\/\/www.europesays.com\/fr\/wp-json\/wp\/v2\/tags?post=651656"}],"curies":[{"name":"wp","href":"https:\/\/api.w.org\/{rel}","templated":true}]}}