{"id":651658,"date":"2026-01-09T12:35:15","date_gmt":"2026-01-09T12:35:15","guid":{"rendered":"https:\/\/www.europesays.com\/fr\/651658\/"},"modified":"2026-01-09T12:35:15","modified_gmt":"2026-01-09T12:35:15","slug":"lutte-ouvriere-designe-sa-candidate","status":"publish","type":"post","link":"https:\/\/www.europesays.com\/fr\/651658\/","title":{"rendered":"Lutte Ouvri\u00e8re d\u00e9signe sa candidate"},"content":{"rendered":"<p>                    Par<br \/>\n        <strong><br \/>\n            <a href=\"https:\/\/actu.fr\/auteur\/pierre-emile-bouchy-actu-fr\" title=\"Consulter tous les articles de Paul-Emile Bouchy\" target=\"_blank\" rel=\"noopener\">Paul-Emile Bouchy<\/a><br \/>\n                    <\/strong><\/p>\n<p>        Publi\u00e9 le<\/p>\n<p>            9 janv. 2026 \u00e0 11h49        <\/p>\n<p>Les 15 et 22\u00a0mars 2026, les Fran\u00e7ais seront appel\u00e9s aux urnes lors des prochaines <a href=\"https:\/\/actu.fr\/tag\/municipales-2026\" target=\"_blank\" rel=\"noopener\">\u00e9lections municipales<\/a>. \u00c0 <strong>Nancy<\/strong>, le maire sortant <a href=\"https:\/\/actu.fr\/grand-est\/nancy_54395\/municipales-2026-a-nancy-les-ecologistes-et-la-gauche-s-unissent-pour-soutenir-mathieu-klein_63531090.html\" target=\"_blank\" rel=\"noopener\">Mathieu Klein<\/a> et l\u2019ancien maire <a href=\"https:\/\/actu.fr\/grand-est\/nancy_54395\/securite-mobilite-proprete-fiscalite-comment-laurent-henart-envisage-l-alternance-a-nancy_62196169.html\" target=\"_blank\" rel=\"noopener\">Laurent H\u00e9nart<\/a> n\u2019ont pas encore officialis\u00e9 leur candidature.<\/p>\n<p class=\" wall-content\">En revanche, le parti <strong>Lutte Ouvri\u00e8re vient d\u2019annoncer sa candidate\u2009: Christiane Nimsgern<\/strong>.<\/p>\n<p>Candidate depuis plus de 20\u00a0ans \u00e0 Nancy<\/p>\n<p class=\" wall-content\">\u00c2g\u00e9e de 70\u00a0ans, Christiane Nimsgern est <strong>une aide-soignante \u00e0 la retraite<\/strong>. Elle a travaill\u00e9 pendant 38\u00a0ans au <a href=\"https:\/\/actu.fr\/tag\/chru-de-nancy\" target=\"_blank\" rel=\"noopener\">CHRU de Nancy<\/a>.<\/p>\n<p class=\" wall-content\">Elle est loin d\u2019en \u00eatre \u00e0 sa premi\u00e8re campagne puisque <strong>depuis 2001, elle est candidate aux \u00e9lections municipales \u00e0 Nancy<\/strong>. En 2020, elle avait recueilli 0,90\u2009% des suffrages exprim\u00e9s.<\/p>\n<p class=\" wall-content\">Le second de sa liste est <strong>Xavier Boury<\/strong>, chauffeur poids lourd \u00e9galement retrait\u00e9.<\/p>\n<p class=\" wall-content\">Personnalisez votre actualit\u00e9 en ajoutant vos villes et m\u00e9dias en favori avec <a href=\"https:\/\/moncompte.actu.fr\" title=\"D\u00e9couvez Mon Actu\" rel=\"nofollow noopener\" data-trk=\"{&quot;cta&quot;:{&quot;action&quot;:&quot;https:\\\/\\\/moncompte.actu.fr&quot;,&quot;category&quot;:&quot;mon compte&quot;,&quot;from&quot;:&quot;article footer&quot;,&quot;name&quot;:&quot;Mon actu&quot;,&quot;type&quot;:&quot;cta&quot;}}\" target=\"_blank\">Mon Actu<\/a>.<\/p>\n","protected":false},"excerpt":{"rendered":"Par Paul-Emile Bouchy Publi\u00e9 le 9 janv. 2026 \u00e0 11h49 Les 15 et 22\u00a0mars 2026, les Fran\u00e7ais seront&hellip;\n","protected":false},"author":2,"featured_media":651659,"comment_status":"","ping_status":"","sticky":false,"template":"","format":"standard","meta":{"footnotes":""},"categories":[9635],"tags":[1111,11,4188,1777,674,1011,27,775,70772,3434,1702,12,316,25],"class_list":{"0":"post-651658","1":"post","2":"type-post","3":"status-publish","4":"format-standard","5":"has-post-thumbnail","7":"category-nancy","8":"tag-actu","9":"tag-actualites","10":"tag-elections-municipales","11":"tag-eu","12":"tag-europe","13":"tag-fr","14":"tag-france","15":"tag-grand-est","16":"tag-lutte-ouvriere","17":"tag-municipales-2026","18":"tag-nancy","19":"tag-news","20":"tag-politique","21":"tag-republique-francaise"},"share_on_mastodon":{"url":"https:\/\/pubeurope.com\/@fr\/115865172329263184","error":""},"_links":{"self":[{"href":"https:\/\/www.europesays.com\/fr\/wp-json\/wp\/v2\/posts\/651658","targetHints":{"allow":["GET"]}}],"collection":[{"href":"https:\/\/www.europesays.com\/fr\/wp-json\/wp\/v2\/posts"}],"about":[{"href":"https:\/\/www.europesays.com\/fr\/wp-json\/wp\/v2\/types\/post"}],"author":[{"embeddable":true,"href":"https:\/\/www.europesays.com\/fr\/wp-json\/wp\/v2\/users\/2"}],"replies":[{"embeddable":true,"href":"https:\/\/www.europesays.com\/fr\/wp-json\/wp\/v2\/comments?post=651658"}],"version-history":[{"count":0,"href":"https:\/\/www.europesays.com\/fr\/wp-json\/wp\/v2\/posts\/651658\/revisions"}],"wp:featuredmedia":[{"embeddable":true,"href":"https:\/\/www.europesays.com\/fr\/wp-json\/wp\/v2\/media\/651659"}],"wp:attachment":[{"href":"https:\/\/www.europesays.com\/fr\/wp-json\/wp\/v2\/media?parent=651658"}],"wp:term":[{"taxonomy":"category","embeddable":true,"href":"https:\/\/www.europesays.com\/fr\/wp-json\/wp\/v2\/categories?post=651658"},{"taxonomy":"post_tag","embeddable":true,"href":"https:\/\/www.europesays.com\/fr\/wp-json\/wp\/v2\/tags?post=651658"}],"curies":[{"name":"wp","href":"https:\/\/api.w.org\/{rel}","templated":true}]}}