{"id":651660,"date":"2026-01-09T12:36:16","date_gmt":"2026-01-09T12:36:16","guid":{"rendered":"https:\/\/www.europesays.com\/fr\/651660\/"},"modified":"2026-01-09T12:36:16","modified_gmt":"2026-01-09T12:36:16","slug":"nancy-lart-et-la-maniere-secrit-autrement","status":"publish","type":"post","link":"https:\/\/www.europesays.com\/fr\/651660\/","title":{"rendered":"Nancy : \u00abL\u2019Art et la Mani\u00e8re\u00bb s\u2019\u00e9crit autrement"},"content":{"rendered":"<p>Apr\u00e8s deux \u00e9ditions au tiers-lieu l\u2019Octroi, l\u2019\u00e9v\u00e9nement op\u00e8re une mue symbolique. C\u2019est dans l\u2019ancienne \u00e9cole communale de la MJC des Trois Maisons que le march\u00e9 a pris ses quartiers. Le choix d\u2019un format plus compact deux week-ends avec un budget municipal couvrant l\u2019essentiel, du chauffage au mat\u00e9riel, t\u00e9moigne d\u2019un \u00e9quilibre recherch\u00e9 entre ambition artistique et responsabilit\u00e9 budg\u00e9taire. Pour l&rsquo;association l&rsquo;Art et la Mani\u00e8re, cette configuration permet de pr\u00e9server l\u2019ADN du march\u00e9 : favoriser la rencontre et l\u2019\u00e9change sans surcharger les organisateurs ni les 90 exposants mobilis\u00e9s.<\/p>\n<p>L\u2019ADN cr\u00e9atif au c\u0153ur du quartier<\/p>\n<p>Au plus pr\u00e8s des habitudes des Nanc\u00e9iens, ces cr\u00e9ateurs, majoritairement issus du bassin local, d\u00e9voilent une palette de savoir-faire allant de la sculpture \u00e0 l\u2019upcycling. On y retrouve l&rsquo;esprit libre et \u00abrock\u2019n\u2019roll\u00bb h\u00e9rit\u00e9 du P\u2019tit Baz\u2019Art, insuffl\u00e9 par l\u2019association La Mani\u00e8re qui fait la part belle au renouveau. En filigrane, l\u2019\u00e9v\u00e9nement raconte une histoire de r\u00e9silience : Nancy confirme son r\u00f4le de vitrine du savoir-faire, en dialogue avec les autres temps forts de la saison comme Gare \u00e0 l\u2019Art, le Salon des artistes ou les concerts \u00e0 l\u2019Op\u00e9ra. Dans ce panorama, cr\u00e9ativit\u00e9 et accessibilit\u00e9 se donnent la main. <\/p>\n<p>Face aux d\u00e9fis financiers, la p\u00e9rennit\u00e9 du salon repose sur une coop\u00e9ration \u00e9troite. Si l\u2019entr\u00e9e est rest\u00e9e libre, 15% des ventes ont \u00e9t\u00e9 revers\u00e9s \u00e0 l\u2019association pour s\u00e9curiser les \u00e9ditions futures.<\/p>\n","protected":false},"excerpt":{"rendered":"Apr\u00e8s deux \u00e9ditions au tiers-lieu l\u2019Octroi, l\u2019\u00e9v\u00e9nement op\u00e8re une mue symbolique. C\u2019est dans l\u2019ancienne \u00e9cole communale de la&hellip;\n","protected":false},"author":2,"featured_media":651661,"comment_status":"","ping_status":"","sticky":false,"template":"","format":"standard","meta":{"footnotes":""},"categories":[9635],"tags":[1111,11,1777,674,1011,27,775,1702,12,25],"class_list":{"0":"post-651660","1":"post","2":"type-post","3":"status-publish","4":"format-standard","5":"has-post-thumbnail","7":"category-nancy","8":"tag-actu","9":"tag-actualites","10":"tag-eu","11":"tag-europe","12":"tag-fr","13":"tag-france","14":"tag-grand-est","15":"tag-nancy","16":"tag-news","17":"tag-republique-francaise"},"share_on_mastodon":{"url":"https:\/\/pubeurope.com\/@fr\/115865176324979160","error":""},"_links":{"self":[{"href":"https:\/\/www.europesays.com\/fr\/wp-json\/wp\/v2\/posts\/651660","targetHints":{"allow":["GET"]}}],"collection":[{"href":"https:\/\/www.europesays.com\/fr\/wp-json\/wp\/v2\/posts"}],"about":[{"href":"https:\/\/www.europesays.com\/fr\/wp-json\/wp\/v2\/types\/post"}],"author":[{"embeddable":true,"href":"https:\/\/www.europesays.com\/fr\/wp-json\/wp\/v2\/users\/2"}],"replies":[{"embeddable":true,"href":"https:\/\/www.europesays.com\/fr\/wp-json\/wp\/v2\/comments?post=651660"}],"version-history":[{"count":0,"href":"https:\/\/www.europesays.com\/fr\/wp-json\/wp\/v2\/posts\/651660\/revisions"}],"wp:featuredmedia":[{"embeddable":true,"href":"https:\/\/www.europesays.com\/fr\/wp-json\/wp\/v2\/media\/651661"}],"wp:attachment":[{"href":"https:\/\/www.europesays.com\/fr\/wp-json\/wp\/v2\/media?parent=651660"}],"wp:term":[{"taxonomy":"category","embeddable":true,"href":"https:\/\/www.europesays.com\/fr\/wp-json\/wp\/v2\/categories?post=651660"},{"taxonomy":"post_tag","embeddable":true,"href":"https:\/\/www.europesays.com\/fr\/wp-json\/wp\/v2\/tags?post=651660"}],"curies":[{"name":"wp","href":"https:\/\/api.w.org\/{rel}","templated":true}]}}