{"id":651666,"date":"2026-01-09T12:39:11","date_gmt":"2026-01-09T12:39:11","guid":{"rendered":"https:\/\/www.europesays.com\/fr\/651666\/"},"modified":"2026-01-09T12:39:11","modified_gmt":"2026-01-09T12:39:11","slug":"ils-cherchaient-un-toit-pour-dormir-a-montpellier-deux-cambrioleurs-finissent-en-prison-a-defaut-de-setre-acquittes-de-leurs-jours-amendes","status":"publish","type":"post","link":"https:\/\/www.europesays.com\/fr\/651666\/","title":{"rendered":"Ils cherchaient un toit pour dormir \u00e0 Montpellier\u00a0: deux cambrioleurs finissent en prison \u00e0 d\u00e9faut de s\u2019\u00eatre acquitt\u00e9s de leurs jours-amendes"},"content":{"rendered":"<p>\n                                                                Deux sans domicile fixe \u00e2g\u00e9s de 45 et 31 ans ont \u00e9t\u00e9 interpell\u00e9s ce mardi 6\u00a0juin en flagrant d\u00e9lit de cambriolage \u00e0 Montpellier. Faisant l\u2019objet d\u2019une convocation devant la justice en juin prochain, ils ont toutefois \u00e9t\u00e9 incarc\u00e9r\u00e9s faute d\u2019avoir acquitt\u00e9 leur pr\u00e9c\u00e9dente condamnation \u00e0 des jours-amendes.\n                            <\/p>\n<p>Eux qui cherchaient soi-disant un toit pour dormir, en ont trouv\u00e9 un.\u00a0Mais s\u00fbrement pas celui esp\u00e9r\u00e9. Ce mardi 6\u00a0janvier, vers 21\u00a0h\u00a015\u00a0en effet, deux hommes ont \u00e9t\u00e9 interpell\u00e9s par les policiers de la Bac\u00a0dans le secteur Gambetta-Figuerolles\u00a0\u00e0 Montpellier, apr\u00e8s un signalement pour une tentative de vol par effraction.<\/p>\n<p>Les faits se sont produits place Auguste-Fages, dans les caves d\u2019un immeuble\u00a0o\u00f9 un riverain\u00a0les a surpris en train de fracturer une porte. Il a aussit\u00f4t alert\u00e9 les forces de l\u2019ordre en indiquant que les deux mis en cause\u00a0se trouvaient \u00e0 l\u2019int\u00e9rieur en train de s\u2019affairer \u00e0\u00a0fouiller.<\/p>\n<p>Fortement alcoolis\u00e9s<\/p>\n<p>Arriv\u00e9s sur place, les policiers ont interpell\u00e9\u00a0les deux suspects en flagrant d\u00e9lit. \u00c2g\u00e9s de 45 et 31 ans, ces deux sans domicile fixe\u00a0\u00e9taient fortement alcoolis\u00e9s, avec des taux respectifs de 2,40\u00a0g et pr\u00e8s de 2\u00a0g d\u2019alcool dans le sang. Ils ont affirm\u00e9 s\u2019\u00eatre introduits dans la cave pour y dormir, pr\u00e9tendant que la porte \u00e9tait ouverte. Ce qui a \u00e9t\u00e9 fortement contest\u00e9 par la propri\u00e9taire des lieux.<\/p>\n<p>Jours-amendes non effectu\u00e9s<\/p>\n<p>Ils ont tous les deux\u00a0fait l\u2019objet d\u2019une convocation par officier de police judiciaire et seront jug\u00e9s en juin\u00a02026. Mais ils n\u2019ont pas pour autant \u00e9t\u00e9 remis en libert\u00e9 car tous deux \u00e9taient \u00e9galement sous le coup de condamnations ant\u00e9rieures \u00e0 des jours-amendes non ex\u00e9cut\u00e9s.<\/p>\n<p>Le quadrag\u00e9naire devait effectuer 50 jours-amendes \u00e0 10\u00a0euros pour usage de stup\u00e9fiants, prononc\u00e9s en 2021. Tandis que\u00a0le trentenaire avait \u00e9t\u00e9 condamn\u00e9 en 2022 \u00e0 90 jours-amendes \u00e0 6\u00a0euros pour une conduite sans permis. Faute de paiement, ils ont \u00e9t\u00e9 \u00e9crou\u00e9s au centre p\u00e9nitentiaire de Villeneuve-l\u00e8s-Maguelone pour purger respectivement 50 et 90 jours d\u2019emprisonnement.<\/p>\n","protected":false},"excerpt":{"rendered":"Deux sans domicile fixe \u00e2g\u00e9s de 45 et 31 ans ont \u00e9t\u00e9 interpell\u00e9s ce mardi 6\u00a0juin en flagrant&hellip;\n","protected":false},"author":2,"featured_media":651667,"comment_status":"","ping_status":"","sticky":false,"template":"","format":"standard","meta":{"footnotes":""},"categories":[9599],"tags":[1111,11,1777,674,118,1011,27,7089,2208,12,2680,25],"class_list":{"0":"post-651666","1":"post","2":"type-post","3":"status-publish","4":"format-standard","5":"has-post-thumbnail","7":"category-montpellier","8":"tag-actu","9":"tag-actualites","10":"tag-eu","11":"tag-europe","12":"tag-faits-divers","13":"tag-fr","14":"tag-france","15":"tag-herault","16":"tag-montpellier","17":"tag-news","18":"tag-occitanie","19":"tag-republique-francaise"},"share_on_mastodon":{"url":"https:\/\/pubeurope.com\/@fr\/115865188296943112","error":""},"_links":{"self":[{"href":"https:\/\/www.europesays.com\/fr\/wp-json\/wp\/v2\/posts\/651666","targetHints":{"allow":["GET"]}}],"collection":[{"href":"https:\/\/www.europesays.com\/fr\/wp-json\/wp\/v2\/posts"}],"about":[{"href":"https:\/\/www.europesays.com\/fr\/wp-json\/wp\/v2\/types\/post"}],"author":[{"embeddable":true,"href":"https:\/\/www.europesays.com\/fr\/wp-json\/wp\/v2\/users\/2"}],"replies":[{"embeddable":true,"href":"https:\/\/www.europesays.com\/fr\/wp-json\/wp\/v2\/comments?post=651666"}],"version-history":[{"count":0,"href":"https:\/\/www.europesays.com\/fr\/wp-json\/wp\/v2\/posts\/651666\/revisions"}],"wp:featuredmedia":[{"embeddable":true,"href":"https:\/\/www.europesays.com\/fr\/wp-json\/wp\/v2\/media\/651667"}],"wp:attachment":[{"href":"https:\/\/www.europesays.com\/fr\/wp-json\/wp\/v2\/media?parent=651666"}],"wp:term":[{"taxonomy":"category","embeddable":true,"href":"https:\/\/www.europesays.com\/fr\/wp-json\/wp\/v2\/categories?post=651666"},{"taxonomy":"post_tag","embeddable":true,"href":"https:\/\/www.europesays.com\/fr\/wp-json\/wp\/v2\/tags?post=651666"}],"curies":[{"name":"wp","href":"https:\/\/api.w.org\/{rel}","templated":true}]}}