{"id":651668,"date":"2026-01-09T12:40:13","date_gmt":"2026-01-09T12:40:13","guid":{"rendered":"https:\/\/www.europesays.com\/fr\/651668\/"},"modified":"2026-01-09T12:40:13","modified_gmt":"2026-01-09T12:40:13","slug":"les-agriculteurs-accentuent-la-pression-et-obtiennent-un-echange-avec-la-prefete-34-infos","status":"publish","type":"post","link":"https:\/\/www.europesays.com\/fr\/651668\/","title":{"rendered":"Les agriculteurs accentuent la pression et obtiennent un \u00e9change avec la pr\u00e9f\u00e8te \u2013 34 INFOS"},"content":{"rendered":"<p><strong>La mobilisation des agriculteurs reste forte. Ce vendredi 9 janvier, ils continuent de mettre la pression sur les autorit\u00e9s cette fois \u00e0 Montpellier.<\/strong><\/p>\n<p><img data-recalc-dims=\"1\" loading=\"lazy\" decoding=\"async\" width=\"1024\" height=\"768\" data-attachment-id=\"35372\" data-permalink=\"https:\/\/34infos.fr\/2026\/01\/09\/montpellier-les-agriculteurs-accentuent-la-pression-et-obtiennent-un-echange-avec-la-prefete\/signal-2026-01-09-10-57-56-855-78880127367378634642\/\" data-orig-file=\"https:\/\/i0.wp.com\/34infos.fr\/wp-content\/uploads\/2026\/01\/signal-2026-01-09-10-57-56-855-78880127367378634642.jpg?fit=2000%2C1500&amp;ssl=1\" data-orig-size=\"2000,1500\" data-comments-opened=\"1\" data-image-meta=\"{&quot;aperture&quot;:&quot;0&quot;,&quot;credit&quot;:&quot;&quot;,&quot;camera&quot;:&quot;&quot;,&quot;caption&quot;:&quot;&quot;,&quot;created_timestamp&quot;:&quot;0&quot;,&quot;copyright&quot;:&quot;&quot;,&quot;focal_length&quot;:&quot;0&quot;,&quot;iso&quot;:&quot;0&quot;,&quot;shutter_speed&quot;:&quot;0&quot;,&quot;title&quot;:&quot;&quot;,&quot;orientation&quot;:&quot;1&quot;}\" data-image-title=\"signal-2026-01-09-10-57-56-855-78880127367378634642\" data-image-description=\"\" data-image-caption=\"\" data-medium-file=\"https:\/\/i0.wp.com\/34infos.fr\/wp-content\/uploads\/2026\/01\/signal-2026-01-09-10-57-56-855-78880127367378634642.jpg?fit=300%2C225&amp;ssl=1\" data-large-file=\"https:\/\/i0.wp.com\/34infos.fr\/wp-content\/uploads\/2026\/01\/signal-2026-01-09-10-57-56-855-78880127367378634642.jpg?fit=1024%2C768&amp;ssl=1\" src=\"https:\/\/www.europesays.com\/fr\/wp-content\/uploads\/2026\/01\/signal-2026-01-09-10-57-56-855-78880127367378634642.jpg\" alt=\"\" class=\"wp-image-35372\"  \/>Cr\u00e9dit photo V.OULHEN\/34 INFOS\u00a9<\/p>\n<p>Apr\u00e8s avoir rencontr\u00e9 le pr\u00e9sident du D\u00e9partement, Kl\u00e9ber Mesquida, les agriculteurs ont intensifi\u00e9 leur mobilisation en \u00e9tablissant un camp de base devant la pr\u00e9fecture, avec plusieurs tracteurs positionn\u00e9s aux alentours et des barricades. En outre, le d\u00e9versement de purin sur la voie publique vient renforcer leur message de contestation.<\/p>\n<p><img data-recalc-dims=\"1\" loading=\"lazy\" decoding=\"async\" width=\"1024\" height=\"768\" data-attachment-id=\"35375\" data-permalink=\"https:\/\/34infos.fr\/2026\/01\/09\/montpellier-les-agriculteurs-accentuent-la-pression-et-obtiennent-un-echange-avec-la-prefete\/signal-2026-01-09-10-57-56-855-56231521690546107838\/\" data-orig-file=\"https:\/\/i0.wp.com\/34infos.fr\/wp-content\/uploads\/2026\/01\/signal-2026-01-09-10-57-56-855-56231521690546107838.jpg?fit=2000%2C1500&amp;ssl=1\" data-orig-size=\"2000,1500\" data-comments-opened=\"1\" data-image-meta=\"{&quot;aperture&quot;:&quot;0&quot;,&quot;credit&quot;:&quot;&quot;,&quot;camera&quot;:&quot;&quot;,&quot;caption&quot;:&quot;&quot;,&quot;created_timestamp&quot;:&quot;0&quot;,&quot;copyright&quot;:&quot;&quot;,&quot;focal_length&quot;:&quot;0&quot;,&quot;iso&quot;:&quot;0&quot;,&quot;shutter_speed&quot;:&quot;0&quot;,&quot;title&quot;:&quot;&quot;,&quot;orientation&quot;:&quot;1&quot;}\" data-image-title=\"signal-2026-01-09-10-57-56-855-56231521690546107838\" data-image-description=\"\" data-image-caption=\"\" data-medium-file=\"https:\/\/i0.wp.com\/34infos.fr\/wp-content\/uploads\/2026\/01\/signal-2026-01-09-10-57-56-855-56231521690546107838.jpg?fit=300%2C225&amp;ssl=1\" data-large-file=\"https:\/\/i0.wp.com\/34infos.fr\/wp-content\/uploads\/2026\/01\/signal-2026-01-09-10-57-56-855-56231521690546107838.jpg?fit=1024%2C768&amp;ssl=1\" src=\"https:\/\/www.europesays.com\/fr\/wp-content\/uploads\/2026\/01\/signal-2026-01-09-10-57-56-855-56231521690546107838.jpg\" alt=\"\" class=\"wp-image-35375\"  \/>Cr\u00e9dit photo V.OULHEN\/34 INFOS\u00a9<\/p>\n<p><img data-recalc-dims=\"1\" loading=\"lazy\" decoding=\"async\" width=\"1024\" height=\"768\" data-attachment-id=\"35374\" data-permalink=\"https:\/\/34infos.fr\/2026\/01\/09\/montpellier-les-agriculteurs-accentuent-la-pression-et-obtiennent-un-echange-avec-la-prefete\/signal-2026-01-09-11-05-24-529-2853297009286648061\/\" data-orig-file=\"https:\/\/i0.wp.com\/34infos.fr\/wp-content\/uploads\/2026\/01\/signal-2026-01-09-11-05-24-529-2853297009286648061.jpg?fit=2000%2C1500&amp;ssl=1\" data-orig-size=\"2000,1500\" data-comments-opened=\"1\" data-image-meta=\"{&quot;aperture&quot;:&quot;0&quot;,&quot;credit&quot;:&quot;&quot;,&quot;camera&quot;:&quot;&quot;,&quot;caption&quot;:&quot;&quot;,&quot;created_timestamp&quot;:&quot;0&quot;,&quot;copyright&quot;:&quot;&quot;,&quot;focal_length&quot;:&quot;0&quot;,&quot;iso&quot;:&quot;0&quot;,&quot;shutter_speed&quot;:&quot;0&quot;,&quot;title&quot;:&quot;&quot;,&quot;orientation&quot;:&quot;1&quot;}\" data-image-title=\"signal-2026-01-09-11-05-24-529-2853297009286648061\" data-image-description=\"\" data-image-caption=\"\" data-medium-file=\"https:\/\/i0.wp.com\/34infos.fr\/wp-content\/uploads\/2026\/01\/signal-2026-01-09-11-05-24-529-2853297009286648061.jpg?fit=300%2C225&amp;ssl=1\" data-large-file=\"https:\/\/i0.wp.com\/34infos.fr\/wp-content\/uploads\/2026\/01\/signal-2026-01-09-11-05-24-529-2853297009286648061.jpg?fit=1024%2C768&amp;ssl=1\" src=\"https:\/\/www.europesays.com\/fr\/wp-content\/uploads\/2026\/01\/signal-2026-01-09-11-05-24-529-2853297009286648061.jpg\" alt=\"\" class=\"wp-image-35374\"  \/>Cr\u00e9dit photo V.OULHEN\/34 INFOS\u00a9<\/p>\n<p>En fin de matin\u00e9e, la pr\u00e9f\u00e8te a finalement rencontr\u00e9 les agriculteurs au niveau de la pr\u00e9fecture, et un \u00e9change a eu lieu, comme en t\u00e9moigne la vid\u00e9o diffus\u00e9e ci-dessous.<\/p>\n<\/p>\n<p>Face \u00e0 ces actions, les agriculteurs attendent des engagements concrets de l\u2019\u00c9tat pour am\u00e9liorer la situation \u00e9conomique de leurs exploitations et all\u00e9ger les contraintes qui p\u00e8sent sur eux.<\/p>\n<p>A 10h00, ce vendredi, la pr\u00e9fecture de l\u2019H\u00e9rault a pr\u00e9cis\u00e9 dans un communiqu\u00e9 :<\/p>\n<blockquote class=\"wp-block-quote is-layout-flow wp-block-quote-is-layout-flow\">\n<p class=\"Standard\">Pour faire face aux cons\u00e9quences de la crise sanitaire de la dermatose nodulaire contagieuse (DNC) qui impacte les \u00e9levages bovins, le gouvernement a annonc\u00e9 la mise en place d\u2019unfonds d\u2019urgence\u00a0exceptionnel d\u2019un montant de 11 millions d\u2019euros.<\/p>\n<p class=\"Standard\">Ce fonds d\u2019urgence vise \u00e0 accompagner les exploitations bovines confront\u00e9es \u00e0 des difficult\u00e9s de tr\u00e9sorerie r\u00e9sultant des\u00a0<strong>restrictions de mouvements d\u2019animaux<\/strong>\u00a0impos\u00e9es dans les zones r\u00e9glement\u00e9es et vaccinales.<\/p>\n<p class=\"Standard\"><strong>La pr\u00e9f\u00e8te Chantal Mauchet annonce la mobilisation dans l\u2019H\u00e9rault d\u2019une enveloppe budg\u00e9taire de 60 600 euros pour soutenir les exploitations concern\u00e9es. Le d\u00e9p\u00f4t des dossiers de demandes d\u2019aides sera ouvert\u00a0du lundi\u00a012 janvier\u00a0au samedi 31 janvier 2026 inclus.<\/strong><\/p>\n<\/blockquote>\n<p>J\u2019aime \u00e7a\u00a0:<\/p>\n<p>J\u2019aime chargement\u2026<\/p>\n<p><a class=\"sd-link-color\"\/><\/p>\n<p>\n\tSimilaire<\/p>\n","protected":false},"excerpt":{"rendered":"La mobilisation des agriculteurs reste forte. Ce vendredi 9 janvier, ils continuent de mettre la pression sur les&hellip;\n","protected":false},"author":2,"featured_media":651669,"comment_status":"","ping_status":"","sticky":false,"template":"","format":"standard","meta":{"footnotes":""},"categories":[9599],"tags":[1111,11,1777,674,1011,27,2208,12,2680,25],"class_list":{"0":"post-651668","1":"post","2":"type-post","3":"status-publish","4":"format-standard","5":"has-post-thumbnail","7":"category-montpellier","8":"tag-actu","9":"tag-actualites","10":"tag-eu","11":"tag-europe","12":"tag-fr","13":"tag-france","14":"tag-montpellier","15":"tag-news","16":"tag-occitanie","17":"tag-republique-francaise"},"share_on_mastodon":{"url":"https:\/\/pubeurope.com\/@fr\/115865192020679925","error":""},"_links":{"self":[{"href":"https:\/\/www.europesays.com\/fr\/wp-json\/wp\/v2\/posts\/651668","targetHints":{"allow":["GET"]}}],"collection":[{"href":"https:\/\/www.europesays.com\/fr\/wp-json\/wp\/v2\/posts"}],"about":[{"href":"https:\/\/www.europesays.com\/fr\/wp-json\/wp\/v2\/types\/post"}],"author":[{"embeddable":true,"href":"https:\/\/www.europesays.com\/fr\/wp-json\/wp\/v2\/users\/2"}],"replies":[{"embeddable":true,"href":"https:\/\/www.europesays.com\/fr\/wp-json\/wp\/v2\/comments?post=651668"}],"version-history":[{"count":0,"href":"https:\/\/www.europesays.com\/fr\/wp-json\/wp\/v2\/posts\/651668\/revisions"}],"wp:featuredmedia":[{"embeddable":true,"href":"https:\/\/www.europesays.com\/fr\/wp-json\/wp\/v2\/media\/651669"}],"wp:attachment":[{"href":"https:\/\/www.europesays.com\/fr\/wp-json\/wp\/v2\/media?parent=651668"}],"wp:term":[{"taxonomy":"category","embeddable":true,"href":"https:\/\/www.europesays.com\/fr\/wp-json\/wp\/v2\/categories?post=651668"},{"taxonomy":"post_tag","embeddable":true,"href":"https:\/\/www.europesays.com\/fr\/wp-json\/wp\/v2\/tags?post=651668"}],"curies":[{"name":"wp","href":"https:\/\/api.w.org\/{rel}","templated":true}]}}