{"id":651676,"date":"2026-01-09T12:45:12","date_gmt":"2026-01-09T12:45:12","guid":{"rendered":"https:\/\/www.europesays.com\/fr\/651676\/"},"modified":"2026-01-09T12:45:12","modified_gmt":"2026-01-09T12:45:12","slug":"grippe-greve-des-medecins-plans-blancs-actives-dans-de-nombreux-hopitaux-de-louest","status":"publish","type":"post","link":"https:\/\/www.europesays.com\/fr\/651676\/","title":{"rendered":"Grippe, gr\u00e8ve des m\u00e9decins : plans blancs activ\u00e9s dans de nombreux h\u00f4pitaux de l&rsquo;ouest"},"content":{"rendered":"<p class=\"block date\" id=\"dateEtAuteur\">Publi\u00e9 : 11h25  par Dolor\u00e8s  CHARLES <\/p>\n<p><img decoding=\"async\" class=\"\" style=\"width:100%\" src=\"https:\/\/www.europesays.com\/fr\/wp-content\/uploads\/2026\/01\/HOPITAL_DE_RENNES_AFP_Hans_Lucas___Estelle_ruiz1767940497010.jpg\" alt=\"H\u00f4pital de Rennes\"\/><\/p>\n<p>H\u00f4pital de Rennes<\/p>\n<p>Cr\u00e9dit :  AFP Hans Lucas &#8211; Estelle ruiz<\/p>\n<p>De plus en plus d\u2019h\u00f4pitaux de l\u2019Ouest &#8211; Laval, Rennes, Brest, Saint-Nazaire&#8230; ont activ\u00e9 leur plan blanc pour pallier les difficult\u00e9s actuelles. Mais \u00e0 quoi sert-il concr\u00e8tement et que faire en cas de soucis de sant\u00e9 ? Entretien avec Jean-Yves Gauvrit, pr\u00e9sident de la commission m\u00e9dicale du CHU de Rennes. <\/p>\n<p>Forte affluence aux urgences des h\u00f4pitaux avec l\u2019\u00e9pid\u00e9mie de grippe, les virus habituels de l\u2019hiver, les bobos en traumatologie li\u00e9s au verglas ou \u00e0 la neige, et \u00e9videmment la gr\u00e8ve des m\u00e9decins lib\u00e9raux, qui a d\u00e9but\u00e9 lundi dernier. \u00ab\u00a0Le pic grippal est variable, on sait qu&rsquo;il arrive, et cette ann\u00e9e il a \u00e9t\u00e9 un peu d\u00e9cal\u00e9, il est arriv\u00e9 le fin d\u00e9cembre. Donc, on est impact\u00e9 maintenant. <\/p>\n<p>Il y a aussi tous les autres virus respiratoires. On \u00e9tait inquiets mardi avec l&rsquo;\u00e9pisode neigeux et le verglas, parce qu&rsquo;on sait que ces jours-l\u00e0, il y a beaucoup plus de chutes. Et tr\u00e8s honn\u00eatement, oui, la gr\u00e8ve des m\u00e9decins lib\u00e9raux induit forc\u00e9ment des patients ! A partir du moment o\u00f9 il y a des cabinets ferm\u00e9s, il y a beaucoup plus d&rsquo;appels et de passages aux urgences.\u00a0\u00bb<\/p>\n<p>\u00a0<\/p>\n<blockquote><p>\nLa conjonction de plusieurs facteurs\n<\/p><\/blockquote>\n<p>\u00a0<\/p>\n<p>La situation est tendue comme nous le confirme, Jean-Yves Gauvrit, pr\u00e9sident de la commission m\u00e9dicale du CHU de Rennes. \u00ab\u00a0On a eu une augmentation tr\u00e8s importante d&rsquo;appels au SAMU. En temps normal, on a 1 600 appels et on est pass\u00e9 \u00e0 2 500. <strong>On a beaucoup plus de passages aux urgences et surtout, parmi les gens qui viennent, on a un nombre important de patients n\u00e9cessitant une hospitalisation.<\/strong> Par jour, on a besoin de 70 lits aux urgences de Rennes, dont 700 en 10 jours&#8230;<\/p>\n<p>On est aussi en saturation de nos lits de r\u00e9animation parce que parmi les patients qui viennent aux urgences, il y en a un certain nombre qui n\u00e9cessite une hospitalisation en r\u00e9animation. Et tous ces crit\u00e8res-l\u00e0, qui sont la conjonctions de plusieurs choses, nous ont fait d\u00e9clencher un plan blanc.\u00a0\u00bb<\/p>\n<p> Jean-Yves Gauvrit, pr\u00e9sident de la commission m\u00e9dicale du CHU de Rennes Jean-Yves Gauvrit, pr\u00e9sident de la commission m\u00e9dicale du CHU de Rennes<\/p>\n<p>Cr\u00e9dit : Dolor\u00e8s CHARLES<\/p>\n<blockquote><p>\nPlus de lits et de personnels\n<\/p><\/blockquote>\n<p>\u00a0<\/p>\n<p>Le passage au plan blanc \u00e9tait indispensable, mais \u00e0 quoi sert-il concr\u00e8tement ? Pour Jean-Yves Gauvrit, \u00ab\u00a0il permet non seulement d&rsquo;avoir des \u00ab\u00a0pouvoirs\u00a0\u00bb de coordination sur non plus un seul \u00e9tablissement, mais sur tout un territoire de sant\u00e9, et aussi de mobliser du personnel, par exemple. On va augmenter nos lits de r\u00e9animation, ce qu&rsquo;on a vu pendant la crise Covid, d&rsquo;ailleurs en transformant des lits de soins intensifs, en upgradant, en mettant des lits de r\u00e9animation.\u00a0\u00bb <\/p>\n<p>Vous rappelez des personnels qui sont potentiellement en cong\u00e9s ? \u00ab\u00a0C&rsquo;est le principe du plan blanc, de rappeler du personnel, tout en mesure, ou alors on red\u00e9ploie\u00a0du personnel de telle unit\u00e9 vers un autre qui a plus besoin de personnel.\u00a0\u00bb<\/p>\n<p>Jean-Yves Gauvrit, pr\u00e9sident de la commission m\u00e9dicale du CHU de RennesJean-Yves Gauvrit, pr\u00e9sident de la commission m\u00e9dicale du CHU de Rennes <\/p>\n<p>La situation ne va pas s\u2019am\u00e9liorer avec les cliniques priv\u00e9es qui rejoignent le mouvement des m\u00e9decins lib\u00e9raux \u00e0 compter de demain samedi 10 janvier, pour protester <a href=\"https:\/\/hitwest.ouest-france.fr\/mouvement-de-greve-des-medecins-liberaux\" rel=\"noopener\" target=\"_blank\">contre le projet de loi de la S\u00e9curit\u00e9 Sociale<\/a>.<\/p>\n<p>\u00a0<\/p>\n<blockquote><p>\nQue faire lorsqu\u2019on est malade ?\n<\/p><\/blockquote>\n<p>\u00a0<\/p>\n<p>\u00ab\u00a0Le message qu&rsquo;on essaie de faire passer dans la population, selon Jean-Yves Gauvrit, quel que soit l&rsquo;\u00e2ge, c&rsquo;est de ne pas se rendre spontan\u00e9ment dans un secteur d&rsquo;urgences avant d&rsquo;avoir fait le 15, parce que vous ne serez pas attendu quand vous allez arriver dans un service d&rsquo;urgence. <\/p>\n<p><strong>Alors que si vous passez par la r\u00e9gulation, selon la gravit\u00e9 ou pas, on va d\u00e9clencher diff\u00e9rentes choses. On peut aller vous chercher avec un SAMU, on peut, dans le plus simple, vous conseiller au t\u00e9\u00e9phone, pr\u00e9voir une consultation avec un m\u00e9decin g\u00e9n\u00e9raliste, ou une hospitalisation dans les jours qui viennent.<\/strong> Apr\u00e8s, on fait tout \u00e7a pour qu&rsquo;on puisse toujours r\u00e9pondre \u00e0 l&rsquo;accueil des patients, et \u00e0 l&rsquo;hospitalisation des patients.\u00a0\u00bb<\/p>\n<p>Jean-Yves Gauvrit, pr\u00e9sident de la commission m\u00e9dicale du CHU de RennesJean-Yves Gauvrit, pr\u00e9sident de la commission m\u00e9dicale du CHU de Rennes <\/p>\n<p>La situation ne va pas s\u2019am\u00e9liorer avec les cliniques priv\u00e9es qui rejoignent le mouvement des m\u00e9decins lib\u00e9raux \u00e0 compter de demain samedi 10 janvier, pour protester contre le projet de loi de la S\u00e9curit\u00e9 Sociale (cf sujet Yann de lundi).C\u2019est le cas des cliniques Br\u00e9t\u00e9ch\u00e9 \u00e0 Nantes, Saint-L\u00e9onard pr\u00e8s d\u2019Angers ou de la Polyclinique de Maine \u00e0 Laval.<\/p>\n","protected":false},"excerpt":{"rendered":"Publi\u00e9 : 11h25 par Dolor\u00e8s CHARLES H\u00f4pital de Rennes Cr\u00e9dit : AFP Hans Lucas &#8211; Estelle ruiz De&hellip;\n","protected":false},"author":2,"featured_media":651677,"comment_status":"","ping_status":"","sticky":false,"template":"","format":"standard","meta":{"footnotes":""},"categories":[2821],"tags":[1111,11,13292,1438,1465,13293,3450,829,4356,2171,4357,3472,434,1777,674,9593,3337,3321,2257,1011,27,9518,848,1114,13289,2693,66,3047,1781,13291,13290,3729,766,12,9144,2636,3319,584,25,4937,3728,3272,60,3087,3165,2546],"class_list":{"0":"post-651676","1":"post","2":"type-post","3":"status-publish","4":"format-standard","5":"has-post-thumbnail","7":"category-rennes","8":"tag-actu","9":"tag-actualites","10":"tag-aeroport-notre-dame-des-landes","11":"tag-angers","12":"tag-basket","13":"tag-bonnets-rouges","14":"tag-brest","15":"tag-bretagne","16":"tag-coronavirus","17":"tag-cotes-darmor","18":"tag-covid-19","19":"tag-dinan","20":"tag-epidemie","21":"tag-eu","22":"tag-europe","23":"tag-fcn","24":"tag-festivals","25":"tag-finistere","26":"tag-foot","27":"tag-fr","28":"tag-france","29":"tag-hand","30":"tag-ille-et-vilaine","31":"tag-infos","32":"tag-la-roche-sur-yon","33":"tag-laval","34":"tag-ligue-1","35":"tag-loire-atlantique","36":"tag-lorient","37":"tag-maine-et-loire","38":"tag-mayenne","39":"tag-morbihan","40":"tag-nantes","41":"tag-news","42":"tag-ouest","43":"tag-pays-de-la-loire","44":"tag-quimper","45":"tag-rennes","46":"tag-republique-francaise","47":"tag-saint-brieuc","48":"tag-saint-malo","49":"tag-saint-nazaire","50":"tag-sports","51":"tag-stade-rennais","52":"tag-vannes","53":"tag-vendee"},"share_on_mastodon":{"url":"","error":"Validation failed: Text character limit of 500 exceeded"},"_links":{"self":[{"href":"https:\/\/www.europesays.com\/fr\/wp-json\/wp\/v2\/posts\/651676","targetHints":{"allow":["GET"]}}],"collection":[{"href":"https:\/\/www.europesays.com\/fr\/wp-json\/wp\/v2\/posts"}],"about":[{"href":"https:\/\/www.europesays.com\/fr\/wp-json\/wp\/v2\/types\/post"}],"author":[{"embeddable":true,"href":"https:\/\/www.europesays.com\/fr\/wp-json\/wp\/v2\/users\/2"}],"replies":[{"embeddable":true,"href":"https:\/\/www.europesays.com\/fr\/wp-json\/wp\/v2\/comments?post=651676"}],"version-history":[{"count":0,"href":"https:\/\/www.europesays.com\/fr\/wp-json\/wp\/v2\/posts\/651676\/revisions"}],"wp:featuredmedia":[{"embeddable":true,"href":"https:\/\/www.europesays.com\/fr\/wp-json\/wp\/v2\/media\/651677"}],"wp:attachment":[{"href":"https:\/\/www.europesays.com\/fr\/wp-json\/wp\/v2\/media?parent=651676"}],"wp:term":[{"taxonomy":"category","embeddable":true,"href":"https:\/\/www.europesays.com\/fr\/wp-json\/wp\/v2\/categories?post=651676"},{"taxonomy":"post_tag","embeddable":true,"href":"https:\/\/www.europesays.com\/fr\/wp-json\/wp\/v2\/tags?post=651676"}],"curies":[{"name":"wp","href":"https:\/\/api.w.org\/{rel}","templated":true}]}}