{"id":651686,"date":"2026-01-09T12:50:10","date_gmt":"2026-01-09T12:50:10","guid":{"rendered":"https:\/\/www.europesays.com\/fr\/651686\/"},"modified":"2026-01-09T12:50:10","modified_gmt":"2026-01-09T12:50:10","slug":"municipales-a-nice-christian-estrosi-degaine-des-propositions-pour-les-familles","status":"publish","type":"post","link":"https:\/\/www.europesays.com\/fr\/651686\/","title":{"rendered":"Municipales \u00e0 Nice. Christian Estrosi d\u00e9gaine des propositions \u00ab\u00a0pour les familles\u00a0\u00bb"},"content":{"rendered":"<p>                    Par<br \/>\n        <strong><br \/>\n            <a href=\"https:\/\/actu.fr\/auteur\/arthur-frand\" title=\"Consulter tous les articles de Arthur Frand\" target=\"_blank\" rel=\"noopener\">Arthur Frand<\/a><br \/>\n                    <\/strong><\/p>\n<p>        Publi\u00e9 le<\/p>\n<p>            9 janv. 2026 \u00e0 12h37        <\/p>\n<p>Une flop\u00e9e d\u2019annonces pour \u00ab\u2009simplifier la vie des Ni\u00e7ois\u2009\u00bb. Ce jeudi 8\u00a0janvier 2026, le maire de <a href=\"https:\/\/actu.fr\/nice\/\" target=\"_blank\" rel=\"noopener\">Nice<\/a>, dans les <a href=\"https:\/\/actu.fr\/provence-alpes-cote-d-azur\/alpes-maritimes_06\" target=\"_blank\" rel=\"noopener\">Alpes-Maritimes,<\/a> a mis en avant <strong>10 mesures<\/strong>, concernant les services publics de la ville, qu\u2019il souhaite appliquer. Des annonces effectu\u00e9es dans le cadre de sa campagne pour les \u00e9lections municipales du mois de mars prochain.<\/p>\n<p class=\" wall-content\">Dans sa prise de parole, le maire sortant a notamment <strong>cibl\u00e9 les familles ni\u00e7oises<\/strong>, estimant que \u00ab\u2009les rythmes de travail ont chang\u00e9\u2009\u00bb et que \u00ab\u2009les vies familiales sont plus contraintes.\u2009\u00bb Voici les promesses faites par Christian Estrosi.<\/p>\n<p>Nounous d\u2019urgence et nouveaux centres de loisirs<\/p>\n<p class=\" wall-content\">Entr\u00e9 <a href=\"https:\/\/actu.fr\/provence-alpes-cote-d-azur\/nice_06088\/municipales-a-nice-christian-estrosi-en-campagne-sa-violente-charge-contre-ciotti-les-ecolos-et-lfi_63474548.html\" target=\"_blank\" rel=\"noopener\">en campagne le 22\u00a0novembre 2025<\/a> au centre des Congr\u00e8s Oc\u00e9aNice, Christian Estrosi a d\u00e9voil\u00e9 les premiers contours de son programme ce jeudi. Il s\u2019est notamment adress\u00e9 aux parents de la capitale azur\u00e9enne, qui selon lui \u00ab\u2009doivent courir partout en fin de journ\u00e9e\u2009\u00bb.<\/p>\n<p class=\" wall-content\">Christian Estrosi a annonc\u00e9 10 mesures cens\u00e9es <strong>rendre \u00ab\u2009plus agr\u00e9able\u2009\u00bb<\/strong> la vie des familles\u2009:<\/p>\n<ul class=\" wall-content\">\n<li>Allongement des horaires de cr\u00e8ches et garderies ouvertes jusqu\u2019\u00e0 19h pour r\u00e9pondre \u00e0 des \u00ab\u2009situations exceptionnelles\u2009\u00bb<\/li>\n<li>Offre de garde le samedi pour les enfants de 0 \u00e0 11\u00a0ans, et mise en place de nounous en urgence.<\/li>\n<li>Un deuxi\u00e8me plan de 1\u2009500 places en cr\u00e8che. \u00ab\u2009Dans les quartiers et les \u00e9coles \u00e0 la plus forte d\u00e9mographie\u2009\u00bb, pr\u00e9cise-t-il.<\/li>\n<li>L\u2019allocation municipale compensatrice pour les modes de garde priv\u00e9s doubl\u00e9e, jusqu\u2019\u00e0 400\u00a0euros par mois maximum et par enfant.<\/li>\n<\/ul>\n<p class=\" wall-content\">Christian Estrosi pr\u00e9voit aussi la cr\u00e9ation d\u2019un centre de loisirs par groupe scolaire. \u00ab\u2009L\u2019offre doit \u00eatre renforc\u00e9e les mercredis et pendant toutes les vacances scolaires\u2009\u00bb, a-t-il soulign\u00e9.<\/p>\n<p class=\" wall-content\">\n<p>Un portail unique pour toutes les d\u00e9marches administratives<\/p>\n<p class=\" wall-content\">Plus g\u00e9n\u00e9ralement, Christian Estrosi souhaite simplifier le fonctionnement de l\u2019administration. En cas de r\u00e9\u00e9lection, il a annonc\u00e9 la cr\u00e9ation, le 1er\u00a0juillet 2026, d\u2019un portail unique pour <strong>centraliser et d\u00e9mat\u00e9rialiser<\/strong> 100\u2009% des d\u00e9marches administratives (mariage, \u00e9cole, cartes de biblioth\u00e8que\u00a0etc\u2026) \u00e0 Nice.<\/p>\n<p>Votre r\u00e9gion, votre actu !<\/p>\n<p>Recevez chaque jour les infos qui comptent pour vous.<\/p>\n<p>\t<a href=\"https:\/\/actu.fr\/newsletter\" class=\"ac-btn ac-btn--corner ac-btn--medium ac-btn--blue800\" target=\"_blank\" rel=\"noopener\">S&rsquo;incrire<\/a><\/p>\n<p class=\" wall-content\">Selon l\u2019\u00e9quipe de campagne de Christian Estrosi, le co\u00fbt total de ces 10 mesures est estim\u00e9 \u00e0 <strong>sept millions d\u2019euros<\/strong> par an.<\/p>\n<p class=\" wall-content\">Personnalisez votre actualit\u00e9 en ajoutant vos villes et m\u00e9dias en favori avec <a href=\"https:\/\/moncompte.actu.fr\" title=\"D\u00e9couvez Mon Actu\" rel=\"nofollow noopener\" data-trk=\"{&quot;cta&quot;:{&quot;action&quot;:&quot;https:\\\/\\\/moncompte.actu.fr&quot;,&quot;category&quot;:&quot;mon compte&quot;,&quot;from&quot;:&quot;article footer&quot;,&quot;name&quot;:&quot;Mon actu&quot;,&quot;type&quot;:&quot;cta&quot;}}\" target=\"_blank\">Mon Actu<\/a>.<\/p>\n","protected":false},"excerpt":{"rendered":"Par Arthur Frand Publi\u00e9 le 9 janv. 2026 \u00e0 12h37 Une flop\u00e9e d\u2019annonces pour \u00ab\u2009simplifier la vie des&hellip;\n","protected":false},"author":2,"featured_media":651687,"comment_status":"","ping_status":"","sticky":false,"template":"","format":"standard","meta":{"footnotes":""},"categories":[2819],"tags":[1111,11,2397,1719,1777,674,1011,27,3434,12,2401,882,25,104],"class_list":{"0":"post-651686","1":"post","2":"type-post","3":"status-publish","4":"format-standard","5":"has-post-thumbnail","7":"category-nice","8":"tag-actu","9":"tag-actualites","10":"tag-christian-estrosi","11":"tag-enfants","12":"tag-eu","13":"tag-europe","14":"tag-fr","15":"tag-france","16":"tag-municipales-2026","17":"tag-news","18":"tag-nice","19":"tag-provence-alpes-cote-dazur","20":"tag-republique-francaise","21":"tag-societe"},"share_on_mastodon":{"url":"https:\/\/pubeurope.com\/@fr\/115865231428025451","error":""},"_links":{"self":[{"href":"https:\/\/www.europesays.com\/fr\/wp-json\/wp\/v2\/posts\/651686","targetHints":{"allow":["GET"]}}],"collection":[{"href":"https:\/\/www.europesays.com\/fr\/wp-json\/wp\/v2\/posts"}],"about":[{"href":"https:\/\/www.europesays.com\/fr\/wp-json\/wp\/v2\/types\/post"}],"author":[{"embeddable":true,"href":"https:\/\/www.europesays.com\/fr\/wp-json\/wp\/v2\/users\/2"}],"replies":[{"embeddable":true,"href":"https:\/\/www.europesays.com\/fr\/wp-json\/wp\/v2\/comments?post=651686"}],"version-history":[{"count":0,"href":"https:\/\/www.europesays.com\/fr\/wp-json\/wp\/v2\/posts\/651686\/revisions"}],"wp:featuredmedia":[{"embeddable":true,"href":"https:\/\/www.europesays.com\/fr\/wp-json\/wp\/v2\/media\/651687"}],"wp:attachment":[{"href":"https:\/\/www.europesays.com\/fr\/wp-json\/wp\/v2\/media?parent=651686"}],"wp:term":[{"taxonomy":"category","embeddable":true,"href":"https:\/\/www.europesays.com\/fr\/wp-json\/wp\/v2\/categories?post=651686"},{"taxonomy":"post_tag","embeddable":true,"href":"https:\/\/www.europesays.com\/fr\/wp-json\/wp\/v2\/tags?post=651686"}],"curies":[{"name":"wp","href":"https:\/\/api.w.org\/{rel}","templated":true}]}}