{"id":651698,"date":"2026-01-09T12:56:11","date_gmt":"2026-01-09T12:56:11","guid":{"rendered":"https:\/\/www.europesays.com\/fr\/651698\/"},"modified":"2026-01-09T12:56:11","modified_gmt":"2026-01-09T12:56:11","slug":"cette-marque-tres-en-vogue-a-ferme-sa-boutique-du-centre-ville-de-toulouse-voici-ou-la-retrouver","status":"publish","type":"post","link":"https:\/\/www.europesays.com\/fr\/651698\/","title":{"rendered":"Cette marque tr\u00e8s en vogue a ferm\u00e9 sa boutique du centre-ville de Toulouse : voici o\u00f9 la retrouver"},"content":{"rendered":"<p>                    Par<br \/>\n        <strong><br \/>\n            <a href=\"https:\/\/actu.fr\/auteur\/mareva-laville-actu-fr\" title=\"Consulter tous les articles de Mar\u00e9va Laville\" target=\"_blank\" rel=\"noopener\">Mar\u00e9va Laville<\/a><br \/>\n                    <\/strong><\/p>\n<p>        Publi\u00e9 le<\/p>\n<p>            9 janv. 2026 \u00e0 12h23        <\/p>\n<p>Ses amateurs la regrettent probablement d\u00e9j\u00e0. <strong>La boutique<\/strong> <strong>The North Face<\/strong> situ\u00e9e dans la rue des Tourneurs a baiss\u00e9 le rideau en fin d\u2019ann\u00e9e 2025, au moment des f\u00eates. La marque am\u00e9ricaine sp\u00e9cialis\u00e9e dans les v\u00eatements \u00ab\u2009outdoor premium\u2009\u00bb, plut\u00f4t destin\u00e9e aux campeurs mais qui s\u2019est trouv\u00e9 un v\u00e9ritable public urbain ces derni\u00e8res ann\u00e9es, quitte donc le centre-ville de <strong><a href=\"http:\/\/www.actu.fr\/toulouse\" target=\"_blank\" rel=\"noopener\">Toulouse,<\/a><\/strong> apr\u00e8s 15\u00a0ans d\u2019existence au c\u0153ur de la Ville rose.<\/p>\n<p>    <a href=\"https:\/\/www.google.com\/maps\/embed?pb=!1m18!1m12!1m3!1d2889.2612652194703!2d1.4426638734211108!3d43.60110145580305!2m3!1f0!2f0!3f0!3m2!1i1024!2i768!4f13.1!3m3!1m2!1s0x12aebc9d16cc15cb%3A0x7aaa575fc3ea3418!2sThe%20North%20Face%20-%20Toulouse!5e0!3m2!1sfr!2sfr!4v1767881747154!5m2!1sfr!2sfr\" title=\"Ouvrie le lien\" target=\"_blank\" rel=\"noopener\">Cliquez ici pour visualiser le contenu<\/a><\/p>\n<p>Une autre boutique au centre commercial de Lab\u00e8ge<\/p>\n<p class=\" wall-content\">Pour la retrouver, il faut s\u2019excentrer, direction Lab\u00e8ge. Un magasin The North Face, de pr\u00e8s de<strong> 200\u00a0m2, a ouvert <\/strong><a href=\"https:\/\/actu.fr\/occitanie\/labege_31254\/pres-de-toulouse-nouvelles-enseignes-extension-a-venir-ce-centre-commercial-ne-connait-pas-la-crise_63187211.html\" target=\"_blank\" rel=\"noopener\"><strong>\u00e0 la fin du mois de septembre<\/strong> dernier dans le centre commercial.<\/a> \u00ab\u2009Mais \u00e7a n\u2019a rien \u00e0 voir avec la fermeture en centre-ville. Il s\u2019agit de deux franchises diff\u00e9rentes\u2009\u00bb, explique la responsable du magasin lab\u00e9geois.<\/p>\n<p>    <a href=\"https:\/\/www.google.com\/maps\/embed?pb=!1m18!1m12!1m3!1d2891.6947291092974!2d1.5056572734164007!3d43.550404959077404!2m3!1f0!2f0!3f0!3m2!1i1024!2i768!4f13.1!3m3!1m2!1s0x12aebdd2b417f7e7%3A0x59ab80bf0746dc60!2sThe%20north%20face!5e0!3m2!1sfr!2sfr!4v1767882985723!5m2!1sfr!2sfr\" title=\"Ouvrie le lien\" target=\"_blank\" rel=\"noopener\">Cliquez ici pour visualiser le contenu<\/a><\/p>\n<p class=\" wall-content\">La marque de pr\u00eat-\u00e0-porter et accessoires n\u2019a d\u00e9sormais plus qu\u2019un unique point de vente d\u00e9di\u00e9 dans l\u2019aire toulousaine. Jackpot pour Lab\u00e8ge 2.<\/p>\n<p class=\" wall-content\">Rue des Tourneurs, on ne sait toujours pas ce qui prendra sa place. The North Face reste toutefois distribu\u00e9 dans d\u2019autres magasins de sportswear tels qu\u2019Intersport.<\/p>\n<p>Vid\u00e9os : en ce moment sur Actu<\/p>\n<p class=\" wall-content\">Personnalisez votre actualit\u00e9 en ajoutant vos villes et m\u00e9dias en favori avec <a href=\"https:\/\/moncompte.actu.fr\" title=\"D\u00e9couvez Mon Actu\" rel=\"nofollow noopener\" data-trk=\"{&quot;cta&quot;:{&quot;action&quot;:&quot;https:\\\/\\\/moncompte.actu.fr&quot;,&quot;category&quot;:&quot;mon compte&quot;,&quot;from&quot;:&quot;article footer&quot;,&quot;name&quot;:&quot;Mon actu&quot;,&quot;type&quot;:&quot;cta&quot;}}\" target=\"_blank\">Mon Actu<\/a>.<\/p>\n","protected":false},"excerpt":{"rendered":"Par Mar\u00e9va Laville Publi\u00e9 le 9 janv. 2026 \u00e0 12h23 Ses amateurs la regrettent probablement d\u00e9j\u00e0. La boutique&hellip;\n","protected":false},"author":2,"featured_media":651699,"comment_status":"","ping_status":"","sticky":false,"template":"","format":"standard","meta":{"footnotes":""},"categories":[2816],"tags":[1111,11,1777,674,1011,27,12,2680,25,104,2312],"class_list":{"0":"post-651698","1":"post","2":"type-post","3":"status-publish","4":"format-standard","5":"has-post-thumbnail","7":"category-toulouse","8":"tag-actu","9":"tag-actualites","10":"tag-eu","11":"tag-europe","12":"tag-fr","13":"tag-france","14":"tag-news","15":"tag-occitanie","16":"tag-republique-francaise","17":"tag-societe","18":"tag-toulouse"},"share_on_mastodon":{"url":"https:\/\/pubeurope.com\/@fr\/115865254998153993","error":""},"_links":{"self":[{"href":"https:\/\/www.europesays.com\/fr\/wp-json\/wp\/v2\/posts\/651698","targetHints":{"allow":["GET"]}}],"collection":[{"href":"https:\/\/www.europesays.com\/fr\/wp-json\/wp\/v2\/posts"}],"about":[{"href":"https:\/\/www.europesays.com\/fr\/wp-json\/wp\/v2\/types\/post"}],"author":[{"embeddable":true,"href":"https:\/\/www.europesays.com\/fr\/wp-json\/wp\/v2\/users\/2"}],"replies":[{"embeddable":true,"href":"https:\/\/www.europesays.com\/fr\/wp-json\/wp\/v2\/comments?post=651698"}],"version-history":[{"count":0,"href":"https:\/\/www.europesays.com\/fr\/wp-json\/wp\/v2\/posts\/651698\/revisions"}],"wp:featuredmedia":[{"embeddable":true,"href":"https:\/\/www.europesays.com\/fr\/wp-json\/wp\/v2\/media\/651699"}],"wp:attachment":[{"href":"https:\/\/www.europesays.com\/fr\/wp-json\/wp\/v2\/media?parent=651698"}],"wp:term":[{"taxonomy":"category","embeddable":true,"href":"https:\/\/www.europesays.com\/fr\/wp-json\/wp\/v2\/categories?post=651698"},{"taxonomy":"post_tag","embeddable":true,"href":"https:\/\/www.europesays.com\/fr\/wp-json\/wp\/v2\/tags?post=651698"}],"curies":[{"name":"wp","href":"https:\/\/api.w.org\/{rel}","templated":true}]}}