{"id":651710,"date":"2026-01-09T13:04:10","date_gmt":"2026-01-09T13:04:10","guid":{"rendered":"https:\/\/www.europesays.com\/fr\/651710\/"},"modified":"2026-01-09T13:04:10","modified_gmt":"2026-01-09T13:04:10","slug":"des-vents-encore-puissants-la-trajectoire-en-direct-et-les-previsions","status":"publish","type":"post","link":"https:\/\/www.europesays.com\/fr\/651710\/","title":{"rendered":"des vents encore puissants\u00a0! La trajectoire en direct et les pr\u00e9visions"},"content":{"rendered":"<p class=\"app_entry_lead\">\n<p>                                    La temp\u00eate Goretti g\u00e9n\u00e8re encore des vents violents et a provoqu\u00e9 des d\u00e9g\u00e2ts en Normandie et en Bretagne. Les effets s&rsquo;\u00e9loignent de \u00cele-de-France et de Paris.\n                            <\/p>\n<p>                Je m&rsquo;abonne aux Infos \u00e0 ne pas rater<\/p>\n<p>Ce vendredi 9 janvier, la France fait encore face \u00e0 la\u00a0temp\u00eate Goretti. Elle\u00a0continue de frapper\u00a0le pays en provoquant\u00a0de puissantes rafales.\u00a0\u00ab\u00a0La temp\u00eate \u00ab\u00a0GORETTI\u00a0\u00bb circule en Manche ce matin, avec son centre d\u00e9pressionnaire situ\u00e9 au lever du jour sur l&rsquo;extr\u00eame nord du pays en se comblant. Les vents faiblissent progressivement\u00a0\u00bb, a \u00e9crit M\u00e9t\u00e9o-France. Elle est en train de s&rsquo;\u00e9vacuer par le B\u00e9n\u00e9lux.\u00a0M\u00e9t\u00e9o-France a tout de m\u00eame maintenu 2 d\u00e9partements en vigilance orange pour vents violents : les Pyr\u00e9n\u00e9es-Atlantiques et les Landes. Les rafales peuvent atteindre 110 \u00e0 130 km\/h sur le sud-Aquitaine. Ils \u00e9copent aussi d&rsquo;une alerte jaune vagues-submersion. De puissantes rafales sont aussi attendues en Corse la nuit prochaine.<\/p>\n<p><img loading=\"lazy\" decoding=\"async\" height=\"536\" src=\"https:\/\/www.europesays.com\/fr\/wp-content\/uploads\/2026\/01\/1767963850_437_live.jpg\" width=\"1024\"\/><\/p>\n<p>Ce vendredi 380 000 foyers sont\u00a0priv\u00e9s d&rsquo;\u00e9lectricit\u00e9, a fait savoir\u00a0Enedis\u00a0\u00e0 6 heures. La plupart\u00a0se trouve en Normandie (260 000) mais l&rsquo;op\u00e9rateur d\u00e9nombre aussi\u00a021 000 en Bretagne, 18 500 en Picardie et 13 500 en Ile-de-France. Quelque\u00a0\u00ab\u00a01\u00a0600\u00a0techniciens Enedis\u00a0\u00bb sont mobilis\u00e9s pour assurer un retour \u00e0 la normal rapide.<\/p>\n<p>La trajectoire de la temp\u00eate Goretti en direct<\/p>\n<p>En Normandie, malgr\u00e9 la puissance des vents, les d\u00e9g\u00e2ts sont contenus. Jean Morin, pr\u00e9sident du conseil d\u00e9partemental de la Manche, a parl\u00e9\u00a0ce matin sur RMC d&rsquo;une \u00ab\u00a0nuit tr\u00e8s difficile\u00a0\u00bb\u00a0apr\u00e8s le passage de la temp\u00eate Goretti. Huit personnes ont \u00e9t\u00e9 bless\u00e9es\u00a0et deux d&rsquo;entre elles ont d\u00fb \u00eatre hospitalis\u00e9es, dans le d\u00e9partement qui a \u00e9t\u00e9 plac\u00e9 en vigilance rouge hier, selon le pr\u00e9fet de la Manche\u00a0Marc Chappuis pour\u00a0BFMTV. Plus de 400 interventions ont \u00e9t\u00e9 recens\u00e9es avec de nombreuses routes obstru\u00e9es par les chutes d&rsquo;arbres. Des rafales maximales historiques ont \u00e9t\u00e9 relev\u00e9es avec jusqu&rsquo;\u00e0 213 km\/h \u00e0 Barfleur. Deux personnes ont aussi \u00e9t\u00e9 l\u00e9g\u00e8rement bless\u00e9es dans le Finist\u00e8re suite \u00e0 des accidents de la route provoqu\u00e9s\u00a0par la temp\u00eate. Une personne de 26 ans a \u00e9t\u00e9 gri\u00e8vement bless\u00e9e dans le Nord apr\u00e8s avoir chut\u00e9 de son toit suite aux rafales.<\/p>\n<p>Des perturbations importantes sur les transports<\/p>\n<p>En \u00cele-de-France, le trafic des Transiliens et la circulation des RER est perturb\u00e9 par les effets de la temp\u00eate Goretti. Les lignes J, H, P et N, mais aussi le RER A et D sont particuli\u00e8rement concern\u00e9s.\u00a0Les d\u00e9tails des trains arr\u00eat\u00e9s ou ralentis sont \u00e0 retrouver <a href=\"https:\/\/www.ratp.fr\/infos-trafic\" target=\"_blank\" rel=\"noopener\">sur cette page<\/a>. De nombreuses routes restent encore en parties ferm\u00e9es, notamment dans la Manche et en Seine-Maritime.<\/p>\n<p>A l&rsquo;arri\u00e8re de la temp\u00eate, de l&rsquo;air froid et humide s&rsquo;engouffre. De la neige est attendue dans le nord-est pour la journ\u00e9e de samedi.\u00a0<\/p>\n<p>Derni\u00e8res mises \u00e0 jour<\/p>\n<p><a name=\"post1767961551\"\/>13:25 &#8211; Un apr\u00e8s-midi encore venteux<\/p>\n<p>M\u00e9t\u00e9o France pr\u00e9voit encore\u00a0du vent d&rsquo;ouest soufflant\u00a0\u00ab\u00a0jusqu&rsquo;\u00e0 80 \u00e0 90 km\/h localement 100 km\/h dans les terres et jusqu&rsquo;\u00e0 110 km\/h sur le littoral manchois en d\u00e9but d&rsquo;apr\u00e8s-midi faiblissant \u00e0 60\/80 km\/h en pointe vers la r\u00e9gion parisienne et jusqu&rsquo;\u00e0 90 km\/h de la c\u00f4te d&rsquo;Opale au Grand-Est en soir\u00e9e\u00a0\u00bb. En Bretagne, le vent souffle encore \u00ab\u00a0jusqu&rsquo;\u00e0 90 \u00e0 110 km\/h sur le littoral l&rsquo;apr\u00e8s-midi avant de faiblir en soir\u00e9e et la nuit suivante\u00a0\u00bb. Le vent reste plus fort dans le sud-ouest et la nuit prochaine,\u00a0la Corse fera face \u00e0\u00a0des rafales entre 120 et 140 km\/h sur les extr\u00e9mit\u00e9s de l&rsquo;\u00eele et jusqu&rsquo;\u00e0 170 km\/h sur le cap corse.<\/p>\n<p><a name=\"post1767958253\"\/>12:30 &#8211; Une personne bri\u00e8vement bless\u00e9e et de nouveaux d\u00e9g\u00e2ts rapport\u00e9s<\/p>\n<p>Les bilans sur les cons\u00e9quences de la temp\u00eate s&rsquo;enchainent dans chaque d\u00e9partement concern\u00e9. La pr\u00e9fecture de l&rsquo;Aisne et de l&rsquo;Eure ont d\u00e9plor\u00e9 chacune deux bless\u00e9s l\u00e9gers dans des accidents de la route. Dans le Nord, une personne de 26 ans a \u00e9t\u00e9 gri\u00e8vement bless\u00e9e\u00a0pendant la temp\u00eate. Elle a chut\u00e9 de son toit o\u00f9 elle tentait de remettre une tuile. Le pr\u00e9sident du conseil d\u00e9partemental de Seine-Maritime, d\u00e9partement particuli\u00e8rement touch\u00e9, a rapport\u00e9 \u00ab\u00a0une nuit extr\u00eamement difficile\u00a0\u00bb sur BFMTV. \u00ab\u00a0Nous avons maintenant \u00e0 traiter des probl\u00e8mes d\u2019inondations, en particulier dans les communes du littoral. La mer est pass\u00e9e au-dessus des digues en projetant de l\u2019eau et des galets\u00a0\u00bb, a-t-il racont\u00e9.<\/p>\n<p><a name=\"post1767951721\"\/>10:42 &#8211; Des rafales encore marqu\u00e9es dans le sud-ouest<\/p>\n<p>Dans le nord du pays, les vents faiblissent progressivement.\u00a0Dans le Sud-ouest, par contre, le vent d&rsquo;ouest souffle encore et se renforce jusqu&rsquo;\u00e0 100 \u00e0 120 km\/h, avec jusqu&rsquo;\u00e0 130 km\/h\u00a0sur le littoral aquitain. A l&rsquo;arri\u00e8re de la temp\u00eate, des averses se mettent en place.<\/p>\n<blockquote class=\"twitter-tweet\"><p>&#13;<\/p>\n<p dir=\"ltr\" lang=\"fr\">Ce vendredi, des rafales de vent importantes sont attendues sur la fa\u00e7ade atlantique, en particulier sur les Landes et les Pyr\u00e9n\u00e9es-Atlantiques.<\/p>\n<p>Ces ph\u00e9nom\u00e8nes s&rsquo;accompagneront de pr\u00e9cipitations parfois orageuses, avec du gr\u00e9sil localement.<\/p>\n<p>Point m\u00e9t\u00e9o : <a href=\"https:\/\/meteofrance.com\/actualites-et-dossiers\/actualites\/tempete-goretti-vents-violents-et-vagues-submersion\" target=\"_blank\" rel=\"noopener\">https:\/\/t.co\/yfYuWbXpRU<\/a> <a href=\"https:\/\/t.co\/JbRlqgeqAM\">pic.twitter.com\/JbRlqgeqAM<\/a><\/p>\n<p>&#13;<br \/>\n\u2014 M\u00e9t\u00e9o-France (@meteofrance) <a href=\"https:\/\/twitter.com\/meteofrance\/status\/2009322458244108486?ref_src=twsrc%5Etfw\" target=\"_blank\" rel=\"noopener\">January 8, 2026<\/a><\/p><\/blockquote>\n<p>&#13;<\/p>\n<p><a name=\"post1767947582\"\/>09:33 &#8211; En \u00cele-de-France, des vents ultra puissants<\/p>\n<p>L&rsquo;institut et le site sp\u00e9cialis\u00e9 <a href=\"https:\/\/www.meteo-paris.com\/\" target=\"_blank\" rel=\"noopener\">M\u00e9t\u00e9o Paris<\/a> a suivi la temp\u00eate Goretti avec attention. \u00ab\u00a0On a pu relever 105mk\/h \u00e0 Montsouris, 107km\/h au Bourget, 113km\/h \u00e0 Wy-Dit-Joli-Village et 148km\/h au sommet de la Tour Eiffel !\u00a0\u00bb, \u00e9crit ce matin le site.<\/p>\n<p><a name=\"post1767946858\"\/>09:20 &#8211; Le point dans les Hauts-de-France<\/p>\n<p>La pr\u00e9fecture du Pas-de-Calais a fait savoir que six accidents mat\u00e9riels\u00a0\u00ab\u00a0sans gravit\u00e9\u00a0\u00bb avaient \u00e9t\u00e9 recens\u00e9s dans le d\u00e9partement, provoquant tout de m\u00eame la prise en charge de deux personnes l\u00e9g\u00e8rement bless\u00e9es depuis le d\u00e9but de la temp\u00eate. Deux sinistr\u00e9s ont \u00e9t\u00e9 relog\u00e9s. 43 arbres sont tomb\u00e9s sur les routes et g\u00eanant la circulation. A noter que les TER ne circulent pas dans les Hauts-de-France vendredi.<\/p>\n<p><a class=\"app_edito_btn\" href=\"https:\/\/www.linternaute.com\/actualite\/societe\/9596582-tempete-goretti-des-vents-ultrapuissants-en-ile-de-france-en-normandie-et-au-nord-la-trajectoire-en-direct\/\" id=\"jLiveMore\" data-sort-time=\"1767946857\" target=\"_blank\" rel=\"noopener\">LIRE PLUS<\/a><\/p>\n<p>                    <script async src=\"https:\/\/platform.twitter.com\/widgets.js\" charset=\"utf-8\"><\/script><\/p>\n","protected":false},"excerpt":{"rendered":"La temp\u00eate Goretti g\u00e9n\u00e8re encore des vents violents et a provoqu\u00e9 des d\u00e9g\u00e2ts en Normandie et en Bretagne.&hellip;\n","protected":false},"author":2,"featured_media":651711,"comment_status":"","ping_status":"","sticky":false,"template":"","format":"standard","meta":{"footnotes":""},"categories":[1592],"tags":[1111,11,75445,51761,1777,674,51763,1011,27,662,12,51767,626,25,104],"class_list":{"0":"post-651710","1":"post","2":"type-post","3":"status-publish","4":"format-standard","5":"has-post-thumbnail","7":"category-ile-de-france","8":"tag-actu","9":"tag-actualites","10":"tag-cms-linternaute-9596582","11":"tag-controller-content","12":"tag-eu","13":"tag-europe","14":"tag-format-papier","15":"tag-fr","16":"tag-france","17":"tag-ile-de-france","18":"tag-news","19":"tag-parallaxeinfeed","20":"tag-paris","21":"tag-republique-francaise","22":"tag-societe"},"share_on_mastodon":{"url":"https:\/\/pubeurope.com\/@fr\/115865286389962097","error":""},"_links":{"self":[{"href":"https:\/\/www.europesays.com\/fr\/wp-json\/wp\/v2\/posts\/651710","targetHints":{"allow":["GET"]}}],"collection":[{"href":"https:\/\/www.europesays.com\/fr\/wp-json\/wp\/v2\/posts"}],"about":[{"href":"https:\/\/www.europesays.com\/fr\/wp-json\/wp\/v2\/types\/post"}],"author":[{"embeddable":true,"href":"https:\/\/www.europesays.com\/fr\/wp-json\/wp\/v2\/users\/2"}],"replies":[{"embeddable":true,"href":"https:\/\/www.europesays.com\/fr\/wp-json\/wp\/v2\/comments?post=651710"}],"version-history":[{"count":0,"href":"https:\/\/www.europesays.com\/fr\/wp-json\/wp\/v2\/posts\/651710\/revisions"}],"wp:featuredmedia":[{"embeddable":true,"href":"https:\/\/www.europesays.com\/fr\/wp-json\/wp\/v2\/media\/651711"}],"wp:attachment":[{"href":"https:\/\/www.europesays.com\/fr\/wp-json\/wp\/v2\/media?parent=651710"}],"wp:term":[{"taxonomy":"category","embeddable":true,"href":"https:\/\/www.europesays.com\/fr\/wp-json\/wp\/v2\/categories?post=651710"},{"taxonomy":"post_tag","embeddable":true,"href":"https:\/\/www.europesays.com\/fr\/wp-json\/wp\/v2\/tags?post=651710"}],"curies":[{"name":"wp","href":"https:\/\/api.w.org\/{rel}","templated":true}]}}