{"id":651723,"date":"2026-01-09T13:14:11","date_gmt":"2026-01-09T13:14:11","guid":{"rendered":"https:\/\/www.europesays.com\/fr\/651723\/"},"modified":"2026-01-09T13:14:11","modified_gmt":"2026-01-09T13:14:11","slug":"trump-les-usa-vont-commencer-maintenant-a-frapper-des-terres-au-mexique-en-ciblant-les-cartels-de-la-drogue","status":"publish","type":"post","link":"https:\/\/www.europesays.com\/fr\/651723\/","title":{"rendered":"Trump : les USA vont \u00ab\u00a0commencer maintenant \u00e0 frapper des terres\u00a0\u00bb au Mexique en ciblant les cartels de la drogue"},"content":{"rendered":"<p class=\"mb-4 text-lg md:leading-8 break-words\">Le pr\u00e9sident am\u00e9ricain Donald Trump a annonc\u00e9 jeudi que les forces am\u00e9ricaines allaient commencer des op\u00e9rations terrestres au Mexique visant les cartels de la drogue, apr\u00e8s des mois de frappes navales dans le Pacifique oriental et les Cara\u00efbes.<\/p>\n<p class=\"mb-4 text-lg md:leading-8 break-words\">\u00ab\u00a0Nous allons commencer \u00e0 frapper la terre ferme en ce qui concerne les cartels. Les cartels dirigent le Mexique\u00a0\u00bb, a-t-il d\u00e9clar\u00e9 lors d&rsquo;un entretien avec Sean Hannity sur Fox News.<\/p>\n<p class=\"mb-4 text-lg md:leading-8 break-words\">Trump n&rsquo;a fourni aucune information suppl\u00e9mentaire sur le calendrier ou l&rsquo;ampleur des attaques terrestres pr\u00e9vues.<\/p>\n<p class=\"mb-4 text-lg md:leading-8 break-words\">Toute frappe militaire sur le territoire mexicain sans le consentement de Mexico violerait le droit international et constituerait une attaque sans pr\u00e9c\u00e9dent contre un alli\u00e9 et un partenaire commercial majeur des \u00c9tats-Unis.<\/p>\n<p class=\"mb-4 text-lg md:leading-8 break-words\">Cette d\u00e9claration fait suite \u00e0 la capture, samedi, par les forces Delta, du pr\u00e9sident v\u00e9n\u00e9zu\u00e9lien Nicol\u00e1s Maduro dans un complexe de Caracas o\u00f9 il se r\u00e9fugiait, point culminant d&rsquo;une longue campagne militaire et \u00e9conomique men\u00e9e par les \u00c9tats-Unis contre son gouvernement. Maduro est aujourd&rsquo;hui accus\u00e9 de trafic de drogue \u00e0 New York.<\/p>\n<p class=\"mb-4 text-lg md:leading-8 break-words\">Les frappes am\u00e9ricaines sur les narcoboats ont entra\u00een\u00e9 la mort de plus de 100 personnes depuis septembre, selon des responsables am\u00e9ricains. Trump a \u00e9galement r\u00e9v\u00e9l\u00e9 r\u00e9cemment que les forces am\u00e9ricaines avaient frapp\u00e9 une installation d&rsquo;amarrage pour ces bateaux au Venezuela.<\/p>\n<p class=\"mb-4 text-lg md:leading-8 break-words\">La campagne navale a cibl\u00e9 des navires soup\u00e7onn\u00e9s de faire de la contrebande de coca\u00efne et de fentanyl dans les eaux internationales et pr\u00e8s des c\u00f4tes v\u00e9n\u00e9zu\u00e9liennes. Donald Trump a d\u00e9crit ces op\u00e9rations comme l&rsquo;application d&rsquo;un blocus contre le trafic de drogue.<\/p>\n<p>Quelle serait la cible des op\u00e9rations anti-cartel ?<\/p>\n<p class=\"mb-4 text-lg md:leading-8 break-words\">Des frappes au sol contre les cartels au Mexique repr\u00e9senteraient une expansion substantielle de l&rsquo;engagement militaire am\u00e9ricain dans la r\u00e9gion.<\/p>\n<p class=\"mb-4 text-lg md:leading-8 break-words\">Les deux organisations criminelles les plus puissantes du Mexique, le cartel de Sinaloa et le cartel Nouvelle G\u00e9n\u00e9ration de Jalisco, contr\u00f4lent de vastes territoires et se livrent une concurrence violente qui a fait plus de 30 000 morts l&rsquo;ann\u00e9e derni\u00e8re.<\/p>\n<p class=\"mb-4 text-lg md:leading-8 break-words\">En f\u00e9vrier 2025, Donald Trump a d\u00e9sign\u00e9 six cartels mexicains comme organisations terroristes \u00e9trang\u00e8res, une d\u00e9cision que le Mexique a condamn\u00e9e, estimant qu&rsquo;elle mena\u00e7ait sa souverainet\u00e9 et qu&rsquo;elle pourrait justifier une intervention militaire.<\/p>\n<p class=\"mb-4 text-lg md:leading-8 break-words\">La pr\u00e9sidente mexicaine Claudia Sheinbaum a propos\u00e9 des r\u00e9formes constitutionnelles pour renforcer les protections contre les op\u00e9rations \u00e9trang\u00e8res non autoris\u00e9es et a toujours rejet\u00e9 toute pr\u00e9sence militaire am\u00e9ricaine sur le sol mexicain.<\/p>\n<p class=\"mb-4 text-lg md:leading-8 break-words\">Sheinbaum a d\u00e9clar\u00e9 lundi que les Am\u00e9riques \u00ab\u00a0n&rsquo;appartiennent pas\u00a0\u00bb \u00e0 une seule nation, en r\u00e9ponse \u00e0 l&rsquo;affirmation par M. Trump de la \u00ab\u00a0domination\u00a0\u00bb de Washington sur l&rsquo;h\u00e9misph\u00e8re apr\u00e8s la capture de Maduro.<\/p>\n<p class=\"mb-4 text-lg md:leading-8 break-words\">Donald Trump a d\u00e9clar\u00e9 dimanche qu&rsquo;il avait fait pression sur Sheinbaum pour qu&rsquo;elle autorise le d\u00e9ploiement de troupes am\u00e9ricaines contre les cartels mexicains, une offre qu&rsquo;elle avait pr\u00e9c\u00e9demment rejet\u00e9e, selon lui.<\/p>\n<p class=\"mb-4 text-lg md:leading-8 break-words\"><b class=\"c-widget-related__title__text\">Related<\/b><\/p>\n<p class=\"mb-4 text-lg md:leading-8 break-words\">Les overdoses dues au fentanyl et \u00e0 d&rsquo;autres opio\u00efdes synth\u00e9tiques ont caus\u00e9 plus de 100 000 d\u00e9c\u00e8s par an aux \u00c9tats-Unis depuis 2021. Les cartels mexicains produisent la majeure partie du fentanyl qui entre aux \u00c9tats-Unis \u00e0 l&rsquo;aide de pr\u00e9curseurs chimiques provenant principalement de Chine.<\/p>\n<p class=\"mb-4 text-lg md:leading-8 break-words\">Trump a d\u00e9sign\u00e9 cette drogue comme une arme de destruction massive en d\u00e9cembre 2025.<\/p>\n<p class=\"mb-4 text-lg md:leading-8 break-words\">Il n&rsquo;est pas certain que M. Trump demande au Congr\u00e8s l&rsquo;autorisation de mener des frappes au Mexique. La constitution am\u00e9ricaine conf\u00e8re au Congr\u00e8s le pouvoir de d\u00e9clarer la guerre, mais les pr\u00e9sidents ont toujours lanc\u00e9 des op\u00e9rations militaires sans d\u00e9claration formelle.<\/p>\n","protected":false},"excerpt":{"rendered":"Le pr\u00e9sident am\u00e9ricain Donald Trump a annonc\u00e9 jeudi que les forces am\u00e9ricaines allaient commencer des op\u00e9rations terrestres au&hellip;\n","protected":false},"author":2,"featured_media":651724,"comment_status":"","ping_status":"","sticky":false,"template":"","format":"standard","meta":{"footnotes":""},"categories":[1589],"tags":[11,75595,75,73,1866,5697,12,75594,887,1864,1865,1863,308],"class_list":{"0":"post-651723","1":"post","2":"type-post","3":"status-publish","4":"format-standard","5":"has-post-thumbnail","7":"category-etats-unis","8":"tag-actualites","9":"tag-cartel-de-sinaloa","10":"tag-donald-trump","11":"tag-etats-unis","12":"tag-etats-unis-damerique","13":"tag-mexique","14":"tag-news","15":"tag-operations-terrestres","16":"tag-trafic-de-drogue","17":"tag-united-states","18":"tag-united-states-of-america","19":"tag-us","20":"tag-usa"},"share_on_mastodon":{"url":"https:\/\/pubeurope.com\/@fr\/115865325688427092","error":""},"_links":{"self":[{"href":"https:\/\/www.europesays.com\/fr\/wp-json\/wp\/v2\/posts\/651723","targetHints":{"allow":["GET"]}}],"collection":[{"href":"https:\/\/www.europesays.com\/fr\/wp-json\/wp\/v2\/posts"}],"about":[{"href":"https:\/\/www.europesays.com\/fr\/wp-json\/wp\/v2\/types\/post"}],"author":[{"embeddable":true,"href":"https:\/\/www.europesays.com\/fr\/wp-json\/wp\/v2\/users\/2"}],"replies":[{"embeddable":true,"href":"https:\/\/www.europesays.com\/fr\/wp-json\/wp\/v2\/comments?post=651723"}],"version-history":[{"count":0,"href":"https:\/\/www.europesays.com\/fr\/wp-json\/wp\/v2\/posts\/651723\/revisions"}],"wp:featuredmedia":[{"embeddable":true,"href":"https:\/\/www.europesays.com\/fr\/wp-json\/wp\/v2\/media\/651724"}],"wp:attachment":[{"href":"https:\/\/www.europesays.com\/fr\/wp-json\/wp\/v2\/media?parent=651723"}],"wp:term":[{"taxonomy":"category","embeddable":true,"href":"https:\/\/www.europesays.com\/fr\/wp-json\/wp\/v2\/categories?post=651723"},{"taxonomy":"post_tag","embeddable":true,"href":"https:\/\/www.europesays.com\/fr\/wp-json\/wp\/v2\/tags?post=651723"}],"curies":[{"name":"wp","href":"https:\/\/api.w.org\/{rel}","templated":true}]}}