{"id":651727,"date":"2026-01-09T13:16:12","date_gmt":"2026-01-09T13:16:12","guid":{"rendered":"https:\/\/www.europesays.com\/fr\/651727\/"},"modified":"2026-01-09T13:16:12","modified_gmt":"2026-01-09T13:16:12","slug":"plus-curieux-quanxieux-des-moutons-en-fuite-envahissent-et-sement-la-pagaille-dans-un-supermarche-en-allemagne","status":"publish","type":"post","link":"https:\/\/www.europesays.com\/fr\/651727\/","title":{"rendered":"\u00ab\u00a0Plus curieux qu\u2019anxieux\u00a0\u00bb\u00a0: des moutons en fuite envahissent et s\u00e8ment la pagaille dans un supermarch\u00e9 en Allemagne"},"content":{"rendered":"<p class=\"paragraph text_align_left lp-f-body-02\">\u00ab Impossible de dire si les moutons cherchaient un produit en particulier ou s\u2019ils voulaient simplement se r\u00e9chauffer \u00bb. C\u2019est dans un communiqu\u00e9 plein d\u2019humour qu\u2019un supermarch\u00e9 allemand de la cha\u00eene Penny a r\u00e9agi \u00e0 la visite surprise d\u2019une cinquantaine <a href=\"https:\/\/www.leparisien.fr\/animaux\/une-premiere-pour-nous-au-royaume-uni-des-moutons-grimpent-sur-un-toit-pour-echapper-a-la-police-11-06-2025-NOUWGHEIGZHRXI72AXEL6NL7MM.php\" target=\"_self\" rel=\"noopener\">de moutons<\/a> dans ses rayons lundi.<\/p>\n<p class=\"\">Au total, une cinquantaine d\u2019animaux se sont d\u00e9tach\u00e9s de leur troupeau lors de la transhumance pour explorer pendant une vingtaine de minutes le magasin situ\u00e9 dans la commune de Burgsinn, en Bavi\u00e8re.<\/p>\n<p class=\"\">Selon des t\u00e9moins cit\u00e9s par <a href=\"https:\/\/www.theguardian.com\/world\/2026\/jan\/08\/runaway-sheep-storm-german-supermarket\" target=\"_self\" rel=\"noopener\">The Guardian<\/a>, les mammif\u00e8res \u00ab plus curieux qu\u2019anxieux \u00bb ont r\u00e9sist\u00e9 \u00e0 la tentation de manger des l\u00e9gumes et fruits. En revanche, ils ont cass\u00e9 de nombreux produits sur leur passage, dont des bouteilles en verre, comme en t\u00e9moignent les images relay\u00e9es par Osthessen-news.<\/p>\n<p class=\"\">\u00ab La vingtaine de clients pr\u00e9sents ont pris la visite spontan\u00e9e des animaux avec calme \u00bb, souligne le pr\u00e9sident du conseil d\u2019administration de la cha\u00eene, Philipp Stiehler qui a, au passage, d\u00e9menti vouloir facturer les frais de nettoyage au berger. La pagaille relay\u00e9e sur les r\u00e9seaux sociaux lui a assur\u00e9 un joli coup de pub.<\/p>\n<p class=\"\">M\u00eame l\u2019ambassade d\u2019Allemagne \u00e0 Londres s\u2019est fait l\u2019\u00e9cho de cette histoire. \u00ab Apr\u00e8s s\u2019\u00eatre s\u00e9par\u00e9s de leur troupeau de 500 b\u00eates, les effront\u00e9s ont fl\u00e2n\u00e9 pendant 20 minutes dans le supermarch\u00e9 Penny avant de faire demi-tour et de s\u2019enfuir \u00bb, raconte-t-elle sur Instagram, image \u00e0 l\u2019appui.<\/p>\n<p class=\"\">Au micro de la cha\u00eene de t\u00e9l\u00e9vision <a href=\"https:\/\/www.br.de\/nachrichten\/bayern\/unterfranken-was-wollten-die-shoppenden-schafe-im-supermarkt,V7cfWcc\" target=\"_self\" rel=\"noopener\">Bayerischer Rundfunk<\/a>, Dieter Michler, le berger, suppose que les moutons ont \u00e9t\u00e9 distraits par des glands au sol, laissant le reste du troupeau s\u2019\u00e9loigner. Ils pourraient ensuite avoir suivi une personne entrant dans le supermarch\u00e9 avec un sac ressemblant \u00e0 celui utilis\u00e9 pour les nourrir. \u00ab Jamais, je n\u2019aurais cru possible qu\u2019ils entrent volontairement dans le supermarch\u00e9 \u00bb, confie-t-il.<\/p>\n<p class=\"\">Alert\u00e9 par un client de ce qui venait de se passer, le berger a finalement r\u00e9cup\u00e9r\u00e9 ces b\u00eates \u00ab heureuses de retrouver le troupeau \u00bb.<\/p>\n","protected":false},"excerpt":{"rendered":"\u00ab Impossible de dire si les moutons cherchaient un produit en particulier ou s\u2019ils voulaient simplement se r\u00e9chauffer&hellip;\n","protected":false},"author":2,"featured_media":651728,"comment_status":"","ping_status":"","sticky":false,"template":"","format":"standard","meta":{"footnotes":""},"categories":[1587],"tags":[11,672,1867,1804,1805,1803,1777,674,1801,12,1802],"class_list":{"0":"post-651727","1":"post","2":"type-post","3":"status-publish","4":"format-standard","5":"has-post-thumbnail","7":"category-allemagne","8":"tag-actualites","9":"tag-allemagne","10":"tag-animaux","11":"tag-bundesrepublik-deutschland","12":"tag-de","13":"tag-deutschland","14":"tag-eu","15":"tag-europe","16":"tag-germany","17":"tag-news","18":"tag-republique-federale-dallemagne"},"share_on_mastodon":{"url":"https:\/\/pubeurope.com\/@fr\/115865333615209968","error":""},"_links":{"self":[{"href":"https:\/\/www.europesays.com\/fr\/wp-json\/wp\/v2\/posts\/651727","targetHints":{"allow":["GET"]}}],"collection":[{"href":"https:\/\/www.europesays.com\/fr\/wp-json\/wp\/v2\/posts"}],"about":[{"href":"https:\/\/www.europesays.com\/fr\/wp-json\/wp\/v2\/types\/post"}],"author":[{"embeddable":true,"href":"https:\/\/www.europesays.com\/fr\/wp-json\/wp\/v2\/users\/2"}],"replies":[{"embeddable":true,"href":"https:\/\/www.europesays.com\/fr\/wp-json\/wp\/v2\/comments?post=651727"}],"version-history":[{"count":0,"href":"https:\/\/www.europesays.com\/fr\/wp-json\/wp\/v2\/posts\/651727\/revisions"}],"wp:featuredmedia":[{"embeddable":true,"href":"https:\/\/www.europesays.com\/fr\/wp-json\/wp\/v2\/media\/651728"}],"wp:attachment":[{"href":"https:\/\/www.europesays.com\/fr\/wp-json\/wp\/v2\/media?parent=651727"}],"wp:term":[{"taxonomy":"category","embeddable":true,"href":"https:\/\/www.europesays.com\/fr\/wp-json\/wp\/v2\/categories?post=651727"},{"taxonomy":"post_tag","embeddable":true,"href":"https:\/\/www.europesays.com\/fr\/wp-json\/wp\/v2\/tags?post=651727"}],"curies":[{"name":"wp","href":"https:\/\/api.w.org\/{rel}","templated":true}]}}