{"id":65174,"date":"2025-04-30T19:58:09","date_gmt":"2025-04-30T19:58:09","guid":{"rendered":"https:\/\/www.europesays.com\/fr\/65174\/"},"modified":"2025-04-30T19:58:09","modified_gmt":"2025-04-30T19:58:09","slug":"deux-victimes-heliportees-et-lautoroute-coupee","status":"publish","type":"post","link":"https:\/\/www.europesays.com\/fr\/65174\/","title":{"rendered":"deux victimes h\u00e9liport\u00e9es et l&rsquo;autoroute coup\u00e9e"},"content":{"rendered":"<p>Deux accidents routiers se sont produits en fin d&rsquo;apr\u00e8s-midi ce mercredi 30 avril, sur l&rsquo;autoroute A46, mobilisant chaque fois une trentaine de sapeurs-pompiers.\u00a0<\/p>\n<p class=\"\" data-start=\"171\" data-end=\"429\">\u00c0 18 h 07, \u00e0 hauteur de Mions, au sud de Lyon, dans le sens Marseille &#8211; Paris, un motard et un poids lourd se sont percut\u00e9s, entra\u00eenant le blocage de l&rsquo;autoroute. L&rsquo;homme \u00e0 moto a \u00e9t\u00e9 h\u00e9liport\u00e9 dans un \u00e9tat d&rsquo;urgence relative.<\/p>\n<p>  Un second accident dans la foul\u00e9e<\/p>\n<p class=\"\" data-start=\"431\" data-end=\"673\">\u00c0 peine dix minutes plus tard, \u00e0 11 km plus au nord, au niveau de Communay et cette fois en direction de Marseille, un carambolage a impliqu\u00e9 deux voitures et une moto. Les trois bless\u00e9s ont tous \u00e9t\u00e9 conduits \u00e0 l&rsquo;h\u00f4pital,\u00a0une femme de 59 ans en h\u00e9licopt\u00e8re et deux en ambulance, un homme de 60 ans et une femme de 25 ans.<\/p>\n<p class=\"\" data-start=\"431\" data-end=\"673\">L&rsquo;autoroute a pu rouvrir aux alentours de 19 heures.<\/p>\n","protected":false},"excerpt":{"rendered":"Deux accidents routiers se sont produits en fin d&rsquo;apr\u00e8s-midi ce mercredi 30 avril, sur l&rsquo;autoroute A46, mobilisant chaque&hellip;\n","protected":false},"author":2,"featured_media":65175,"comment_status":"","ping_status":"","sticky":false,"template":"","format":"standard","meta":{"footnotes":""},"categories":[1889],"tags":[1111,11,2430,3152,2757,3154,3155,3156,1777,674,274,107,1011,27,2428,12,25,2429],"class_list":{"0":"post-65174","1":"post","2":"type-post","3":"status-publish","4":"format-standard","5":"has-post-thumbnail","7":"category-lyon","8":"tag-actu","9":"tag-actualites","10":"tag-auvergne-rhone-alpes","11":"tag-edition-est-lyonnais","12":"tag-edition-lyon-villeurbanne","13":"tag-edition-sud-lyonnais","14":"tag-edition-tarare","15":"tag-edition-villefranche","16":"tag-eu","17":"tag-europe","18":"tag-faits-divers-justice","19":"tag-fil-info","20":"tag-fr","21":"tag-france","22":"tag-lyon","23":"tag-news","24":"tag-republique-francaise","25":"tag-rhone"},"share_on_mastodon":{"url":"https:\/\/pubeurope.com\/@fr\/114428687354985140","error":""},"_links":{"self":[{"href":"https:\/\/www.europesays.com\/fr\/wp-json\/wp\/v2\/posts\/65174","targetHints":{"allow":["GET"]}}],"collection":[{"href":"https:\/\/www.europesays.com\/fr\/wp-json\/wp\/v2\/posts"}],"about":[{"href":"https:\/\/www.europesays.com\/fr\/wp-json\/wp\/v2\/types\/post"}],"author":[{"embeddable":true,"href":"https:\/\/www.europesays.com\/fr\/wp-json\/wp\/v2\/users\/2"}],"replies":[{"embeddable":true,"href":"https:\/\/www.europesays.com\/fr\/wp-json\/wp\/v2\/comments?post=65174"}],"version-history":[{"count":0,"href":"https:\/\/www.europesays.com\/fr\/wp-json\/wp\/v2\/posts\/65174\/revisions"}],"wp:featuredmedia":[{"embeddable":true,"href":"https:\/\/www.europesays.com\/fr\/wp-json\/wp\/v2\/media\/65175"}],"wp:attachment":[{"href":"https:\/\/www.europesays.com\/fr\/wp-json\/wp\/v2\/media?parent=65174"}],"wp:term":[{"taxonomy":"category","embeddable":true,"href":"https:\/\/www.europesays.com\/fr\/wp-json\/wp\/v2\/categories?post=65174"},{"taxonomy":"post_tag","embeddable":true,"href":"https:\/\/www.europesays.com\/fr\/wp-json\/wp\/v2\/tags?post=65174"}],"curies":[{"name":"wp","href":"https:\/\/api.w.org\/{rel}","templated":true}]}}