{"id":651741,"date":"2026-01-09T13:24:11","date_gmt":"2026-01-09T13:24:11","guid":{"rendered":"https:\/\/www.europesays.com\/fr\/651741\/"},"modified":"2026-01-09T13:24:11","modified_gmt":"2026-01-09T13:24:11","slug":"yann-roubert-donne-son-avis-sur-limpasse-du-rct-contre-la-rochelle-et-repond-a-pierre-mignoni","status":"publish","type":"post","link":"https:\/\/www.europesays.com\/fr\/651741\/","title":{"rendered":"Yann Roubert donne son avis sur l\u2019impasse du RCT contre La Rochelle et r\u00e9pond \u00e0 Pierre Mignoni"},"content":{"rendered":"<p>Dimanche dernier, le manager Toulonnais Pierre Mignoni avait d\u00e9cid\u00e9 de faire l\u2019impasse sur le match contre le Stade Rochelais, \u00e0 Deflandre, comptant pour la 14\u00e8me journ\u00e9e du Top 14.<\/p>\n<p>Entre la longue liste de joueurs bless\u00e9s et les internationaux forc\u00e9s au repos, le technicien du RCT a fait le choix d\u2019aligner une \u00e9quipe tr\u00e8s rajeunie.<\/p>\n<p>Malheureusement, les Varois n\u2019ont pas fait le poids face aux Maritimes et se sont lourdement inclin\u00e9s sur le score piquant de 66 \u00e0 00.<\/p>\n<p>Interrog\u00e9 dans les colonnes de Midi Olympique, le pr\u00e9sident de la Ligue Nationale de Rugby, Yann Roubert a donn\u00e9 son avis sur le sujet.<\/p>\n<p><strong>Il indique comprendre la probl\u00e9matique dans laquelle s\u2019est retrouv\u00e9e Pierre Mignoni. Extrait:<\/strong><\/p>\n<p>\u00ab Effectivement, je crois qu\u2019\u00e0 part les Rochelais, tout le monde \u00e9tait d\u00e9\u00e7u de la tournure de ce match\u2026 Mais je crois que ce sc\u00e9nario \u00e9tait aussi li\u00e9 \u00e0 des facteurs multiples, en l\u2019occurrence le nombre de bless\u00e9s et de joueurs absents \u00e0 Toulon ce week-end. Il ne faut surtout pas oublier pour autant que le championnat est plus dense que jamais, qu\u2019\u00e0 l\u2019heure actuelle il y a 11 clubs, voire 12, susceptibles de se qualifier et que m\u00eame s\u2019il y a eu parfois de gros \u00e9carts, ce n\u2019est pas toujours r\u00e9v\u00e9lateur d\u2019impasses.<\/p>\n<p>Si on prend le Bordeaux\u2013Racing, le Racing \u00e9tait devant \u00e0 55\u00e8me\u2026 Le Toulouse\u2013La Rochelle, qui a fini aussi \u00e0 plus de 60 points, a \u00e9t\u00e9 un match extraordinaire, a \u00e9t\u00e9 le record d\u2019audience de ces dix derni\u00e8res ann\u00e9es. Donc, il faut bien \u00eatre conscient \u00e0 la fois que les contextes sont multiples, que les \u00e9carts pour moi sont ponctuels et que le championnat reste plus dense que jamais. Et que du coup, si bien s\u00fbr on suit ces dynamiques avec attention, on reste tr\u00e8s confiants en l\u2019avenir. \u00bb<\/p>\n<p><strong>Il refuse de tirer des conclusions pr\u00e9matur\u00e9es suite \u00e0 ces quelques matches \u00e0 score fleuve. Extrait:<\/strong><\/p>\n<p>\u00ab\u00a0Encore une fois, je pense qu\u2019il est pr\u00e9matur\u00e9 de tirer des conclusions parce qu\u2019on est \u00e0 la moiti\u00e9 du championnat. Quand on voit \u00e0 quel point les classements est serr\u00e9, il est \u00e9vident que chaque point va compter. Et maintenant que les cong\u00e9s de chaque joueur vont \u00eatre purg\u00e9s, qu\u2019on va y voir un peu plus clair en Coupe d\u2019Europe, je pense et j\u2019esp\u00e8re aussi que le ph\u00e9nom\u00e8ne va rapidement et nettement s\u2019att\u00e9nuer. C\u2019est pour cela qu\u2019il ne faut pas tirer de conclusions h\u00e2tives. Je ne serais absolument pas surpris qu\u2019il y ait des matches tr\u00e8s serr\u00e9s. Tous les managers alignent leur meilleure \u00e9quipe lorsque les points valent de l\u2019or et le meilleur garant de cela, c\u2019est la comp\u00e9titivit\u00e9 de notre championnat, qui fait son attractivit\u00e9.\u00a0\u00bb<\/p>\n<p><strong>Concernant l\u2019avis du diffuseur Canal + sur le sujet, il fait le point. Extrait:<\/strong><\/p>\n<p>\u00ab\u00a0On pr\u00e9f\u00e8re tous que les grosses affiches accouchent de matches serr\u00e9s. Mais un gros score ne veut pas forc\u00e9ment dire un mauvais match. Honn\u00eatement, ce n\u2019est pas parce que Bayonne ou le Racing ont pris 60 points qu\u2019ils ont galvaud\u00e9 leurs rencontres. On peut aussi rendre hommage aux attaques de Montpellier, de La Rochelle, et de Bordeaux\u2026 Tous les clubs sont conscients de la chance qu\u2019a le rugby professionnel fran\u00e7ais d\u2019\u00eatre expos\u00e9 sur les Champs-Elys\u00e9es de la t\u00e9l\u00e9, \u00e0 savoir la meilleure case de notre partenaire Canal +, qui est celle du dimanche soir. Encore une fois, il faut bien \u00eatre conscient que la situation dans laquelle s\u2019est trouv\u00e9 Toulon n\u2019a pas de raison de se reproduire fr\u00e9quemment dans les mois \u00e0 venir.\u00a0\u00bb<\/p>\n<p>Suite \u00e0 cette d\u00e9b\u00e2cle contre La Rochelle, Pierre Mignoni a pest\u00e9 contre la Ligue Nationale de Rugby qui ne cesse de presser les clubs du Top 14 avec les JIFF, le Salary Cap et bien d\u2019autres r\u00e8glements encore.<\/p>\n<p><strong>Yann Robuert lui r\u00e9pond. Extrait:<\/strong><\/p>\n<p>\u00ab\u00a0On essaie de prendre tout en compte, notamment dans les \u00e9changes qu\u2019on a pu avoir sur le Salary Cap, dont l\u2019issue est proche puisqu\u2019elle co\u00efncidera avec notre comit\u00e9 directeur de d\u00e9but f\u00e9vrier. On entend ces probl\u00e9matiques, tout comme on prend en compte la sant\u00e9 des joueurs. On entend tout, on prend l\u2019avis des joueurs, des managers, des clubs pour essayer d\u2019arriver \u00e0 des solutions. <\/p>\n<p>Le calendrier a conduit Pierre Mignoni \u00e0 effectuer choix ponctuel, mais la v\u00e9rit\u00e9 de janvier ne sera sans doute pas celle du printemps. Tant qu\u2019on a les comp\u00e9titions telles qu\u2019elles sont, c\u2019est difficile d\u2019all\u00e9ger le calendrier. On est pr\u00eat \u00e0 r\u00e9fl\u00e9chir \u00e0 tout, mais pour l\u2019instant, on a \u00e0 caler le Top 14, les matchs internationaux et la Champions Cup. <\/p>\n<p>N\u2019oublions pas non plus que s\u2019il y a eu des matchs d\u00e9s\u00e9quilibr\u00e9s, ils ont au moins le m\u00e9rite de permettre \u00e0 des jeunes de se former\u2026 Je me souviens de Toulouse qui en avait pris un peu plus de 60 points \u00e0 Montpellier en 2018, et qui avait termin\u00e9 champion de France six mois apr\u00e8s, avec la moiti\u00e9 des joueurs qui \u00e9taient titulaires ce jour-l\u00e0 sur le terrain. <\/p>\n<p>Donc, encore une fois, n\u2019allons pas trop vite pour tirer des conclusions d\u00e9finitives. Je suis convaincu que les six mois qui viennent vont nous enthousiasmer, avec un championnat plus comp\u00e9titif et attractif qu\u2019il ne l\u2019a jamais \u00e9t\u00e9 quand l\u2019\u00e9ch\u00e9ance des phases finales va se rapprocher.\u00a0\u00bb<\/p>\n<p><strong>La LNR compte-t-elle rajouter un r\u00e8glement pour limiter ces scores fleuves ? Yann Roubert r\u00e9agit. Extrait:<\/strong><\/p>\n<p>\u00ab\u00a0S\u2019il devait y avoir des choses \u00e0 inventer, on traiterait tous les sujets sans aucun tabou. Mais on ne va pas se pr\u00e9cipiter au lendemain d\u2019un seul week-end, m\u00eame s\u2019il y a eu trois matches \u00e0 plus de 60 points. La v\u00e9rit\u00e9 d\u2019un dimanche ne peut pas \u00eatre une g\u00e9n\u00e9ralit\u00e9. On est plus sur des \u00e9carts ponctuels dus \u00e0 des contextes multiples qu\u2019 \u00e0 une tendance lourde. Il n\u2019y a pas lieu de s\u2019affoler, ni de tirer de conclusion pr\u00e9matur\u00e9e.\u00a0\u00bb<\/p>\n","protected":false},"excerpt":{"rendered":"Dimanche dernier, le manager Toulonnais Pierre Mignoni avait d\u00e9cid\u00e9 de faire l\u2019impasse sur le match contre le Stade&hellip;\n","protected":false},"author":2,"featured_media":619726,"comment_status":"","ping_status":"","sticky":false,"template":"","format":"standard","meta":{"footnotes":""},"categories":[1416],"tags":[1011,27,479,1468,60],"class_list":{"0":"post-651741","1":"post","2":"type-post","3":"status-publish","4":"format-standard","5":"has-post-thumbnail","7":"category-rugby","8":"tag-fr","9":"tag-france","10":"tag-rugby","11":"tag-rugby-football","12":"tag-sports"},"share_on_mastodon":{"url":"https:\/\/pubeurope.com\/@fr\/115865364966911409","error":""},"_links":{"self":[{"href":"https:\/\/www.europesays.com\/fr\/wp-json\/wp\/v2\/posts\/651741","targetHints":{"allow":["GET"]}}],"collection":[{"href":"https:\/\/www.europesays.com\/fr\/wp-json\/wp\/v2\/posts"}],"about":[{"href":"https:\/\/www.europesays.com\/fr\/wp-json\/wp\/v2\/types\/post"}],"author":[{"embeddable":true,"href":"https:\/\/www.europesays.com\/fr\/wp-json\/wp\/v2\/users\/2"}],"replies":[{"embeddable":true,"href":"https:\/\/www.europesays.com\/fr\/wp-json\/wp\/v2\/comments?post=651741"}],"version-history":[{"count":0,"href":"https:\/\/www.europesays.com\/fr\/wp-json\/wp\/v2\/posts\/651741\/revisions"}],"wp:featuredmedia":[{"embeddable":true,"href":"https:\/\/www.europesays.com\/fr\/wp-json\/wp\/v2\/media\/619726"}],"wp:attachment":[{"href":"https:\/\/www.europesays.com\/fr\/wp-json\/wp\/v2\/media?parent=651741"}],"wp:term":[{"taxonomy":"category","embeddable":true,"href":"https:\/\/www.europesays.com\/fr\/wp-json\/wp\/v2\/categories?post=651741"},{"taxonomy":"post_tag","embeddable":true,"href":"https:\/\/www.europesays.com\/fr\/wp-json\/wp\/v2\/tags?post=651741"}],"curies":[{"name":"wp","href":"https:\/\/api.w.org\/{rel}","templated":true}]}}