{"id":651744,"date":"2026-01-09T13:29:10","date_gmt":"2026-01-09T13:29:10","guid":{"rendered":"https:\/\/www.europesays.com\/fr\/651744\/"},"modified":"2026-01-09T13:29:10","modified_gmt":"2026-01-09T13:29:10","slug":"team-picnic-postnl-leffectif-2026-actualite","status":"publish","type":"post","link":"https:\/\/www.europesays.com\/fr\/651744\/","title":{"rendered":"Team Picnic PostNL : L&rsquo;effectif 2026 &#8211; Actualit\u00e9"},"content":{"rendered":"<p style=\"text-align: justify;\">L&rsquo;effectif 2026 de l&rsquo;\u00e9quipe Picnic Post-NL comporte un total de 28 coureurs, sans le 4e du dernier Tour de France, <strong><a href=\"https:\/\/www.directvelo.com\/coureur\/34487\/oscar-onley\" target=\"_blank\" rel=\"noopener\">Oscar Onley<\/a><\/strong>, dont le contrat a \u00e9t\u00e9 rachet\u00e9 par INEOS Grenadiers. <strong><a href=\"https:\/\/www.directvelo.com\/coureur\/87\/romain-bardet\" target=\"_blank\" rel=\"noopener\">Romain Bardet<\/a><\/strong>\u00a0ne fait, pour rappel, plus partie du collectif depuis qu&rsquo;il a mis un terme \u00e0 sa carri\u00e8re en milieu de saison 2025, apr\u00e8s le Crit\u00e9rium du Dauphin\u00e9.\u00a0<strong><a href=\"https:\/\/www.directvelo.com\/coureur\/408\/warren-barguil\" target=\"_blank\" rel=\"noopener\">Warren Barguil<\/a><\/strong> est en revanche toujours l\u00e0, \u00e0 l&rsquo;inverse de <strong><a href=\"https:\/\/www.directvelo.com\/coureur\/478\/romain-combaud\" target=\"_blank\" rel=\"noopener\">Romain Combaud<\/a><\/strong>. Deux autres Fran\u00e7ais, <strong><a href=\"https:\/\/www.directvelo.com\/coureur\/41922\/alexy-faure-prost\" target=\"_blank\" rel=\"noopener\">Alexy Faure-Prost<\/a><\/strong> et <strong><a href=\"https:\/\/www.directvelo.com\/coureur\/31838\/henri-francois-renard-haquin\" target=\"_blank\" rel=\"noopener\">Henri-Fran\u00e7ois Haquin<\/a><\/strong>, rejoignent la WorldTeam. Pour rappel, la structure n\u00e9erlandaise n&rsquo;a \u00e9t\u00e9 renouvel\u00e9e au niveau WorldTour que pour une seule saison, \u00e0 l&rsquo;inverse de toutes les autres formations de premi\u00e8re division mondiale. <\/p>\n<p style=\"text-align: justify;\"><strong><br \/>L&rsquo;effectif 2026 de Team Picnic PostNL :<br \/><\/strong>Warren Barguil, 34 ans<br \/>Frits Biesterbos, 23 ans (BEAT Cycling Club) <br \/>Pavel Bittner, 23 ans<br \/>Dillon Corkery, 26 ans (St-Michel-Preference Home-Auber 93)<br \/>Timo De Jong, 26 ans (VolkerWessels) <br \/>John Degenkolb, 36 ans <br \/>Robe Dhondt, 21 ans <br \/>Matthew Dinham, 25 ans<br \/>Nils Eekhoff, 27 ans <br \/>Alexy Faure-Prost, 21 ans <br \/>Sean Flynn, 25 ans<br \/>Mattia Gaffuri, 26 ans (Swatt Club) <br \/>Christopher Hamilton, 30 ans<br \/>Henri-Fran\u00e7ois Haquin, 23 ans (Wagner Bazin WB)\u00a0 <br \/>Fabio Jakobsen, 29 ans<br \/>James Knox, 30 ans (Soudal Quick-Step)<br \/>Bjoern Koerdt, 21 ans<br \/>Gijs Leemreize, 26 ans<br \/>Niklas M\u00e4rkl, 26 ans <br \/>Guillermo Juan Mart\u00ednez, 21 ans<br \/>Tim Naberman, 26 ans<br \/>Oliver Peace, 20 ans (Development Team Picnic PostNL)<br \/>Max Poole, 22 ans <br \/>Timo Roosen, 32 ans <br \/>Julius Van den Berg, 29 ans <br \/>Frank Van den Broek, 24 ans <br \/>Casper Van Uden, 24 ans <br \/>Bram Welten, 28 ans<\/p>\n<p>Les d\u00e9parts : Romain Bardet (arr\u00eat), Romain Combaud (?), Tobias Lund Andersen (Decathlon AG2R La Mondiale), Patrick Eddy (Team Brennan), Alex Edmondson (arr\u00eat), Enzo Leijnse (Anicolor-Tien 21), Oscar Onley (INEOS Grenadiers) et Kevin Vermaerke (UA Team Emirates XRG).<\/p>\n","protected":false},"excerpt":{"rendered":"L&rsquo;effectif 2026 de l&rsquo;\u00e9quipe Picnic Post-NL comporte un total de 28 coureurs, sans le 4e du dernier Tour&hellip;\n","protected":false},"author":2,"featured_media":651745,"comment_status":"","ping_status":"","sticky":false,"template":"","format":"standard","meta":{"footnotes":""},"categories":[1411],"tags":[834,828,836,829,837,827,83,826,824,823,1154,207,814,817,815,816,822,821,832,211,839,1011,27,820,818,819,835,831,830,833,838,60,212,208,825],"class_list":{"0":"post-651744","1":"post","2":"type-post","3":"status-publish","4":"format-standard","5":"has-post-thumbnail","7":"category-cyclisme","8":"tag-attaque","9":"tag-belgique","10":"tag-braquet","11":"tag-bretagne","12":"tag-chute","13":"tag-competition","14":"tag-coupe-de-france","15":"tag-coureur","16":"tag-course-cyclisme","17":"tag-course-cycliste","18":"tag-cycling","19":"tag-cyclisme","20":"tag-direct","21":"tag-direct-velo","22":"tag-directvelo","23":"tag-directvelo-com","24":"tag-epreuve","25":"tag-epreuve-cycliste","26":"tag-federation-francaise-de-cyclisme","27":"tag-ffc","28":"tag-flandres","29":"tag-fr","30":"tag-france","31":"tag-live","32":"tag-live-course","33":"tag-live-epreuve","34":"tag-peloton","35":"tag-radio-peloton","36":"tag-radio-tour","37":"tag-ravitaillement","38":"tag-relance","39":"tag-sports","40":"tag-uci","41":"tag-velo","42":"tag-velos"},"share_on_mastodon":{"url":"https:\/\/pubeurope.com\/@fr\/115865384743756957","error":""},"_links":{"self":[{"href":"https:\/\/www.europesays.com\/fr\/wp-json\/wp\/v2\/posts\/651744","targetHints":{"allow":["GET"]}}],"collection":[{"href":"https:\/\/www.europesays.com\/fr\/wp-json\/wp\/v2\/posts"}],"about":[{"href":"https:\/\/www.europesays.com\/fr\/wp-json\/wp\/v2\/types\/post"}],"author":[{"embeddable":true,"href":"https:\/\/www.europesays.com\/fr\/wp-json\/wp\/v2\/users\/2"}],"replies":[{"embeddable":true,"href":"https:\/\/www.europesays.com\/fr\/wp-json\/wp\/v2\/comments?post=651744"}],"version-history":[{"count":0,"href":"https:\/\/www.europesays.com\/fr\/wp-json\/wp\/v2\/posts\/651744\/revisions"}],"wp:featuredmedia":[{"embeddable":true,"href":"https:\/\/www.europesays.com\/fr\/wp-json\/wp\/v2\/media\/651745"}],"wp:attachment":[{"href":"https:\/\/www.europesays.com\/fr\/wp-json\/wp\/v2\/media?parent=651744"}],"wp:term":[{"taxonomy":"category","embeddable":true,"href":"https:\/\/www.europesays.com\/fr\/wp-json\/wp\/v2\/categories?post=651744"},{"taxonomy":"post_tag","embeddable":true,"href":"https:\/\/www.europesays.com\/fr\/wp-json\/wp\/v2\/tags?post=651744"}],"curies":[{"name":"wp","href":"https:\/\/api.w.org\/{rel}","templated":true}]}}