{"id":651750,"date":"2026-01-09T13:32:21","date_gmt":"2026-01-09T13:32:21","guid":{"rendered":"https:\/\/www.europesays.com\/fr\/651750\/"},"modified":"2026-01-09T13:32:21","modified_gmt":"2026-01-09T13:32:21","slug":"kid-cudi-expose-pour-la-premiere-fois-ses-peintures-a-paris-une-experience-gratuite-a-ne-pas-manquer","status":"publish","type":"post","link":"https:\/\/www.europesays.com\/fr\/651750\/","title":{"rendered":"Kid Cudi expose pour la premi\u00e8re fois ses peintures \u00e0 Paris \u2013 une exp\u00e9rience gratuite \u00e0 ne pas manquer"},"content":{"rendered":"<p>\t\t\t\t\t\t\t\t\t\t\t\t\t\t\t\t\t\t\t\t\t\t<img decoding=\"async\" fetchpriority=\"high\" src=\"https:\/\/www.europesays.com\/fr\/wp-content\/uploads\/2026\/01\/COUV-ARTICLES-1620x1080-49-1024x683.jpg\" class=\"img-fluid\" alt=\"kid cudi peinture\" width=\"1024\" height=\"683\"\/><\/p>\n<p>    Save<\/p>\n<p>Cet hiver, Paris constitue une \u00e9tape importante dans la carri\u00e8re d\u2019un artiste bien connu\u2026 mais pas pour ses tubes. <strong>Kid Cudi<\/strong>, rappeur originaire de l\u2019Ohio et c\u00e9l\u00e8bre pour ses morceaux qui ont marqu\u00e9 toute une g\u00e9n\u00e9ration, d\u00e9voile une autre facette de sa cr\u00e9ativit\u00e9 <strong>\u00e0 la galerie Ruttkowski;68<\/strong> dans le Marais.<\/p>\n<p> Des peintures de Kid Cudi pour la premi\u00e8re fois expos\u00e9es \u00e0 Paris <\/p>\n<p>Intitul\u00e9e <strong>Echoes of the Past<\/strong>, cette exposition constitue la toute premi\u00e8re pr\u00e9sentation personnelle de Kid Cudi \u00e0 Paris. Elle se tiendra jusqu\u2019au au 1er mars 2026, avec une ouverture au public d\u00e8s le 30 janvier en d\u00e9but de soir\u00e9e pour un vernissage accessible \u00e0 tous. En <strong>acc\u00e8s gratuit<\/strong>, elle permettra de parcourir librement une s\u00e9rie de peintures qui explorent une dimension moins connue de l\u2019artiste.<\/p>\n<p><img fetchpriority=\"high\" decoding=\"async\" class=\"alignnone size-full wp-image-228226\" src=\"data:image\/svg+xml,%3Csvg%20xmlns=\" http:=\"\" alt=\"kid cudi\" width=\"1200\" height=\"800\" data-lazy- data-lazy- data-lazy-src=\"https:\/\/www.europesays.com\/fr\/wp-content\/uploads\/2026\/01\/COUV-ARTICLES-1620x1080-50.jpg\"\/><\/p>\n<p>Si le rappeur a b\u00e2ti sa renomm\u00e9e autour de la musique depuis ses d\u00e9buts, son int\u00e9r\u00eat pour la peinture est plus r\u00e9cent. La premi\u00e8re toile qu\u2019il a r\u00e9alis\u00e9e remonte \u00e0 un peu plus d\u2019un an, et elle a ouvert une <strong>nouvelle voie dans sa carri\u00e8re d\u2019artiste.<\/strong> Dans les \u0153uvres pr\u00e9sent\u00e9es \u00e0 Paris, Kid Cudi met en sc\u00e8ne Max, un alter ego visuel qui revient r\u00e9guli\u00e8rement dans ses toiles.<\/p>\n<p>Pour les visiteurs, cette exposition est l\u2019occasion de d\u00e9couvrir une autre facette d\u2019un artiste souvent associ\u00e9 \u00e0 ses succ\u00e8s musicaux. D\u2019ailleurs, une <strong>bande-son imagin\u00e9e par l\u2019artiste<\/strong> accompagnera l\u2019exp\u00e9rience, pour la rendre un peu plus immersive.<\/p>\n<p>Que l\u2019on soit fan de longue date ou simplement curieux d\u2019art contemporain, Echoes of the Past est l\u2019une des expositions gratuites les plus originales \u00e0 voir \u00e0 Paris en ce d\u00e9but d\u2019ann\u00e9e.<\/p>\n<p>\ud83d\udccdEchoes of the Past \u2013 Galerie Ruttkowski;68 \u2013 8, rue Charlot, 75003<br \/>\ud83d\udcc6 Du 30 janvier au 1er mars 2026<\/p>\n","protected":false},"excerpt":{"rendered":"Save Cet hiver, Paris constitue une \u00e9tape importante dans la carri\u00e8re d\u2019un artiste bien connu\u2026 mais pas pour&hellip;\n","protected":false},"author":2,"featured_media":651751,"comment_status":"","ping_status":"","sticky":false,"template":"","format":"standard","meta":{"footnotes":""},"categories":[1358],"tags":[1348,1384,1385,1386,58,59,1011,27],"class_list":{"0":"post-651750","1":"post","2":"type-post","3":"status-publish","4":"format-standard","5":"has-post-thumbnail","7":"category-arts-et-design","8":"tag-arts","9":"tag-arts-and-design","10":"tag-arts-et-design","11":"tag-design","12":"tag-divertissement","13":"tag-entertainment","14":"tag-fr","15":"tag-france"},"share_on_mastodon":{"url":"https:\/\/pubeurope.com\/@fr\/115865396378666394","error":""},"_links":{"self":[{"href":"https:\/\/www.europesays.com\/fr\/wp-json\/wp\/v2\/posts\/651750","targetHints":{"allow":["GET"]}}],"collection":[{"href":"https:\/\/www.europesays.com\/fr\/wp-json\/wp\/v2\/posts"}],"about":[{"href":"https:\/\/www.europesays.com\/fr\/wp-json\/wp\/v2\/types\/post"}],"author":[{"embeddable":true,"href":"https:\/\/www.europesays.com\/fr\/wp-json\/wp\/v2\/users\/2"}],"replies":[{"embeddable":true,"href":"https:\/\/www.europesays.com\/fr\/wp-json\/wp\/v2\/comments?post=651750"}],"version-history":[{"count":0,"href":"https:\/\/www.europesays.com\/fr\/wp-json\/wp\/v2\/posts\/651750\/revisions"}],"wp:featuredmedia":[{"embeddable":true,"href":"https:\/\/www.europesays.com\/fr\/wp-json\/wp\/v2\/media\/651751"}],"wp:attachment":[{"href":"https:\/\/www.europesays.com\/fr\/wp-json\/wp\/v2\/media?parent=651750"}],"wp:term":[{"taxonomy":"category","embeddable":true,"href":"https:\/\/www.europesays.com\/fr\/wp-json\/wp\/v2\/categories?post=651750"},{"taxonomy":"post_tag","embeddable":true,"href":"https:\/\/www.europesays.com\/fr\/wp-json\/wp\/v2\/tags?post=651750"}],"curies":[{"name":"wp","href":"https:\/\/api.w.org\/{rel}","templated":true}]}}