{"id":651752,"date":"2026-01-09T13:34:13","date_gmt":"2026-01-09T13:34:13","guid":{"rendered":"https:\/\/www.europesays.com\/fr\/651752\/"},"modified":"2026-01-09T13:34:13","modified_gmt":"2026-01-09T13:34:13","slug":"je-ne-savais-pas-si-javais-ma-place-anouk-star-academy-devoile-ce-quelle-na-jamais-ose-dire-face-aux-cameras","status":"publish","type":"post","link":"https:\/\/www.europesays.com\/fr\/651752\/","title":{"rendered":"\u00ab\u00a0Je ne savais pas si j\u2019avais ma place\u00a0\u00bb : Anouk (Star Academy) d\u00e9voile ce qu\u2019elle n\u2019a jamais os\u00e9 dire face aux cam\u00e9ras"},"content":{"rendered":"<p class=\"articleContent-meta\">\n        Aujourd&rsquo;hui \u00e0 11:12 &#8211; par             <a class=\"articleContent-metaAuthorsLink\" href=\"https:\/\/www.programme.tv\/auteur\/maxime-carignano\/\" target=\"_blank\" rel=\"noopener\">Maxime Carignano<\/a><\/p>\n<p>                    Tweeter<\/p>\n<p>                    Partager sur Facebook<\/p>\n<p>                        <img decoding=\"async\" src=\"https:\/\/www.europesays.com\/fr\/wp-content\/uploads\/2026\/01\/star-academy-2025-ce-qu-il-faut-savoir-sur-la-nouvelle-saison.jpg\" alt=\"Player Video\" class=\"player-applyRatio poster exclude-seedtag\"\/><\/p>\n<p>Dans une interview sur TF1+, l&rsquo;\u00e9l\u00e8ve de la Star Academy, Anouk nomin\u00e9e pour la deuxi\u00e8me fois, a r\u00e9v\u00e9l\u00e9 avoir une longue p\u00e9riode d&rsquo;incertitude au ch\u00e2teau de Dammarie-les-Lys. Explication.<\/p>\n<p>La pression monte avant le prime de la Star Academy du samedi 10 janvier. Apr\u00e8s l&rsquo;\u00e9limination de Th\u00e9o P, le directeur <a href=\"https:\/\/www.programme.tv\/news\/emissions-tv\/266520-star-academy-qui-sont-les-deux-nomines-ce-mercredi-7-janvier\/\" target=\"_blank\" rel=\"noopener\">Micha\u00ebl Goldman a annonc\u00e9 le nom des deux nomin\u00e9s<\/a> : <b>Anouk<\/b> et <b>Victor<\/b>. Les \u00e9l\u00e8ves nomin\u00e9s joueront leur place sur une chanson de V\u00e9ronique Sanson, Ma r\u00e9v\u00e9rence. Le classement de la semaine a \u00e9t\u00e9 annonc\u00e9 le jeudi 8 janvier. <b>Bastiaan<\/b> a d\u00e9croch\u00e9 la premi\u00e8re place devant <b>Ambre<\/b> et <b>L\u00e9a<\/b>. <a href=\"https:\/\/www.programme.tv\/news\/emissions-tv\/266527-star-academy-qui-sont-les-trois-meilleurs-eleves-du-classement-en-lice-pour-la-demi-finale\/\" rel=\"nofollow noopener\" target=\"_blank\">Le top 3 va tenter de d\u00e9crocher son immunit\u00e9 lors du prime <\/a>sur le titre de Katy Perry, Roar<a href=\"https:\/\/www.programme.tv\/news\/emissions-tv\/266527-star-academy-qui-sont-les-trois-meilleurs-eleves-du-classement-en-lice-pour-la-demi-finale\/\" rel=\"nofollow noopener\" target=\"_blank\">.<\/a> Et cette semaine, l&rsquo;enjeu est de taille. Le gagnant du battle d\u00e9crochera automatiquement son ticket pour la premi\u00e8re demi-finale qui aura lieu le samedi 24 janvier.<\/p>\n<p>Anouk (Star Academy) nomin\u00e9e pour la deuxi\u00e8me fois cons\u00e9cutive<\/p>\n<p>Nomin\u00e9e pour la deuxi\u00e8me fois cons\u00e9cutive, Anouk conna\u00eet des moments particuli\u00e8rement difficiles au ch\u00e2teau de Dammarie-les-Lys. D\u00e9but d\u00e9cembre, l&rsquo;\u00e9l\u00e8ve faisait encore l&rsquo;unanimit\u00e9 aupr\u00e8s des professeurs. Elle avait, \u00e0 cette \u00e9poque, d\u00e9croch\u00e9 l&rsquo;immunit\u00e9 et la premi\u00e8re place du classement. Jonathan Jenvrin avait d&rsquo;ailleurs salu\u00e9 les qualit\u00e9s de la jeune femme : \u00ab\u00a0Anouk, elle a des vraies qualit\u00e9s de silence, elle les habite du d\u00e9but \u00e0 la fin, et \u00e7a, pour moi, c&rsquo;est quelque chose qui est hyper important. Clairement, j&rsquo;ai eu des frissons cinq fois, des chevilles jusqu&rsquo;au cr\u00e2ne. Donc, extraordinaire Anouk\u00a0\u00bb, avait expliqu\u00e9 le professeur de danse.<\/p>\n<p>                                Anouk (Star Academy sur TF1) r\u00e9v\u00e8le avoir eu une longue p\u00e9riode d&rsquo;incertitude au ch\u00e2teau<\/p>\n<p>Jusqu&rsquo;ici, le parcours d&rsquo;Anouk \u00e9tait quasiment sans emb\u00fbches. Dans une interview sur TF1+, Anouk a r\u00e9v\u00e9l\u00e9 avoir connu une longue p\u00e9riode de doutes : \u00ab\u00a0En entrant dans le ch\u00e2teau, j&rsquo;\u00e9tais sous le choc de rentrer dans la Star Academy, c&rsquo;\u00e9tait un r\u00eave,<b> j&rsquo;\u00e9tais perplexe, je ne savais pas si j&rsquo;avais ma place.<\/b> J&rsquo;avais choisi un \u00e9tat d&rsquo;esprit, je suis reconnaissante de tout. \u00c0 chaque fois que je restais une semaine, je me disais que c&rsquo;\u00e9tait une semaine de plus. Mon objectif \u00e9tait de ne pas \u00eatre d\u00e9\u00e7u. J&rsquo;ai l&rsquo;objectif de rester et ce stress de partir.\u00a0\u00bb<\/p>\n<p>Rejoignez-nous sur Google !<\/p>\n<p class=\"articleContent-pushTagline\">Abonnez-vous \u00e0 <a href=\"https:\/\/profile.google.com\/cp\/CgsvZy8xMjExMWxuMQ\" target=\"_blank\" rel=\"noopener\">T\u00e9l\u00e9 2 semaines sur Google<\/a> pour ne manquer aucune info !<\/p>\n","protected":false},"excerpt":{"rendered":"Aujourd&rsquo;hui \u00e0 11:12 &#8211; par Maxime Carignano Tweeter Partager sur Facebook Dans une interview sur TF1+, l&rsquo;\u00e9l\u00e8ve de&hellip;\n","protected":false},"author":2,"featured_media":651753,"comment_status":"","ping_status":"","sticky":false,"template":"","format":"standard","meta":{"footnotes":""},"categories":[1356],"tags":[58,59,1011,27,64696,64698,64694,64695,5095,64699,64697,67813,68033,252,199,2175,1364],"class_list":{"0":"post-651752","1":"post","2":"type-post","3":"status-publish","4":"format-standard","5":"has-post-thumbnail","7":"category-television","8":"tag-divertissement","9":"tag-entertainment","10":"tag-fr","11":"tag-france","12":"tag-la-quotidienne-25112022-173000-tf1","13":"tag-la-quotidienne-su00e9rie-52118294","14":"tag-la-quotidienne-1100832954","15":"tag-la-quotidienne-1100860641","16":"tag-star-academy","17":"tag-star-academy-le-prime-9790195","18":"tag-star-academy-1100807804","19":"tag-star-academy-1101059444","20":"tag-star-academy-1101324617","21":"tag-television","22":"tag-tf1","23":"tag-tl-story","24":"tag-tv"},"share_on_mastodon":{"url":"https:\/\/pubeurope.com\/@fr\/115865404534195285","error":""},"_links":{"self":[{"href":"https:\/\/www.europesays.com\/fr\/wp-json\/wp\/v2\/posts\/651752","targetHints":{"allow":["GET"]}}],"collection":[{"href":"https:\/\/www.europesays.com\/fr\/wp-json\/wp\/v2\/posts"}],"about":[{"href":"https:\/\/www.europesays.com\/fr\/wp-json\/wp\/v2\/types\/post"}],"author":[{"embeddable":true,"href":"https:\/\/www.europesays.com\/fr\/wp-json\/wp\/v2\/users\/2"}],"replies":[{"embeddable":true,"href":"https:\/\/www.europesays.com\/fr\/wp-json\/wp\/v2\/comments?post=651752"}],"version-history":[{"count":0,"href":"https:\/\/www.europesays.com\/fr\/wp-json\/wp\/v2\/posts\/651752\/revisions"}],"wp:featuredmedia":[{"embeddable":true,"href":"https:\/\/www.europesays.com\/fr\/wp-json\/wp\/v2\/media\/651753"}],"wp:attachment":[{"href":"https:\/\/www.europesays.com\/fr\/wp-json\/wp\/v2\/media?parent=651752"}],"wp:term":[{"taxonomy":"category","embeddable":true,"href":"https:\/\/www.europesays.com\/fr\/wp-json\/wp\/v2\/categories?post=651752"},{"taxonomy":"post_tag","embeddable":true,"href":"https:\/\/www.europesays.com\/fr\/wp-json\/wp\/v2\/tags?post=651752"}],"curies":[{"name":"wp","href":"https:\/\/api.w.org\/{rel}","templated":true}]}}