{"id":651754,"date":"2026-01-09T13:35:12","date_gmt":"2026-01-09T13:35:12","guid":{"rendered":"https:\/\/www.europesays.com\/fr\/651754\/"},"modified":"2026-01-09T13:35:12","modified_gmt":"2026-01-09T13:35:12","slug":"la-maison-denfance-de-bowie-sera-ouverte-au-public","status":"publish","type":"post","link":"https:\/\/www.europesays.com\/fr\/651754\/","title":{"rendered":"La maison d\u2019enfance de Bowie sera ouverte au public"},"content":{"rendered":"<p><strong>Des d\u00e9cennies apr\u00e8s avoir pass\u00e9 18 mois sur la route avec David Bowie, le r\u00e9alisateur Cameron Crowe r\u00e9v\u00e8le dans ses m\u00e9moires comment le chanteur a qualifi\u00e9 ses anciennes d\u00e9clarations. Dans son nouveau livre \u00ab\u00a0The Uncool\u00a0\u00bb, Crowe raconte comment Bowie refusait cat\u00e9goriquement de revivre cette p\u00e9riode sombre de sa carri\u00e8re.<\/strong><\/p>\n<p><strong>Les souvenirs que Bowie voulait oublier<\/strong><\/p>\n<p style=\"text-align:start\">Cameron Crowe, r\u00e9alisateur oscaris\u00e9 pour le film\u00a0Almost Famous, \u00e9tait alors un jeune journaliste rock. Quand il a tent\u00e9 de faire revivre \u00e0 Bowie ses anciennes d\u00e9clarations, l\u2019artiste s\u2019est montr\u00e9 r\u00e9ticent. \u00ab\u00a0Il ne voulait pas retourner l\u00e0-bas\u00a0\u00bb, confie Crowe \u00e0 <a href=\"https:\/\/www.independent.co.uk\/arts-entertainment\/books\/features\/cameron-crowe-interview-memoir-david-bowie-b2848318.html\" rel=\"noopener\" target=\"_blank\">The Independent<\/a>.<\/p>\n<p style=\"text-align:start\">Le journaliste lui rappelait ses pr\u00e9dictions d\u2019\u00e9poque\u00a0: \u00ab\u00a0Tu disais que Patti Smith et Kraftwerk seraient tout ce dont on se souviendrait de cette \u00e9poque\u00a0\u00bb. Mais Bowie\u00a0esquivait syst\u00e9matiquement.<\/p>\n<p><strong>\u00ab\u00a0Les divagations insens\u00e9es d\u2019un jeune homme\u00a0\u00bb<\/strong><\/p>\n<p style=\"text-align:start\">Face \u00e0 l\u2019insistance de Crowe, Bowie a fini par l\u00e2cher une phrase d\u00e9finitive\u00a0: \u00ab\u00a0Cameron, c\u2019\u00e9taient les divagations insens\u00e9es d\u2019un jeune homme drogu\u00e9 aux amph\u00e9tamines\u00a0\u00bb. Cette p\u00e9riode correspond aux ann\u00e9es les plus chaotiques de sa carri\u00e8re, <a href=\"https:\/\/www.rtbf.be\/article\/david-bowie-episode-3-ziggy-soul-10664080\" target=\"_blank\" rel=\"noopener\">notamment durant sa p\u00e9riode berlinoise<\/a>\u00a0o\u00f9 il luttait contre ses addictions.<\/p>\n<p style=\"text-align:start\">L\u2019artiste pr\u00e9f\u00e9rait alors se concentrer sur sa nouvelle vie\u00a0: \u00ab\u00a0Il \u00e9tait amoureux de sa femme, menait une belle vie \u00e0 Soho\u00a0\u00bb, pr\u00e9cise Crowe.<\/p>\n<p><strong>Un pass\u00e9 assum\u00e9 mais non revendiqu\u00e9<\/strong><\/p>\n<p style=\"text-align:start\">Interrog\u00e9 sur la tristesse que pourrait repr\u00e9senter cet oubli apparent, Crowe se montre philosophe\u00a0: \u00ab\u00a0Je pense qu\u2019il se souvenait de tout. Il ne voulait simplement pas s\u2019en souvenir avec moi, mais c\u2019est OK\u00a0\u00bb. Une attitude qui refl\u00e8te la volont\u00e9 de Bowie de tourner la page sur ses ann\u00e9es les plus tumultueuses.<\/p>\n<p><strong>L\u2019h\u00e9ritage documentaire de Bowie<\/strong><\/p>\n<p style=\"text-align:start\">Parall\u00e8lement, <a href=\"https:\/\/www.rtbf.be\/article\/bowie-in-berlin-le-documentaire-qui-revele-les-quatre-muses-de-david-bowie-11609328\" target=\"_blank\" rel=\"noopener\">la BBC pr\u00e9pare un documentaire sur les ann\u00e9es berlinoises de Bowie\u00a0\u00e0 la fin des ann\u00e9es 70<\/a>, p\u00e9riode cruciale o\u00f9 il a cr\u00e9\u00e9 sa trilogie Low, Heroes et Lodger. Ce projet, attendu pour l\u2019ann\u00e9e prochaine, promet d\u2019\u00e9clairer cette phase de renaissance artistique.<\/p>\n","protected":false},"excerpt":{"rendered":"Des d\u00e9cennies apr\u00e8s avoir pass\u00e9 18 mois sur la route avec David Bowie, le r\u00e9alisateur Cameron Crowe r\u00e9v\u00e8le&hellip;\n","protected":false},"author":2,"featured_media":651755,"comment_status":"","ping_status":"","sticky":false,"template":"","format":"standard","meta":{"footnotes":""},"categories":[1355],"tags":[58,59,1011,27,1361,873],"class_list":{"0":"post-651754","1":"post","2":"type-post","3":"status-publish","4":"format-standard","5":"has-post-thumbnail","7":"category-musique","8":"tag-divertissement","9":"tag-entertainment","10":"tag-fr","11":"tag-france","12":"tag-music","13":"tag-musique"},"share_on_mastodon":{"url":"https:\/\/pubeurope.com\/@fr\/115865408296083609","error":""},"_links":{"self":[{"href":"https:\/\/www.europesays.com\/fr\/wp-json\/wp\/v2\/posts\/651754","targetHints":{"allow":["GET"]}}],"collection":[{"href":"https:\/\/www.europesays.com\/fr\/wp-json\/wp\/v2\/posts"}],"about":[{"href":"https:\/\/www.europesays.com\/fr\/wp-json\/wp\/v2\/types\/post"}],"author":[{"embeddable":true,"href":"https:\/\/www.europesays.com\/fr\/wp-json\/wp\/v2\/users\/2"}],"replies":[{"embeddable":true,"href":"https:\/\/www.europesays.com\/fr\/wp-json\/wp\/v2\/comments?post=651754"}],"version-history":[{"count":0,"href":"https:\/\/www.europesays.com\/fr\/wp-json\/wp\/v2\/posts\/651754\/revisions"}],"wp:featuredmedia":[{"embeddable":true,"href":"https:\/\/www.europesays.com\/fr\/wp-json\/wp\/v2\/media\/651755"}],"wp:attachment":[{"href":"https:\/\/www.europesays.com\/fr\/wp-json\/wp\/v2\/media?parent=651754"}],"wp:term":[{"taxonomy":"category","embeddable":true,"href":"https:\/\/www.europesays.com\/fr\/wp-json\/wp\/v2\/categories?post=651754"},{"taxonomy":"post_tag","embeddable":true,"href":"https:\/\/www.europesays.com\/fr\/wp-json\/wp\/v2\/tags?post=651754"}],"curies":[{"name":"wp","href":"https:\/\/api.w.org\/{rel}","templated":true}]}}