{"id":651756,"date":"2026-01-09T13:36:25","date_gmt":"2026-01-09T13:36:25","guid":{"rendered":"https:\/\/www.europesays.com\/fr\/651756\/"},"modified":"2026-01-09T13:36:25","modified_gmt":"2026-01-09T13:36:25","slug":"premiers-avis-pour-migration-la-suite-du-film-catastrophe-avec-gerard-butler","status":"publish","type":"post","link":"https:\/\/www.europesays.com\/fr\/651756\/","title":{"rendered":"premiers avis pour Migration, la suite du film catastrophe avec Gerard Butler"},"content":{"rendered":"<p><strong>C\u2019est un rendez-vous annuel : voir <a href=\"https:\/\/www.ecranlarge.com\/personnalite\/652574-gerard-butler\" data-type=\"people\" data-id=\"304727\" target=\"_blank\" rel=\"noopener\">Gerard Butler<\/a> affronter une grosse catastrophe. Cette ann\u00e9e, ce sera avec Greenland 2 alias <a href=\"https:\/\/www.ecranlarge.com\/films\/1382261-greenland-migration\" data-type=\"films\" data-id=\"690850\" target=\"_blank\" rel=\"noopener\">Greenland Migration<\/a>.<\/strong><\/p>\n<p>En 2026, le monde explosera peut-\u00eatre pour de bon gr\u00e2ce aux actions de Donald Trump, Vladimir Poutine et consorts. Est-ce que ce sera un mal pour un bien ? Seulement une semaine apr\u00e8s le Nouvel An, on ne sait pas encore si on est vraiment capable de r\u00e9pondre \u00e0 cette question en ayant la t\u00eate repos\u00e9e. Seule certitude, on esp\u00e8re que la fin du monde n\u2019arrivera pas avant qu\u2019on puisse d\u00e9couvrir la suite de <strong><a href=\"https:\/\/www.ecranlarge.com\/films\/1021491-greenland\" data-type=\"films\" data-id=\"686995\" target=\"_blank\" rel=\"noopener\">Greenland<\/a> <\/strong>et des aventures de notre bon vieux Gerard Butler. Oui, chacun ses priorit\u00e9s.<\/p>\n<p>\u00c0 vraie dire, comme <strong>Greenland : Migration<\/strong> d\u00e9barque ce 14 janvier au cin\u00e9ma en France, on devrait pouvoir s\u2019en sortir. Mais est-ce que \u00e7a vaut r\u00e9ellement le coup de se jeter sur le film de <a href=\"https:\/\/www.ecranlarge.com\/personnalite\/718767-ric-roman-waugh\" data-type=\"people\" data-id=\"363736\" target=\"_blank\" rel=\"noopener\">Ric Roman Waugh<\/a> (d\u00e9j\u00e0 derri\u00e8re le premier volet) ? Pour \u00eatre honn\u00eate, Ecran Large n\u2019a toujours pas \u00e9t\u00e9 invit\u00e9 aux projections presse (et a priori, ce ne sera pas le cas). Mais en attendant de nous faire notre propre avis en salles, les premi\u00e8res critiques sont tomb\u00e9es outre-Atlantique. <strong>Il est donc venu le temps de faire un premier bilan. Revue de presse.<\/strong><\/p>\n<p>                    <img decoding=\"async\" alt=\"\" class=\"wp-image-518375\" style=\"object-fit:cover;width:25px;height:25px\" src=\"https:\/\/www.ecranlarge.com\/content\/uploads\/2023\/09\/arrow-right-circle.svg\"\/><\/p>\n<p><a href=\"https:\/\/www.ecranlarge.com\/content\/uploads\/2026\/01\/greenland_unit_240507_00218rc.0af80d7b-609e-4248-845f-da5d9a6e8127.jpg\" target=\"_blank\" rel=\"noopener\"><\/p>\n<p><img loading=\"lazy\" decoding=\"async\" alt=\"Gerard Butler, Trond Fausa Aurv\u00e5g, Morena Baccarin et Roman Griffin Davis dans Greenland 2 \/ Greenland Migration\" src=\"https:\/\/www.europesays.com\/fr\/wp-content\/uploads\/2026\/01\/greenland_unit_240507_00218rc.0af80d7b-609e-4248-845f-da5d9a6e8127-1260x840.jpg\" width=\"1260\" height=\"840\"  \/><\/p>\n<p><\/a>Le grand exilgreenland : migration again<\/p>\n<blockquote class=\"wp-block-quote is-layout-flow wp-block-quote-is-layout-flow\">\n<p><strong>\u00ab\u00a0Le film de Ric Roman Waugh repr\u00e9sente une nette am\u00e9lioration par rapport au premier opus. La travers\u00e9e par les Garrity de l\u2019oc\u00e9an Atlantique Nord, un passage p\u00e9rilleux, et leurs courses-poursuites face \u00e0 des bandits en Europe conf\u00e8rent aux \u00e9v\u00e9nements une dimension humaine authentique.\u00a0\u00bb<\/strong> The New York Times<\/p>\n<\/blockquote>\n<blockquote class=\"wp-block-quote is-layout-flow wp-block-quote-is-layout-flow\">\n<p><strong>\u00ab\u00a0Une suite solide \u00e0 cette s\u00e9rie cin\u00e9matographique cataclysmique, dont les d\u00e9cors grandioses sont ancr\u00e9s dans la peur, l\u2019angoisse et la compassion de ses personnages principaux attachants.\u00a0\u00bb<\/strong> The Daily Beast<\/p>\n<\/blockquote>\n<blockquote class=\"wp-block-quote is-layout-flow wp-block-quote-is-layout-flow\">\n<p><strong>\u00ab\u00a0Le fait de suivre une intrigue fragile et des personnages sans int\u00e9r\u00eat seraient tol\u00e9rables si les sc\u00e8nes de destruction intense \u00e9taient plus captivantes. Au lieu de cela, l\u2019ensemble est d\u2019une fadeur et d\u2019une platitude affligeantes, le film ne peut jamais compter sur un quelconque soutien de la part du r\u00e9cit ou des acteurs. Quelques sc\u00e8nes impressionnantes ne suffisent pas \u00e0 sauver ce Greenland 2. Il est d\u00e9cevant qu\u2019un des films les plus divertissants et inattendus de ces derni\u00e8res ann\u00e9es ait abouti \u00e0 un projet banal et vite oubli\u00e9.\u00a0\u00bb<\/strong>  Next Best Picture<\/p>\n<\/blockquote>\n<p><a href=\"https:\/\/www.ecranlarge.com\/content\/uploads\/2026\/01\/greenland_sg_02628rc.d8b386ee-f105-4b94-96e8-21f50125989b.jpg\" target=\"_blank\" rel=\"noopener\"><\/p>\n<p><img loading=\"lazy\" decoding=\"async\" alt=\"Greenland 2 \/ Greenland Migration\" src=\"https:\/\/www.europesays.com\/fr\/wp-content\/uploads\/2026\/01\/greenland_sg_02628rc.d8b386ee-f105-4b94-96e8-21f50125989b-1260x527.jpg\" width=\"1260\" height=\"527\"  \/><\/p>\n<p><\/a>Attention, \u00e7a va mouiller !<\/p>\n<blockquote class=\"wp-block-quote is-layout-flow wp-block-quote-is-layout-flow\">\n<p><strong>\u00ab\u00a0Greenland : Migration se prend au s\u00e9rieux de la pire des mani\u00e8res ; il veut maintenir une distance de s\u00e9curit\u00e9 avec le monde r\u00e9el, tout en incitant le public \u00e0 verser une larme pour une noblesse imaginaire.\u00a0\u00bb<\/strong> The Guardian<\/p>\n<\/blockquote>\n<blockquote class=\"wp-block-quote is-layout-flow wp-block-quote-is-layout-flow\">\n<p><strong>\u00ab\u00a0Les films Greenland n\u2019ont peut-\u00eatre pas toujours un propos coh\u00e9rent, mais lorsqu\u2019ils se concentrent sur les aspects pratiques de la survie et sur le prix que cette survie impose \u00e0 ces personnages, ce sont des films de genre efficaces et bien r\u00e9alis\u00e9s.\u00a0\u00bb<\/strong> The Wrap<\/p>\n<\/blockquote>\n<blockquote class=\"wp-block-quote is-layout-flow wp-block-quote-is-layout-flow\">\n<p><strong>\u00ab\u00a0La famille Garrity doit porter un fardeau plus lourd avec moins de substance, mais leurs personnages sans relief peinent \u00e0 supporter le fardeau \u00e9motionnel d\u2019un voyage intime o\u00f9 il est question de vie ou de mort, et dont la destination est bien plus absurde que la derni\u00e8re fois.\u00a0\u00bb<\/strong> Indiewire<\/p>\n<\/blockquote>\n<p><a href=\"https:\/\/www.ecranlarge.com\/content\/uploads\/2026\/01\/greenland_unit_240503_00015rc.4d944f28-53cc-4ace-b6fd-2ce23214adb3.png\" target=\"_blank\" rel=\"noopener\"><\/p>\n<p><img loading=\"lazy\" decoding=\"async\" alt=\"Gerard Butler et Morena Baccarin dans Greenland 2 \/ Greenland Migration\" src=\"https:\/\/www.europesays.com\/fr\/wp-content\/uploads\/2026\/01\/greenland_unit_240503_00015rc.4d944f28-53cc-4ace-b6fd-2ce23214adb3-1260x840.png\" width=\"1260\" height=\"840\"  \/><\/p>\n<p><\/a>Gerard, toujours pr\u00eat \u00e0 se battre avec n\u2019importe quoi dans les mains<\/p>\n<blockquote class=\"wp-block-quote is-layout-flow wp-block-quote-is-layout-flow\">\n<p><strong>\u00ab\u00a0Les enjeux sont devenus plus importants, les effets visuels immersifs et magnifiquement rendus sont devenus plus audacieux et les cascades sont devenues plus palpitantes.\u00a0\u00bb<\/strong> Fresh Fiction<\/p>\n<\/blockquote>\n<blockquote class=\"wp-block-quote is-layout-flow wp-block-quote-is-layout-flow\">\n<p><strong>\u00ab\u00a0Greenland : Migration est un navet dystopique. C\u2019est comme la partie centrale ennuyeuse d\u2019un film catastrophe picaresque, sans le d\u00e9marrage spectaculaire ni le d\u00e9nouement accrocheur.\u00a0\u00bb<\/strong> Variety<\/p>\n<\/blockquote>\n<p>Avec une moyenne de 48\/100 sur Metacritic, on comprend peut-\u00eatre un peu mieux pourquoi on n\u2019a toujours pas \u00e9t\u00e9 invit\u00e9 aux projections presse du film. Cette suite semble beaucoup moins solide que le premier volet qui avait pourtant \u00e9t\u00e9 une tr\u00e8s bonne surprise dans le genre, et, en v\u00e9rit\u00e9, \u00e7a nous attriste un peu. \u00c7a ne nous emp\u00eachera pas pour autant de nous jeter dessus <strong inert=\"true\">d\u00e8s ce 14 janvier au cin\u00e9ma.<\/strong><\/p>\n","protected":false},"excerpt":{"rendered":"C\u2019est un rendez-vous annuel : voir Gerard Butler affronter une grosse catastrophe. Cette ann\u00e9e, ce sera avec Greenland&hellip;\n","protected":false},"author":2,"featured_media":651757,"comment_status":"","ping_status":"","sticky":false,"template":"","format":"standard","meta":{"footnotes":""},"categories":[1354],"tags":[58,59,1346,1011,27,1360],"class_list":{"0":"post-651756","1":"post","2":"type-post","3":"status-publish","4":"format-standard","5":"has-post-thumbnail","7":"category-films","8":"tag-divertissement","9":"tag-entertainment","10":"tag-films","11":"tag-fr","12":"tag-france","13":"tag-movies"},"share_on_mastodon":{"url":"https:\/\/pubeurope.com\/@fr\/115865412337856321","error":""},"_links":{"self":[{"href":"https:\/\/www.europesays.com\/fr\/wp-json\/wp\/v2\/posts\/651756","targetHints":{"allow":["GET"]}}],"collection":[{"href":"https:\/\/www.europesays.com\/fr\/wp-json\/wp\/v2\/posts"}],"about":[{"href":"https:\/\/www.europesays.com\/fr\/wp-json\/wp\/v2\/types\/post"}],"author":[{"embeddable":true,"href":"https:\/\/www.europesays.com\/fr\/wp-json\/wp\/v2\/users\/2"}],"replies":[{"embeddable":true,"href":"https:\/\/www.europesays.com\/fr\/wp-json\/wp\/v2\/comments?post=651756"}],"version-history":[{"count":0,"href":"https:\/\/www.europesays.com\/fr\/wp-json\/wp\/v2\/posts\/651756\/revisions"}],"wp:featuredmedia":[{"embeddable":true,"href":"https:\/\/www.europesays.com\/fr\/wp-json\/wp\/v2\/media\/651757"}],"wp:attachment":[{"href":"https:\/\/www.europesays.com\/fr\/wp-json\/wp\/v2\/media?parent=651756"}],"wp:term":[{"taxonomy":"category","embeddable":true,"href":"https:\/\/www.europesays.com\/fr\/wp-json\/wp\/v2\/categories?post=651756"},{"taxonomy":"post_tag","embeddable":true,"href":"https:\/\/www.europesays.com\/fr\/wp-json\/wp\/v2\/tags?post=651756"}],"curies":[{"name":"wp","href":"https:\/\/api.w.org\/{rel}","templated":true}]}}