{"id":651767,"date":"2026-01-09T13:42:13","date_gmt":"2026-01-09T13:42:13","guid":{"rendered":"https:\/\/www.europesays.com\/fr\/651767\/"},"modified":"2026-01-09T13:42:13","modified_gmt":"2026-01-09T13:42:13","slug":"trafic-de-drogue-donald-trump-annonce-des-frappes-au-sol-contre-les-cartels-le-mexique-pourrait-etre-vise-09-01-2026-a-1122","status":"publish","type":"post","link":"https:\/\/www.europesays.com\/fr\/651767\/","title":{"rendered":"Trafic de drogue : Donald Trump annonce des \u00ab\u00a0frappes au sol\u00a0\u00bb contre les cartels, le Mexique pourrait \u00eatre vis\u00e9 &#8211; 09\/01\/2026 \u00e0 11:22"},"content":{"rendered":"<p> La pr\u00e9sidente mexicaine, Claudia Sheinbaum, a d\u00e9j\u00e0 refus\u00e9 par le pass\u00e9 de laisser des troupes am\u00e9ricaines lutter contre les cartels de la drogue qui op\u00e8rent au Mexique.<\/p>\n<p>        <img decoding=\"async\" src=\"https:\/\/www.europesays.com\/fr\/wp-content\/uploads\/2026\/01\/8f20299e699085644f20d041ed48466f-760x507.jpg\" alt=\"Donald Trump \u00e0 Washington, le 6 janvier 2026. ( GETTY IMAGES NORTH AMERICA \/ ALEX WONG )\" loading=\"eager\" fetchpriority=\"high\" width=\"760\" height=\"507\" style=\"max-width: 100%!important; height: auto;\"\/><\/p>\n<p class=\"c-image-news__legend\">Donald Trump \u00e0 Washington, le 6 janvier 2026. ( GETTY IMAGES NORTH AMERICA \/ ALEX WONG )<\/p>\n<p>\n \u00ab\u00a0Les cartels dirigent le Mexique\u00a0\u00bb. Donald Trump a annonc\u00e9 jeudi 8 janvier que les \u00c9tats-Unis allaient mener des \u00ab\u00a0frappes au sol\u00a0\u00bb contre les cartels de la drogue, laissant entendre que des cibles au Mexique pourraient \u00eatre vis\u00e9es. Les forces arm\u00e9es am\u00e9ricaines ont d\u00e9j\u00e0 men\u00e9 ces derni\u00e8res semaines des frappes contre des embarcations maritimes dans les Cara\u00efbes et le Pacifique.\n<\/p>\n<p>\n <strong><br \/>\n  \u00ab\u00a0Nous allons commencer des frappes au sol en ce qui concerne les cartels<br \/>\n <\/strong><br \/>\n . Les cartels dirigent le Mexique. C&rsquo;est tr\u00e8s, tr\u00e8s triste de voir et regarder ce qui est arriv\u00e9 dans ce pays\u00a0\u00bb, a dit le pr\u00e9sident am\u00e9ricain dans une interview sur la cha\u00eene Fox News.\n<\/p>\n<p>\n Donald Trump a incit\u00e9 dimanche<br \/>\n <strong><br \/>\n  le Mexique \u00e0 \u00ab\u00a0se ressaisir\u00a0\u00bb<br \/>\n <\/strong><br \/>\n , apr\u00e8s des mois de pression sur le voisin du sud sur les questions de lutte contre le narcotrafic et de balance commerciale. Le pr\u00e9sident am\u00e9ricain a affirm\u00e9 avoir exhort\u00e9 Claudia Sheinbaum, la pr\u00e9sidente mexicaine, de laisser Washington envoyer des forces am\u00e9ricaines lutter contre les cartels de la drogue qui op\u00e8rent au Mexique, une proposition qu&rsquo;elle avait d\u00e9j\u00e0 rejet\u00e9e par le pass\u00e9, a-t-il dit.\n<\/p>\n<p> Le pr\u00e9c\u00e9dent Maduro<\/p>\n<p>\n Samedi, les forces am\u00e9ricaines ont captur\u00e9 le pr\u00e9sident v\u00e9n\u00e9zu\u00e9lien Nicolas Maduro et son \u00e9pouse, accus\u00e9s de \u00ab\u00a0narcoterrorisme\u00a0\u00bb et d&rsquo;importation de \u00ab\u00a0tonnes de coca\u00efne\u00a0\u00bb par la justice am\u00e9ricaine.\n<\/p>\n<p>\n <strong><br \/>\n  \u00ab\u00a0Le continent am\u00e9ricain appartient aux peuples de chacun des pays qui le forment\u00a0\u00bb<br \/>\n <\/strong><br \/>\n , avait r\u00e9agi Claudia Sheinbaum, suite \u00e0 l&rsquo;enl\u00e8vement de son homologue v\u00e9n\u00e9zu\u00e9lien.\n<\/p>\n<p>\n Les \u00c9tats-Unis ont d\u00e9ploy\u00e9 d\u00e8s cet \u00e9t\u00e9 un important dispositif militaire dans les Cara\u00efbes et bombard\u00e9 des embarcations en provenance du Venezuela au nom de la lutte contre le narcotrafic, des op\u00e9rations \u00e0 la l\u00e9galit\u00e9 mise en doute par des experts, des ONG et des responsables des Nations unies. Jusqu&rsquo;\u00e0 pr\u00e9sent, l&rsquo;administration am\u00e9ricaine n&rsquo;a pas apport\u00e9 de preuves d\u00e9montrant que ces embarcations vis\u00e9es transportent effectivement de la drogue.\n<\/p>\n<p>\n Fin d\u00e9cembre, le pr\u00e9sident am\u00e9ricain avait affirm\u00e9 que les \u00c9tats-Unis avaient d\u00e9truit une zone de mise \u00e0 quai utilis\u00e9e par des bateaux accus\u00e9s de participer au narcotrafic au Venezuela.<\/p>\n","protected":false},"excerpt":{"rendered":"La pr\u00e9sidente mexicaine, Claudia Sheinbaum, a d\u00e9j\u00e0 refus\u00e9 par le pass\u00e9 de laisser des troupes am\u00e9ricaines lutter contre&hellip;\n","protected":false},"author":2,"featured_media":651768,"comment_status":"","ping_status":"","sticky":false,"template":"","format":"standard","meta":{"footnotes":""},"categories":[5],"tags":[400,11,398,408,405,1011,27,403,14,402,399,404,12,401,406,407,28],"class_list":{"0":"post-651767","1":"post","2":"type-post","3":"status-publish","4":"format-standard","5":"has-post-thumbnail","7":"category-international","8":"tag-action-cac-40","9":"tag-actualites","10":"tag-bourse-de-paris","11":"tag-boursorama","12":"tag-cotations","13":"tag-fr","14":"tag-france","15":"tag-indices-devises","16":"tag-international","17":"tag-investir","18":"tag-investissement","19":"tag-marche-boursier","20":"tag-news","21":"tag-sicav","22":"tag-trackers","23":"tag-warrants","24":"tag-world"},"share_on_mastodon":{"url":"https:\/\/pubeurope.com\/@fr\/115865435846851505","error":""},"_links":{"self":[{"href":"https:\/\/www.europesays.com\/fr\/wp-json\/wp\/v2\/posts\/651767","targetHints":{"allow":["GET"]}}],"collection":[{"href":"https:\/\/www.europesays.com\/fr\/wp-json\/wp\/v2\/posts"}],"about":[{"href":"https:\/\/www.europesays.com\/fr\/wp-json\/wp\/v2\/types\/post"}],"author":[{"embeddable":true,"href":"https:\/\/www.europesays.com\/fr\/wp-json\/wp\/v2\/users\/2"}],"replies":[{"embeddable":true,"href":"https:\/\/www.europesays.com\/fr\/wp-json\/wp\/v2\/comments?post=651767"}],"version-history":[{"count":0,"href":"https:\/\/www.europesays.com\/fr\/wp-json\/wp\/v2\/posts\/651767\/revisions"}],"wp:featuredmedia":[{"embeddable":true,"href":"https:\/\/www.europesays.com\/fr\/wp-json\/wp\/v2\/media\/651768"}],"wp:attachment":[{"href":"https:\/\/www.europesays.com\/fr\/wp-json\/wp\/v2\/media?parent=651767"}],"wp:term":[{"taxonomy":"category","embeddable":true,"href":"https:\/\/www.europesays.com\/fr\/wp-json\/wp\/v2\/categories?post=651767"},{"taxonomy":"post_tag","embeddable":true,"href":"https:\/\/www.europesays.com\/fr\/wp-json\/wp\/v2\/tags?post=651767"}],"curies":[{"name":"wp","href":"https:\/\/api.w.org\/{rel}","templated":true}]}}