{"id":65177,"date":"2025-04-30T20:00:14","date_gmt":"2025-04-30T20:00:14","guid":{"rendered":"https:\/\/www.europesays.com\/fr\/65177\/"},"modified":"2025-04-30T20:00:14","modified_gmt":"2025-04-30T20:00:14","slug":"pres-de-23-millions-de-passagers-au-premier-trimestre-dans-les-aeroports-franciliens","status":"publish","type":"post","link":"https:\/\/www.europesays.com\/fr\/65177\/","title":{"rendered":"Pr\u00e8s de 23 millions de passagers au premier trimestre dans les a\u00e9roports franciliens"},"content":{"rendered":"<p>Les a\u00e9roports parisiens ont accueilli pr\u00e8s de 23 millions de passagers au premier trimestre. Un chiffre en hausse de 4,5 % par rapport au premier trimestre 2024 mais ne repr\u00e9sentant encore que 96,8% du trafic passagers du premier trimestre 2019 (p\u00e9riode pr\u00e9-crise Covid).<\/p>\n<p>Toutefois, le trafic du mois de mars (8 millions de passagers, +0,7%) a \u00e9t\u00e9 impact\u00e9 par \u00ab deux effets calendaires \u00bb, souligne le groupe ADP : \u00ab Le mois de Ramadan, qui s\u2019est int\u00e9gralement d\u00e9roul\u00e9 en mars cette ann\u00e9e, a un impact d\u00e9favorable sur le trafic passagers 2025 avec certaines destinations \u00bb quand, \u00ab \u00e0 l\u2019inverse, la p\u00e9riode de P\u00e2ques avait stimul\u00e9 le trafic en mars 2024, cr\u00e9ant un effet de base d\u00e9favorable \u00bb.<\/p>\n<p>Dans le d\u00e9tail, l\u2019a\u00e9roport Paris Charles-de-Gaulle a vu passer 15,9 millions de passagers au premier trimestre (+5,6%) tandis que l\u2019a\u00e9roport d\u2019Orly en a accueilli 7 millions (+2,2%).<\/p>\n","protected":false},"excerpt":{"rendered":"Les a\u00e9roports parisiens ont accueilli pr\u00e8s de 23 millions de passagers au premier trimestre. Un chiffre en hausse&hellip;\n","protected":false},"author":2,"featured_media":65178,"comment_status":"","ping_status":"","sticky":false,"template":"","format":"standard","meta":{"footnotes":""},"categories":[1592],"tags":[17,1111,11,16480,16481,1777,674,1011,27,16482,662,12,16483,626,13642,7660,25,16484,1945,16485,2292,1125],"class_list":{"0":"post-65177","1":"post","2":"type-post","3":"status-publish","4":"format-standard","5":"has-post-thumbnail","7":"category-ile-de-france","8":"tag-17","9":"tag-actu","10":"tag-actualites","11":"tag-au00e9roport-paris-orly","12":"tag-au00e9roport-paris-charles-de-gaulle","13":"tag-eu","14":"tag-europe","15":"tag-fr","16":"tag-france","17":"tag-groupe-adp","18":"tag-ile-de-france","19":"tag-news","20":"tag-orly","21":"tag-paris","22":"tag-passagers","23":"tag-premier-trimestre","24":"tag-republique-francaise","25":"tag-roissy","26":"tag-seine-saint-denis","27":"tag-trafic-passagers","28":"tag-val-doise","29":"tag-val-de-marne"},"share_on_mastodon":{"url":"https:\/\/pubeurope.com\/@fr\/114428695274782190","error":""},"_links":{"self":[{"href":"https:\/\/www.europesays.com\/fr\/wp-json\/wp\/v2\/posts\/65177","targetHints":{"allow":["GET"]}}],"collection":[{"href":"https:\/\/www.europesays.com\/fr\/wp-json\/wp\/v2\/posts"}],"about":[{"href":"https:\/\/www.europesays.com\/fr\/wp-json\/wp\/v2\/types\/post"}],"author":[{"embeddable":true,"href":"https:\/\/www.europesays.com\/fr\/wp-json\/wp\/v2\/users\/2"}],"replies":[{"embeddable":true,"href":"https:\/\/www.europesays.com\/fr\/wp-json\/wp\/v2\/comments?post=65177"}],"version-history":[{"count":0,"href":"https:\/\/www.europesays.com\/fr\/wp-json\/wp\/v2\/posts\/65177\/revisions"}],"wp:featuredmedia":[{"embeddable":true,"href":"https:\/\/www.europesays.com\/fr\/wp-json\/wp\/v2\/media\/65178"}],"wp:attachment":[{"href":"https:\/\/www.europesays.com\/fr\/wp-json\/wp\/v2\/media?parent=65177"}],"wp:term":[{"taxonomy":"category","embeddable":true,"href":"https:\/\/www.europesays.com\/fr\/wp-json\/wp\/v2\/categories?post=65177"},{"taxonomy":"post_tag","embeddable":true,"href":"https:\/\/www.europesays.com\/fr\/wp-json\/wp\/v2\/tags?post=65177"}],"curies":[{"name":"wp","href":"https:\/\/api.w.org\/{rel}","templated":true}]}}